{"id":924,"date":"2021-12-16T14:37:01","date_gmt":"2021-12-16T14:37:01","guid":{"rendered":"https:\/\/mischdesign.hu\/miklosimuzeum\/?p=924"},"modified":"2022-08-18T15:43:45","modified_gmt":"2022-08-18T15:43:45","slug":"simontsits-matyas-varosunk-elso-kororvosa","status":"publish","type":"post","link":"https:\/\/miklosimuzeum.hu\/en\/2021\/12\/16\/simontsits-matyas-varosunk-elso-kororvosa\/","title":{"rendered":"Simontsits M\u00e1ty\u00e1s, v\u00e1rosunk els\u0151 k\u00f6rorvosa"},"content":{"rendered":"<p><strong>Id\u00e9n 180 \u00e9ve sz\u00fcletett Szigetszentmikl\u00f3s, Csepel \u00e9s T\u00f6k\u00f6l els\u0151 k\u00f6rorvosa, Simontsits M\u00e1ty\u00e1s. A nagy tiszteletben \u00e1ll\u00f3 seb\u00e9sz majdnem 60 \u00e9ven kereszt\u00fcl szolg\u00e1lta a k\u00f6rny\u00e9k lakoss\u00e1g\u00e1t. S\u00edrja a szigetszentmikl\u00f3si temet\u0151 d\u00edszparcell\u00e1j\u00e1ban tal\u00e1lhat\u00f3, nev\u00e9t pedig utca viseli v\u00e1rosunkban. L\u00e1ssuk, mit \u00edrt Imre b\u00e1csi a nagyszer\u0171 orvosr\u00f3l 1989-ben a Csepeli h\u00edrad\u00f3 has\u00e1bjain!<\/strong><\/p>\n\n\n\n<h2 class=\"wp-block-heading\">A gyerekek gy\u00f3gy\u00edt\u00f3ja<\/h2>\n\n\n<div class=\"wp-block-image\">\n<figure class=\"alignleft size-large is-resized\"><a href=\"https:\/\/mischdesign.hu\/miklosimuzeum\/wp-content\/uploads\/2022\/08\/16-1.jpg\"><img fetchpriority=\"high\" decoding=\"async\" src=\"https:\/\/mischdesign.hu\/miklosimuzeum\/wp-content\/uploads\/2022\/08\/16-1-739x1024.jpg\" alt=\"\" class=\"wp-image-925\" width=\"231\" height=\"320\"\/><\/a><figcaption>Simontsits doktor<\/figcaption><\/figure>\n<\/div>\n\n\n<p>A szigetszentmikl\u00f3si temet\u0151 ravataloz\u00f3ja mellett tal\u00e1lhat\u00f3 d\u00edsz-s\u00edrhely parcella, itt \u00c1d\u00e1m Jen\u0151, Kossuth-d\u00edjas zeneszerz\u0151nk, Kocsis L\u00e1szl\u00f3 fest\u0151, Kom\u00e1romi Alajos, Kossuth f\u0151hadnagya, a Nemzeti Sz\u00ednh\u00e1z \u00f6r\u00f6k\u00f6s tagja mellett tal\u00e1lhat\u00f3 egy \u00f6reg s\u00edrk\u0151. A falu els\u0151 orvos\u00e1nak emelt cs\u00facsos, sz\u00fcrke k\u00f6v\u00f6n az al\u00e1bbi felirat olvashat\u00f3: \u201eItt nyugszik Simontsits M\u00e1ty\u00e1s Szigetszentmikl\u00f3s k\u00f6zs\u00e9g volt orvosa, Csepel \u00e9s T\u00f6k\u00f6l k\u00f6zs\u00e9geknek \u00e9vtizedeken \u00e1t k\u00f6rorvosa. \u00c9lt 85 \u00e9vet, meghalt 1924. m\u00e1jus 11-\u00e9n, orvosi m\u0171k\u00f6d\u00e9s\u00e9nek 58. \u00e9v\u00e9ben. \u00c1ld\u00e1s \u00e9s b\u00e9ke lengjen porai felett.\u201d<\/p>\n\n\n\n<p>Ki volt ez az ember?<\/p>\n\n\n\n<p>Az orvos unok\u00e1ja a Mikl\u00f3si M\u00fazeumnak aj\u00e1nd\u00e9kozta a nagyapa \u201ekutyab\u0151r\u201d oklevel\u00e9t, csal\u00e1di okm\u00e1nyait, &#8211; ezekb\u0151l az \u00e9letrajza \u00edgy \u00e1ll\u00edthat\u00f3 \u00f6ssze.<\/p>\n\n\n<div class=\"wp-block-image\">\n<figure class=\"alignright size-large is-resized\"><a href=\"https:\/\/mischdesign.hu\/miklosimuzeum\/wp-content\/uploads\/2022\/08\/16b.jpg\"><img decoding=\"async\" src=\"https:\/\/mischdesign.hu\/miklosimuzeum\/wp-content\/uploads\/2022\/08\/16b-529x1024.jpg\" alt=\"\" class=\"wp-image-926\" width=\"244\" height=\"472\"\/><\/a><figcaption>A pest megyei k\u00f6zponti tiszti f\u0151orvos Szigetszentmikl\u00f3s el\u00f6lj\u00e1r\u00f3inak \u00edrott aj\u00e1nl\u00e1s a tehets\u00e9ges Simontsits doktorr\u00f3l<\/figcaption><\/figure>\n<\/div>\n\n\n<p>1841-ben sz\u00fcletett, orvosi diplom\u00e1j\u00e1t Pesten szerezte. Az egyetem elv\u00e9gz\u00e9se ut\u00e1n a Pest megye k\u00f6zponti tiszti f\u0151orvos\u00e1nak aj\u00e1nl\u00f3 levele alapj\u00e1n ker\u00fclt Szigetszentmikl\u00f3sra. Az aj\u00e1nl\u00f3lev\u00e9l \u00edgy jellemzi a fiatal orvost: \u201e A Tisztelt Szigetszentmikl\u00f3s K\u00f6zs\u00e9g \u00c9rdemd\u00fas El\u00f6lj\u00e1r\u00f3s\u00e1g\u00e1nak, &#8211; Simontsits M\u00e1ty\u00e1s okleveles seb\u00e9sz urat, kit, mint alapos k\u00e9pess\u00e9g\u0171, buzg\u00f3 \u00e9s ernyedetlen szorgalm\u00fa \u00e9s j\u00f3 magaviselet\u0171 egy\u00e9nt huzamosabb id\u0151 \u00f3ta ismerv\u00e9n, a k\u00f6zs\u00e9gi orvosi \u00e1ll\u00e1sra minden tekintetben m\u00e9lt\u00f3nak tal\u00e1lok, a K\u00f6zs\u00e9gi \u00c9rdemd\u00fas El\u00f6lj\u00e1r\u00f3inak, valamint a v\u00e1laszt\u00f3 k\u00f6z\u00f6ns\u00e9g\u00e9nek sz\u00edves p\u00e1rtfog\u00e1s\u00e1ba aj\u00e1nlom.\u201d<\/p>\n\n\n\n<p>Al\u00e1\u00edt\u00e1s, pecs\u00e9t, d\u00e1tum: 1868. \u00e9v augusztus h\u00f3 25-\u00e9n dr. Koncz J\u00e1nos Csepel k\u00f6zs\u00e9g f\u0151jegyz\u0151j\u00e9nek t\u00e1mogat\u00e1s\u00e1val k\u00e9sz\u00fclt, Per\u00e9nyi J\u00f3zsef tan\u00edt\u00f3 \u00far \u00e1ltal \u00edrt 1934-ben kiadott \u201eCsepel\u201d c\u00edm\u0171 k\u00f6nyv\u00e9ben ez a jellemz\u00e9s \u00e1ll Simontsits M\u00e1ty\u00e1s seb\u00e9sz \u00farr\u00f3l: \u201eAz 1885-1887 \u00e9vi feketehiml\u0151 j\u00e1rv\u00e1ny idej\u00e9n alig volt h\u00e1z, amelynek halottja ne lett volna, k\u00fcl\u00f6n\u00f6sen a gyermekek k\u00f6z\u00fcl szedte \u00e1ldozat\u00e1t. A j\u00e1rv\u00e1ny idej\u00e9n igen nagy munk\u00e1t v\u00e9gzett, nagy szolg\u00e1latot teljes\u00edtett a k\u00f6z\u00fcgyeknek Simontsis M\u00e1ty\u00e1s k\u00f6rorvos, aki keresett \u00e9s n\u00e9pszer\u0171 orvos volt (102. oldal) (Az eml\u00edtett himl\u0151j\u00e1rv\u00e1ny k\u00e9t \u00e9v\u00e9ben k\u00f6zel 70 gyermek halt meg Csepelen \u00e9s Szentmikl\u00f3son).<\/p>\n\n\n\n<p>A k\u00f6ztiszteletben \u00e1ll\u00f3 orvos, 46 \u00e9vi hossz\u00fa szolg\u00e1lat ut\u00e1n, 1914 janu\u00e1rj\u00e1ban vonult nyugd\u00edjba. Ez alkalommal ez\u00fcst serleggel k\u00f6sz\u00f6nt\u00f6tte Szentmikl\u00f3s k\u00f6zs\u00e9g el\u00f6lj\u00e1r\u00f3s\u00e1ga. De alig ment nyugd\u00edjba, j\u00f6tt az els\u0151 vil\u00e1gh\u00e1bor\u00fa, a falu fiatal orvos\u00e1t elvitt\u00e9k a frontra, s a nyugd\u00edjas orvos \u00fajb\u00f3l szolg\u00e1latba \u00e1llt \u00e9s maradt hal\u00e1l\u00e1ig: 58 \u00e9vig.<\/p>\n\n\n\n<p>A k\u00f6rorvos hal\u00e1l\u00e1nak 65. \u00e9vfordul\u00f3j\u00e1n \u2013 ez \u00e9v m\u00e1jus 11-\u00e9n volt \u2013 tisztelettel megeml\u00e9kez\u00fcnk p\u00e9ld\u00e1s \u00e9let\u00e9r\u0151l, munk\u00e1ss\u00e1g\u00e1r\u00f3l. Nem tudom, hogy Csepel mai lak\u00f3inak esz\u00e9be jutott-e, a \u201ebuzg\u00f3, ernyedetlen \u00e9s j\u00f3 magaviselet\u0171 seb\u00e9sz \u00far\u201d? Tal\u00e1n egy utc\u00e1t, mondjuk csak \u201eM\u00e1ty\u00e1s utc\u00e1nak\u201d, meg\u00e9rdemeln\u00e9 a XXI. ker\u00fcletben is.<\/p>\n\n\n\n<p>V\u00f6\u0151 Imre<\/p>\n\n\n<div class=\"wp-block-image\">\n<figure class=\"aligncenter size-large is-resized\"><a href=\"https:\/\/mischdesign.hu\/miklosimuzeum\/wp-content\/uploads\/2022\/08\/16c.jpg\"><img decoding=\"async\" src=\"https:\/\/mischdesign.hu\/miklosimuzeum\/wp-content\/uploads\/2022\/08\/16c-1024x864.jpg\" alt=\"\" class=\"wp-image-927\" width=\"451\" height=\"380\"\/><\/a><figcaption>A \u201ekutyab\u0151r\u201d orvosi egyetemi oklev\u00e9l kiter\u00edtve.<\/figcaption><\/figure>\n<\/div>","protected":false},"excerpt":{"rendered":"<p>Id\u00e9n 180 \u00e9ve sz\u00fcletett Szigetszentmikl\u00f3s, Csepel \u00e9s T\u00f6k\u00f6l els\u0151 k\u00f6rorvosa, Simontsits M\u00e1ty\u00e1s. A nagy tiszteletben \u00e1ll\u00f3 seb\u00e9sz majdnem 60 \u00e9ven kereszt\u00fcl szolg\u00e1lta a k\u00f6rny\u00e9k lakoss\u00e1g\u00e1t. S\u00edrja a szigetszentmikl\u00f3si temet\u0151 d\u00edszparcell\u00e1j\u00e1ban tal\u00e1lhat\u00f3, nev\u00e9t pedig utca viseli v\u00e1rosunkban. L\u00e1ssuk, mit \u00edrt Imre b\u00e1csi a nagyszer\u0171 orvosr\u00f3l 1989-ben a Csepeli h\u00edrad\u00f3 has\u00e1bjain! A gyerekek gy\u00f3gy\u00edt\u00f3ja A szigetszentmikl\u00f3si temet\u0151 [&hellip;]<\/p>","protected":false},"author":1,"featured_media":925,"comment_status":"open","ping_status":"open","sticky":false,"template":"","format":"standard","meta":{"ub_ctt_via":"","ocean_post_layout":"","ocean_both_sidebars_style":"","ocean_both_sidebars_content_width":0,"ocean_both_sidebars_sidebars_width":0,"ocean_sidebar":"0","ocean_second_sidebar":"0","ocean_disable_margins":"enable","ocean_add_body_class":"","ocean_shortcode_before_top_bar":"","ocean_shortcode_after_top_bar":"","ocean_shortcode_before_header":"","ocean_shortcode_after_header":"","ocean_has_shortcode":"","ocean_shortcode_after_title":"","ocean_shortcode_before_footer_widgets":"","ocean_shortcode_after_footer_widgets":"","ocean_shortcode_before_footer_bottom":"","ocean_shortcode_after_footer_bottom":"","ocean_display_top_bar":"default","ocean_display_header":"default","ocean_header_style":"","ocean_center_header_left_menu":"0","ocean_custom_header_template":"0","ocean_custom_logo":0,"ocean_custom_retina_logo":0,"ocean_custom_logo_max_width":0,"ocean_custom_logo_tablet_max_width":0,"ocean_custom_logo_mobile_max_width":0,"ocean_custom_logo_max_height":0,"ocean_custom_logo_tablet_max_height":0,"ocean_custom_logo_mobile_max_height":0,"ocean_header_custom_menu":"0","ocean_menu_typo_font_family":"0","ocean_menu_typo_font_subset":"","ocean_menu_typo_font_size":0,"ocean_menu_typo_font_size_tablet":0,"ocean_menu_typo_font_size_mobile":0,"ocean_menu_typo_font_size_unit":"px","ocean_menu_typo_font_weight":"","ocean_menu_typo_font_weight_tablet":"","ocean_menu_typo_font_weight_mobile":"","ocean_menu_typo_transform":"","ocean_menu_typo_transform_tablet":"","ocean_menu_typo_transform_mobile":"","ocean_menu_typo_line_height":0,"ocean_menu_typo_line_height_tablet":0,"ocean_menu_typo_line_height_mobile":0,"ocean_menu_typo_line_height_unit":"","ocean_menu_typo_spacing":0,"ocean_menu_typo_spacing_tablet":0,"ocean_menu_typo_spacing_mobile":0,"ocean_menu_typo_spacing_unit":"","ocean_menu_link_color":"","ocean_menu_link_color_hover":"","ocean_menu_link_color_active":"","ocean_menu_link_background":"","ocean_menu_link_hover_background":"","ocean_menu_link_active_background":"","ocean_menu_social_links_bg":"","ocean_menu_social_hover_links_bg":"","ocean_menu_social_links_color":"","ocean_menu_social_hover_links_color":"","ocean_disable_title":"default","ocean_disable_heading":"default","ocean_post_title":"","ocean_post_subheading":"","ocean_post_title_style":"","ocean_post_title_background_color":"","ocean_post_title_background":0,"ocean_post_title_bg_image_position":"","ocean_post_title_bg_image_attachment":"","ocean_post_title_bg_image_repeat":"","ocean_post_title_bg_image_size":"","ocean_post_title_height":0,"ocean_post_title_bg_overlay":0.5,"ocean_post_title_bg_overlay_color":"","ocean_disable_breadcrumbs":"default","ocean_breadcrumbs_color":"","ocean_breadcrumbs_separator_color":"","ocean_breadcrumbs_links_color":"","ocean_breadcrumbs_links_hover_color":"","ocean_display_footer_widgets":"default","ocean_display_footer_bottom":"default","ocean_custom_footer_template":"0","ocean_post_oembed":"","ocean_post_self_hosted_media":"","ocean_post_video_embed":"","ocean_link_format":"","ocean_link_format_target":"self","ocean_quote_format":"","ocean_quote_format_link":"post","ocean_gallery_link_images":"off","ocean_gallery_id":[],"footnotes":""},"categories":[11],"tags":[22,74,12],"class_list":["post-924","post","type-post","status-publish","format-standard","has-post-thumbnail","hentry","category-blog","tag-evfordulo","tag-orvos","tag-voo-imre","entry","has-media"],"featured_image_src":"https:\/\/miklosimuzeum.hu\/wp-content\/uploads\/2022\/08\/16-1.jpg","author_info":{"display_name":"Miss N\u00e1ndor","author_link":"https:\/\/miklosimuzeum.hu\/en\/author\/admin\/"},"rttpg_featured_image_url":{"full":["https:\/\/miklosimuzeum.hu\/wp-content\/uploads\/2022\/08\/16-1.jpg",1200,1663,false],"landscape":["https:\/\/miklosimuzeum.hu\/wp-content\/uploads\/2022\/08\/16-1.jpg",1200,1663,false],"portraits":["https:\/\/miklosimuzeum.hu\/wp-content\/uploads\/2022\/08\/16-1.jpg",1200,1663,false],"thumbnail":["https:\/\/miklosimuzeum.hu\/wp-content\/uploads\/2022\/08\/16-1-150x150.jpg",150,150,true],"medium":["https:\/\/miklosimuzeum.hu\/wp-content\/uploads\/2022\/08\/16-1-216x300.jpg",216,300,true],"large":["https:\/\/miklosimuzeum.hu\/wp-content\/uploads\/2022\/08\/16-1-739x1024.jpg",739,1024,true],"1536x1536":["https:\/\/miklosimuzeum.hu\/wp-content\/uploads\/2022\/08\/16-1-1108x1536.jpg",1108,1536,true],"2048x2048":["https:\/\/miklosimuzeum.hu\/wp-content\/uploads\/2022\/08\/16-1.jpg",1200,1663,false],"trp-custom-language-flag":["https:\/\/miklosimuzeum.hu\/wp-content\/uploads\/2022\/08\/16-1.jpg",9,12,false],"ocean-thumb-m":["https:\/\/miklosimuzeum.hu\/wp-content\/uploads\/2022\/08\/16-1-600x600.jpg",600,600,true],"ocean-thumb-ml":["https:\/\/miklosimuzeum.hu\/wp-content\/uploads\/2022\/08\/16-1-800x450.jpg",800,450,true],"ocean-thumb-l":["https:\/\/miklosimuzeum.hu\/wp-content\/uploads\/2022\/08\/16-1-1200x700.jpg",1200,700,true]},"rttpg_author":{"display_name":"Miss N\u00e1ndor","author_link":"https:\/\/miklosimuzeum.hu\/en\/author\/admin\/"},"rttpg_comment":0,"rttpg_category":"<a href=\"https:\/\/miklosimuzeum.hu\/en\/category\/blog\/\" rel=\"category tag\">Blog<\/a>","rttpg_excerpt":"Id\u00e9n 180 \u00e9ve sz\u00fcletett Szigetszentmikl\u00f3s, Csepel \u00e9s T\u00f6k\u00f6l els\u0151 k\u00f6rorvosa, Simontsits M\u00e1ty\u00e1s. A nagy tiszteletben \u00e1ll\u00f3 seb\u00e9sz majdnem 60 \u00e9ven kereszt\u00fcl szolg\u00e1lta a k\u00f6rny\u00e9k lakoss\u00e1g\u00e1t. S\u00edrja a szigetszentmikl\u00f3si temet\u0151 d\u00edszparcell\u00e1j\u00e1ban tal\u00e1lhat\u00f3, nev\u00e9t pedig utca viseli v\u00e1rosunkban. L\u00e1ssuk, mit \u00edrt Imre b\u00e1csi a nagyszer\u0171 orvosr\u00f3l 1989-ben a Csepeli h\u00edrad\u00f3 has\u00e1bjain! A gyerekek gy\u00f3gy\u00edt\u00f3ja A szigetszentmikl\u00f3si temet\u0151&hellip;","_links":{"self":[{"href":"https:\/\/miklosimuzeum.hu\/en\/wp-json\/wp\/v2\/posts\/924","targetHints":{"allow":["GET"]}}],"collection":[{"href":"https:\/\/miklosimuzeum.hu\/en\/wp-json\/wp\/v2\/posts"}],"about":[{"href":"https:\/\/miklosimuzeum.hu\/en\/wp-json\/wp\/v2\/types\/post"}],"author":[{"embeddable":true,"href":"https:\/\/miklosimuzeum.hu\/en\/wp-json\/wp\/v2\/users\/1"}],"replies":[{"embeddable":true,"href":"https:\/\/miklosimuzeum.hu\/en\/wp-json\/wp\/v2\/comments?post=924"}],"version-history":[{"count":1,"href":"https:\/\/miklosimuzeum.hu\/en\/wp-json\/wp\/v2\/posts\/924\/revisions"}],"predecessor-version":[{"id":928,"href":"https:\/\/miklosimuzeum.hu\/en\/wp-json\/wp\/v2\/posts\/924\/revisions\/928"}],"wp:featuredmedia":[{"embeddable":true,"href":"https:\/\/miklosimuzeum.hu\/en\/wp-json\/wp\/v2\/media\/925"}],"wp:attachment":[{"href":"https:\/\/miklosimuzeum.hu\/en\/wp-json\/wp\/v2\/media?parent=924"}],"wp:term":[{"taxonomy":"category","embeddable":true,"href":"https:\/\/miklosimuzeum.hu\/en\/wp-json\/wp\/v2\/categories?post=924"},{"taxonomy":"post_tag","embeddable":true,"href":"https:\/\/miklosimuzeum.hu\/en\/wp-json\/wp\/v2\/tags?post=924"}],"curies":[{"name":"wp","href":"https:\/\/api.w.org\/{rel}","templated":true}]}}