{"id":918,"date":"2021-12-09T14:32:53","date_gmt":"2021-12-09T14:32:53","guid":{"rendered":"https:\/\/mischdesign.hu\/miklosimuzeum\/?p=918"},"modified":"2022-08-18T15:43:30","modified_gmt":"2022-08-18T15:43:30","slug":"haros-falu-maradvanyai","status":"publish","type":"post","link":"https:\/\/miklosimuzeum.hu\/en\/2021\/12\/09\/haros-falu-maradvanyai\/","title":{"rendered":"H\u00e1ros falu maradv\u00e1nyai"},"content":{"rendered":"<p><strong>M\u00falt h\u00e9ten olvashatt\u00e1k a t\u00f6r\u00f6k-korr\u00f3l val\u00f3 \u00f6sszefoglal\u00f3nkat. A sz\u00f6vegben eml\u00edtett H\u00e1ros falut az 1960-as \u00e9vekben tal\u00e1lt\u00e1k meg, \u00e9s el\u00e9g komoly r\u00e9g\u00e9szeti \u00e1sat\u00e1s is zajlott a helysz\u00ednen. A szakemberek egy sor \u00e9rdekess\u00e9get tal\u00e1ltak a falu hely\u00e9n: a n\u00e9hai templom a tat\u00e1rj\u00e1r\u00e1sban pusztulhatott el, \u00e9s a felgy\u00fajt\u00e1sakor a falusiak k\u00f6z\u00fcl t\u00f6bben is odaveszhettek. A falu a t\u00f6r\u00f6k korban (vagy m\u00e1r el\u0151tte) elt\u0171nt, de nev\u00e9t a ma m\u00e1r Csepelhez tartoz\u00f3 ter\u00fclet neve m\u00e9g mindig \u0151rzi. L\u00e1ssuk, mit \u00edrt az \u00e1sat\u00e1s eredm\u00e9nyeir\u0151l V\u00f6\u0151 Imre b\u00e1csi 1976-ban a F\u00e9nysz\u00f3r\u00f3ban!<\/strong><\/p>\n\n\n\n<figure class=\"wp-block-gallery has-nested-images columns-default is-cropped wp-block-gallery-1 is-layout-flex wp-block-gallery-is-layout-flex\">\n<figure class=\"wp-block-image size-large\"><a href=\"https:\/\/mischdesign.hu\/miklosimuzeum\/wp-content\/uploads\/2022\/08\/09a.jpg\"><img fetchpriority=\"high\" decoding=\"async\" width=\"1024\" height=\"675\" data-id=\"921\" src=\"https:\/\/mischdesign.hu\/miklosimuzeum\/wp-content\/uploads\/2022\/08\/09a-1024x675.jpg\" alt=\"\" class=\"wp-image-921\"\/><\/a><figcaption>A maradv\u00e1nyok felt\u00e1r\u00e1sa<\/figcaption><\/figure>\n\n\n\n<figure class=\"wp-block-image size-large\"><a href=\"https:\/\/mischdesign.hu\/miklosimuzeum\/wp-content\/uploads\/2022\/08\/09b.jpg\"><img decoding=\"async\" width=\"1024\" height=\"675\" data-id=\"920\" src=\"https:\/\/mischdesign.hu\/miklosimuzeum\/wp-content\/uploads\/2022\/08\/09b-1024x675.jpg\" alt=\"\" class=\"wp-image-920\"\/><\/a><figcaption>H\u00e1ros falu k\u00f6vei<\/figcaption><\/figure>\n\n\n\n<figure class=\"wp-block-image size-large\"><a href=\"https:\/\/mischdesign.hu\/miklosimuzeum\/wp-content\/uploads\/2022\/08\/09d.jpg\"><img decoding=\"async\" width=\"1024\" height=\"583\" data-id=\"919\" src=\"https:\/\/mischdesign.hu\/miklosimuzeum\/wp-content\/uploads\/2022\/08\/09d-1024x583.jpg\" alt=\"\" class=\"wp-image-919\"\/><\/a><figcaption>V\u00f6\u0151 Imre feljegyz\u00e9se a felt\u00e1r\u00e1sr\u00f3l 1976-ban<\/figcaption><\/figure>\n<\/figure>\n\n\n\n<h2 class=\"wp-block-heading\">H\u00e1ros k\u00f6z\u00e9pkori falu romjai<\/h2>\n\n\n\n<p>Az elm\u00falt tavasszal h\u00e1z\u00e9p\u00edt\u00e9skor a Nagy-Duna partj\u00e1n term\u00e9sk\u0151 alapra bukkantak egy telek tulajdonosai. Ki akart\u00e1k emelni a k\u00f6veket, de azok egym\u00e1shoz voltak k\u00f6t\u0151dve, malterozva. A csal\u00e1d fiatalabb tagjai k\u00edv\u00e1ncsiak voltak, hogy meddig \u00e9s milyen m\u00e9lyen van a fal, neki\u00e1lltak, \u00e9s elkezdt\u00e9k ki\u00e1sni. Az eredm\u00e9ny: 130 cm-re el\u00e9rt\u00e9k a fal alj\u00e1t \u00e9s egy t\u00e9glalap alak\u00fa \u00e9p\u00edtm\u00e9ny alapjai bukkantak el\u0151. Amikor ki\u00e1st\u00e1k, rengeteg k\u00f6z\u00e9pkori t\u00e9gla, tet\u0151cser\u00e9p darabjai, padl\u00f3t\u00e9gl\u00e1k \u00e9s t\u00f6bb emberi csontv\u00e1z ker\u00fclt el\u0151. A leletekr\u0151l \u00e9s a falmaradv\u00e1nyr\u00f3l \u00e9rtes\u00edtett\u00e9k a mikl\u00f3si m\u00fazeumot D. Gere J\u00f3zsef asztalos unok\u00e1i. A helysz\u00edn megtekint\u00e9se ut\u00e1n meg\u00e1llap\u00edtott\u00e1k, a most el\u0151ker\u00fclt falak a k\u00f6z\u00e9pkori H\u00e1ros falu templom\u00e1nak tartoz\u00e9ka, a torony alapja. A szomsz\u00e9d telken a f\u00f6ld alatt h\u00faz\u00f3dik a volt Tere-T\u00f3th f\u00e9le f\u00f6ldben a templom tov\u00e1bbi r\u00e9sze. A megyei m\u00fazeum r\u00e9g\u00e9sze, dr. Tettamanti Sarolta a helysz\u00ednt megtekintette \u00e9s a rom felt\u00e1r\u00e1st \u00e9rdemesnek tartotta \u00e9s hiteles\u00edtette.<\/p>\n\n\n\n<p>R\u00e9g\u00f3ta tudjuk, hogy itt templom volt, hiszen minden sz\u00e1nt\u00e1skor szek\u00e9rder\u00e9knyi term\u00e9sk\u00f6vet forgatott ki az eke. A f\u00f6ld gazd\u00e1ja pedig egy f\u00e9l h\u00e1zra val\u00f3 term\u00e9sk\u00f6vet hordott be a faluba \u00e9s ebb\u0151l \u00e9p\u00edtette n\u00e1df\u00f6deles h\u00e1z\u00e1t a m\u00falt sz\u00e1zad k\u00f6zep\u00e9n. Nemr\u00e9giben az ut\u00f3dok elbontott\u00e1k a r\u00e9gi h\u00e1zat, \u00e9s akkor r\u00f3mai er\u0151d\u00edtm\u00e9ny egyik k\u00f6v\u00e9t ismertem fel.<\/p>\n\n\n\n<p>H\u00e1ros falu neve IV. B\u00e9la kir\u00e1lyunk idej\u00e9ben, az 1264. okt\u00f3ber 14-\u00e9n keltezett cs\u00fati adom\u00e1nylev\u00e9lben szerepel, Szentmikl\u00f3s, Csepel, Sz\u0151ll\u0151s falukkal egy\u00fctt. Eredetileg kir\u00e1lyi birtok volt, a Nagy-Duna \u00e1g mellett, a h\u00e1rosi szigettel szemben H\u00e1ros falu, \u00e9s jelent\u0151s telep\u00fcl\u00e9s volt a k\u00f6z\u00e9pkorban.<\/p>\n\n\n\n<p>Az els\u0151 pr\u00f3ba\u00e1sat\u00e1st 1961. augusztus\u00e1ban v\u00e9gezt\u00fck. Akkor a hajdani templomudvarban ki\u00e1stuk a kutat\u00f3\u00e1rkokat. Az \u00e1rkokb\u00f3l sz\u00e1mos feln\u0151tt csontv\u00e1zat emelt\u00fcnk ki, k\u00f6zt\u00fck t\u00f6bb f\u00e9rfinak a kopony\u00e1ja karddal volt kett\u00e9has\u00edtva. A nemzeti M\u00fazeum ott lev\u0151 r\u00e9g\u00e9sz\u00e9nek meg\u00e1llap\u00edt\u00e1sa szerint a g\u00f6d\u00f6rben lev\u0151k a tat\u00e1rj\u00e1r\u00e1s \u00e1ldozatai lehetnek, akik a templomba menek\u00fcltek. Az \u00e9gett, \u00fcszk\u00f6s tet\u0151f\u00e1k darabjait szint\u00e9n megtal\u00e1ltuk a g\u00f6d\u00f6r alj\u00e1n a csontv\u00e1zak k\u00f6z\u00f6tt. Az \u00e1rokb\u00f3l polg\u00e1ri temetkez\u00e9sb\u0151l ered\u0151 n\u0151i \u00e9s gyermeks\u00edrok, illetve csontv\u00e1zak is el\u0151ker\u00fcltek.<\/p>\n\n\n\n<p>Most, amikor m\u00e1r pontosan tudjuk \u00e9s l\u00e1tjuk a falakat, komolyan foglalkozunk a gondolattal, hogy a maradv\u00e1nyt fel kellene t\u00e1rni \u00e9s sz\u00fcks\u00e9ges is lenne. Sajnos a Csepel-sziget igen szeg\u00e9ny m\u0171eml\u00e9k-\u00e9p\u00fcletekben, \u00f6reg h\u00e1zakban. A gyakori \u00e1rvizek, meg a sok h\u00e1bor\u00fas\u00e1g mindent elpuszt\u00edtottak. R\u00e1ckev\u00e9n is most kutatj\u00e1k a r\u00e9g\u00e9szek a monostor romjait, erre vezetik az \u00faj k\u00f6ves utat. Nem \u00e1rtana a m\u00e9g f\u00f6ldben rejl\u0151 n\u00e9h\u00e1ny \u00c1rp\u00e1d-kori templomk\u00e1nak a maradv\u00e1nyait felt\u00e1rni, gazdag\u00edtva adataival az am\u00fagy is szeg\u00e9nyes ismereteinket a k\u00f6z\u00e9pkori Csepel-szigetr\u0151l.<\/p>\n\n\n\n<p>V\u00f6\u0151 Imre<\/p>","protected":false},"excerpt":{"rendered":"<p>M\u00falt h\u00e9ten olvashatt\u00e1k a t\u00f6r\u00f6k-korr\u00f3l val\u00f3 \u00f6sszefoglal\u00f3nkat. A sz\u00f6vegben eml\u00edtett H\u00e1ros falut az 1960-as \u00e9vekben tal\u00e1lt\u00e1k meg, \u00e9s el\u00e9g komoly r\u00e9g\u00e9szeti \u00e1sat\u00e1s is zajlott a helysz\u00ednen. A szakemberek egy sor \u00e9rdekess\u00e9get tal\u00e1ltak a falu hely\u00e9n: a n\u00e9hai templom a tat\u00e1rj\u00e1r\u00e1sban pusztulhatott el, \u00e9s a felgy\u00fajt\u00e1sakor a falusiak k\u00f6z\u00fcl t\u00f6bben is odaveszhettek. A falu a t\u00f6r\u00f6k [&hellip;]<\/p>","protected":false},"author":1,"featured_media":922,"comment_status":"open","ping_status":"open","sticky":false,"template":"","format":"standard","meta":{"ub_ctt_via":"","ocean_post_layout":"","ocean_both_sidebars_style":"","ocean_both_sidebars_content_width":0,"ocean_both_sidebars_sidebars_width":0,"ocean_sidebar":"0","ocean_second_sidebar":"0","ocean_disable_margins":"enable","ocean_add_body_class":"","ocean_shortcode_before_top_bar":"","ocean_shortcode_after_top_bar":"","ocean_shortcode_before_header":"","ocean_shortcode_after_header":"","ocean_has_shortcode":"","ocean_shortcode_after_title":"","ocean_shortcode_before_footer_widgets":"","ocean_shortcode_after_footer_widgets":"","ocean_shortcode_before_footer_bottom":"","ocean_shortcode_after_footer_bottom":"","ocean_display_top_bar":"default","ocean_display_header":"default","ocean_header_style":"","ocean_center_header_left_menu":"0","ocean_custom_header_template":"0","ocean_custom_logo":0,"ocean_custom_retina_logo":0,"ocean_custom_logo_max_width":0,"ocean_custom_logo_tablet_max_width":0,"ocean_custom_logo_mobile_max_width":0,"ocean_custom_logo_max_height":0,"ocean_custom_logo_tablet_max_height":0,"ocean_custom_logo_mobile_max_height":0,"ocean_header_custom_menu":"0","ocean_menu_typo_font_family":"0","ocean_menu_typo_font_subset":"","ocean_menu_typo_font_size":0,"ocean_menu_typo_font_size_tablet":0,"ocean_menu_typo_font_size_mobile":0,"ocean_menu_typo_font_size_unit":"px","ocean_menu_typo_font_weight":"","ocean_menu_typo_font_weight_tablet":"","ocean_menu_typo_font_weight_mobile":"","ocean_menu_typo_transform":"","ocean_menu_typo_transform_tablet":"","ocean_menu_typo_transform_mobile":"","ocean_menu_typo_line_height":0,"ocean_menu_typo_line_height_tablet":0,"ocean_menu_typo_line_height_mobile":0,"ocean_menu_typo_line_height_unit":"","ocean_menu_typo_spacing":0,"ocean_menu_typo_spacing_tablet":0,"ocean_menu_typo_spacing_mobile":0,"ocean_menu_typo_spacing_unit":"","ocean_menu_link_color":"","ocean_menu_link_color_hover":"","ocean_menu_link_color_active":"","ocean_menu_link_background":"","ocean_menu_link_hover_background":"","ocean_menu_link_active_background":"","ocean_menu_social_links_bg":"","ocean_menu_social_hover_links_bg":"","ocean_menu_social_links_color":"","ocean_menu_social_hover_links_color":"","ocean_disable_title":"default","ocean_disable_heading":"default","ocean_post_title":"","ocean_post_subheading":"","ocean_post_title_style":"","ocean_post_title_background_color":"","ocean_post_title_background":0,"ocean_post_title_bg_image_position":"","ocean_post_title_bg_image_attachment":"","ocean_post_title_bg_image_repeat":"","ocean_post_title_bg_image_size":"","ocean_post_title_height":0,"ocean_post_title_bg_overlay":0.5,"ocean_post_title_bg_overlay_color":"","ocean_disable_breadcrumbs":"default","ocean_breadcrumbs_color":"","ocean_breadcrumbs_separator_color":"","ocean_breadcrumbs_links_color":"","ocean_breadcrumbs_links_hover_color":"","ocean_display_footer_widgets":"default","ocean_display_footer_bottom":"default","ocean_custom_footer_template":"0","ocean_post_oembed":"","ocean_post_self_hosted_media":"","ocean_post_video_embed":"","ocean_link_format":"","ocean_link_format_target":"self","ocean_quote_format":"","ocean_quote_format_link":"post","ocean_gallery_link_images":"off","ocean_gallery_id":[],"footnotes":""},"categories":[11],"tags":[15,13,12],"class_list":["post-918","post","type-post","status-publish","format-standard","has-post-thumbnail","hentry","category-blog","tag-haros","tag-regeszet","tag-voo-imre","entry","has-media"],"featured_image_src":"https:\/\/miklosimuzeum.hu\/wp-content\/uploads\/2022\/08\/09c.jpg","author_info":{"display_name":"Miss N\u00e1ndor","author_link":"https:\/\/miklosimuzeum.hu\/en\/author\/admin\/"},"rttpg_featured_image_url":{"full":["https:\/\/miklosimuzeum.hu\/wp-content\/uploads\/2022\/08\/09c.jpg",816,1332,false],"landscape":["https:\/\/miklosimuzeum.hu\/wp-content\/uploads\/2022\/08\/09c.jpg",816,1332,false],"portraits":["https:\/\/miklosimuzeum.hu\/wp-content\/uploads\/2022\/08\/09c.jpg",816,1332,false],"thumbnail":["https:\/\/miklosimuzeum.hu\/wp-content\/uploads\/2022\/08\/09c-150x150.jpg",150,150,true],"medium":["https:\/\/miklosimuzeum.hu\/wp-content\/uploads\/2022\/08\/09c-184x300.jpg",184,300,true],"large":["https:\/\/miklosimuzeum.hu\/wp-content\/uploads\/2022\/08\/09c-627x1024.jpg",627,1024,true],"1536x1536":["https:\/\/miklosimuzeum.hu\/wp-content\/uploads\/2022\/08\/09c.jpg",816,1332,false],"2048x2048":["https:\/\/miklosimuzeum.hu\/wp-content\/uploads\/2022\/08\/09c.jpg",816,1332,false],"trp-custom-language-flag":["https:\/\/miklosimuzeum.hu\/wp-content\/uploads\/2022\/08\/09c.jpg",7,12,false],"ocean-thumb-m":["https:\/\/miklosimuzeum.hu\/wp-content\/uploads\/2022\/08\/09c-600x600.jpg",600,600,true],"ocean-thumb-ml":["https:\/\/miklosimuzeum.hu\/wp-content\/uploads\/2022\/08\/09c-800x450.jpg",800,450,true],"ocean-thumb-l":["https:\/\/miklosimuzeum.hu\/wp-content\/uploads\/2022\/08\/09c-816x700.jpg",816,700,true]},"rttpg_author":{"display_name":"Miss N\u00e1ndor","author_link":"https:\/\/miklosimuzeum.hu\/en\/author\/admin\/"},"rttpg_comment":0,"rttpg_category":"<a href=\"https:\/\/miklosimuzeum.hu\/en\/category\/blog\/\" rel=\"category tag\">Blog<\/a>","rttpg_excerpt":"M\u00falt h\u00e9ten olvashatt\u00e1k a t\u00f6r\u00f6k-korr\u00f3l val\u00f3 \u00f6sszefoglal\u00f3nkat. A sz\u00f6vegben eml\u00edtett H\u00e1ros falut az 1960-as \u00e9vekben tal\u00e1lt\u00e1k meg, \u00e9s el\u00e9g komoly r\u00e9g\u00e9szeti \u00e1sat\u00e1s is zajlott a helysz\u00ednen. A szakemberek egy sor \u00e9rdekess\u00e9get tal\u00e1ltak a falu hely\u00e9n: a n\u00e9hai templom a tat\u00e1rj\u00e1r\u00e1sban pusztulhatott el, \u00e9s a felgy\u00fajt\u00e1sakor a falusiak k\u00f6z\u00fcl t\u00f6bben is odaveszhettek. A falu a t\u00f6r\u00f6k&hellip;","_links":{"self":[{"href":"https:\/\/miklosimuzeum.hu\/en\/wp-json\/wp\/v2\/posts\/918","targetHints":{"allow":["GET"]}}],"collection":[{"href":"https:\/\/miklosimuzeum.hu\/en\/wp-json\/wp\/v2\/posts"}],"about":[{"href":"https:\/\/miklosimuzeum.hu\/en\/wp-json\/wp\/v2\/types\/post"}],"author":[{"embeddable":true,"href":"https:\/\/miklosimuzeum.hu\/en\/wp-json\/wp\/v2\/users\/1"}],"replies":[{"embeddable":true,"href":"https:\/\/miklosimuzeum.hu\/en\/wp-json\/wp\/v2\/comments?post=918"}],"version-history":[{"count":1,"href":"https:\/\/miklosimuzeum.hu\/en\/wp-json\/wp\/v2\/posts\/918\/revisions"}],"predecessor-version":[{"id":923,"href":"https:\/\/miklosimuzeum.hu\/en\/wp-json\/wp\/v2\/posts\/918\/revisions\/923"}],"wp:featuredmedia":[{"embeddable":true,"href":"https:\/\/miklosimuzeum.hu\/en\/wp-json\/wp\/v2\/media\/922"}],"wp:attachment":[{"href":"https:\/\/miklosimuzeum.hu\/en\/wp-json\/wp\/v2\/media?parent=918"}],"wp:term":[{"taxonomy":"category","embeddable":true,"href":"https:\/\/miklosimuzeum.hu\/en\/wp-json\/wp\/v2\/categories?post=918"},{"taxonomy":"post_tag","embeddable":true,"href":"https:\/\/miklosimuzeum.hu\/en\/wp-json\/wp\/v2\/tags?post=918"}],"curies":[{"name":"wp","href":"https:\/\/api.w.org\/{rel}","templated":true}]}}