{"id":876,"date":"2021-10-23T14:02:57","date_gmt":"2021-10-23T14:02:57","guid":{"rendered":"https:\/\/mischdesign.hu\/miklosimuzeum\/?p=876"},"modified":"2022-08-18T15:40:53","modified_gmt":"2022-08-18T15:40:53","slug":"1956-esemenyei-varosunkban","status":"publish","type":"post","link":"https:\/\/miklosimuzeum.hu\/en\/2021\/10\/23\/1956-esemenyei-varosunkban\/","title":{"rendered":"1956 esem\u00e9nyei v\u00e1rosunkban"},"content":{"rendered":"<p><strong>Az 1956. okt\u00f3ber 23-\u00e1n kit\u00f6rt forradalomra eml\u00e9kezve m\u00e9lt\u00f3s\u00e1gteljesen \u00fcnnepel az orsz\u00e1g. A 65 \u00e9ve lezajlott esem\u00e9nyek megmozgatt\u00e1k az orsz\u00e1got, \u00e9s mindenki \u00e9rezte, hogy a t\u00f6rt\u00e9n\u00e9sek sarokpontot jelentenek haz\u00e1nk t\u00f6rt\u00e9net\u00e9ben. Oldalunk k\u00f6vet\u0151je, B\u00f3dizs Gyula j\u00f3volt\u00e1b\u00f3l ker\u00fclt a Helyt\u00f6rt\u00e9neti Gy\u0171jtem\u00e9nybe egy asztali napt\u00e1r 1956-b\u00f3l, melybe tulajdonosa, Dolinay Lajos mintegy napl\u00f3szer\u0171en feljegyezte a tragikus 1956-os \u00e9v esem\u00e9nyeit.<\/strong><\/p>\n\n\n\n<div class=\"wp-block-columns is-layout-flex wp-container-core-columns-is-layout-9d6595d7 wp-block-columns-is-layout-flex\">\n<div class=\"wp-block-column is-layout-flow wp-block-column-is-layout-flow\" style=\"flex-basis:100%\">\n<div class=\"wp-block-columns is-layout-flex wp-container-core-columns-is-layout-9d6595d7 wp-block-columns-is-layout-flex\">\n<div class=\"wp-block-column is-layout-flow wp-block-column-is-layout-flow\">\n<figure class=\"wp-block-image size-large\"><a href=\"https:\/\/mischdesign.hu\/miklosimuzeum\/wp-content\/uploads\/2022\/08\/23a.jpg\"><img fetchpriority=\"high\" decoding=\"async\" width=\"716\" height=\"1024\" src=\"https:\/\/mischdesign.hu\/miklosimuzeum\/wp-content\/uploads\/2022\/08\/23a-716x1024.jpg\" alt=\"\" class=\"wp-image-877\"\/><\/a><\/figure>\n<\/div>\n\n\n\n<div class=\"wp-block-column is-layout-flow wp-block-column-is-layout-flow\">\n<figure class=\"wp-block-image size-large\"><a href=\"https:\/\/mischdesign.hu\/miklosimuzeum\/wp-content\/uploads\/2022\/08\/23b-1.jpg\"><img decoding=\"async\" width=\"707\" height=\"1024\" src=\"https:\/\/mischdesign.hu\/miklosimuzeum\/wp-content\/uploads\/2022\/08\/23b-1-707x1024.jpg\" alt=\"\" class=\"wp-image-878\"\/><\/a><\/figure>\n<\/div>\n\n\n\n<div class=\"wp-block-column is-layout-flow wp-block-column-is-layout-flow\">\n<figure class=\"wp-block-image size-large\"><a href=\"https:\/\/mischdesign.hu\/miklosimuzeum\/wp-content\/uploads\/2022\/08\/23c-1.jpg\"><img decoding=\"async\" width=\"715\" height=\"1024\" src=\"https:\/\/mischdesign.hu\/miklosimuzeum\/wp-content\/uploads\/2022\/08\/23c-1-715x1024.jpg\" alt=\"\" class=\"wp-image-879\"\/><\/a><\/figure>\n<\/div>\n<\/div>\n<\/div>\n<\/div>\n\n\n\n<p>Okt\u00f3ber 23, kedd: Ma d\u00e9lut\u00e1n t\u00fcntettek az egyetemist\u00e1k. Este 20 \u00f3rakor a Ger\u0151 besz\u00e9d ut\u00e1n ki\u00fct\u00f6tt a fegyveres forradalom.<\/p>\n\n\n\n<p>24, szerda: Ma reggel m\u00e1r nem indultak a vonatok. Sztr\u00e1jk van! Pesten v\u00e9res harcok. Ger\u0151\u00e9k Nagy Imre nev\u00e9ben seg\u00edts\u00e9g\u00fcl h\u00edvt\u00e1k a Szovjet hadsereget. Ger\u0151 \u00e9s t\u00e1rsai lebuktak.<\/p>\n\n\n\n<p>27, szombat: Ma este kipakolt\u00e1k a Tan\u00e1csh\u00e1za \u00e9s a P\u00e1rth\u00e1z iratait \u00e9s fel\u00e9gett\u00e9k. \u00c9jjel nagy l\u00f6v\u00f6ld\u00f6z\u00e9sek Haraszti \u00e9s a Rept\u00e9r k\u00f6z\u00f6tt.<\/p>\n\n\n\n<p>30, kedd: Szovjet katon\u00e1k kivonultak Budapestr\u0151l.<\/p>\n\n\n\n<p>31, szerda: Ma reggel 9 ut\u00e1n ker\u00e9kp\u00e1rral bement\u00fcnk Pestre.<\/p>\n\n\n\n<p>November 1, cs\u00fct\u00f6rt\u00f6k; 2, p\u00e9ntek: Egym\u00e1s ut\u00e1n alakulnak a k\u00fcl\u00f6nb\u00f6z\u0151 p\u00e1rtok. A sport egyes\u00fcletek is a r\u00e9gi nev\u00fck\u00f6n \u00fajj\u00e1 alakulnak. Bizakod\u00f3 a hangulat. K\u00f6vetelik a szovjet hadsereg kivonul\u00e1s\u00e1t. Nagy Imre bejelentette, hogy kil\u00e9p\u00fcnk a Vars\u00f3i Szerz\u0151d\u00e9sb\u0151l \u00e9s a szovjet k\u00f6vetnek bejelenti, hogy a korm\u00e1nya s\u00fcrg\u0151sen t\u0171zze ki a t\u00e1rgyal\u00e1sok idej\u00e9t a szovjet hadsereg kivonul\u00e1s\u00e1ra vonatkoz\u00f3lag.<\/p>\n\n\n\n<p>3, szombat: R\u00e1di\u00f3n mindenkit felsz\u00f3l\u00edtanak, hogy vegy\u00e9k fel a munk\u00e1t. M\u00e1r arra v\u00e1runk, hogy meginduljon a H\u00c9V. De egyenl\u0151re a vasutasok sztr\u00e1jkolnak, m\u00edg a szovjet ki nem vonul az orsz\u00e1gb\u00f3l. Mindszenti sz\u00f3zatot int\u00e9zett a r\u00e1di\u00f3ban.<\/p>\n\n\n\n<p>4, vas\u00e1rnap: \u00c9s ekkor az elm\u00falt h\u00e9t bizakod\u00f3 hangulata ut\u00e1n\u2026 reggel nagy l\u00f6v\u00f6ld\u00f6z\u00e9sre \u00e9bredt\u00fcnk Pest fel\u0151l. Nagy Imre bejelenti a r\u00e1di\u00f3n a s\u00falyos helyzetet, hogy a szovjet hadsereg megt\u00e1madta Budapestet, mik\u00f6zben a magyar korm\u00e1nyk\u00fcld\u00f6tts\u00e9g elindult a t\u00e1rgyal\u00e1sokra. Seg\u00edts\u00e9get k\u00e9r az E.N.Sz-t\u0151l.<\/p>","protected":false},"excerpt":{"rendered":"<p>Az 1956. okt\u00f3ber 23-\u00e1n kit\u00f6rt forradalomra eml\u00e9kezve m\u00e9lt\u00f3s\u00e1gteljesen \u00fcnnepel az orsz\u00e1g. A 65 \u00e9ve lezajlott esem\u00e9nyek megmozgatt\u00e1k az orsz\u00e1got, \u00e9s mindenki \u00e9rezte, hogy a t\u00f6rt\u00e9n\u00e9sek sarokpontot jelentenek haz\u00e1nk t\u00f6rt\u00e9net\u00e9ben. Oldalunk k\u00f6vet\u0151je, B\u00f3dizs Gyula j\u00f3volt\u00e1b\u00f3l ker\u00fclt a Helyt\u00f6rt\u00e9neti Gy\u0171jtem\u00e9nybe egy asztali napt\u00e1r 1956-b\u00f3l, melybe tulajdonosa, Dolinay Lajos mintegy napl\u00f3szer\u0171en feljegyezte a tragikus 1956-os \u00e9v esem\u00e9nyeit. Okt\u00f3ber [&hellip;]<\/p>","protected":false},"author":1,"featured_media":877,"comment_status":"open","ping_status":"open","sticky":false,"template":"","format":"standard","meta":{"ub_ctt_via":"","ocean_post_layout":"","ocean_both_sidebars_style":"","ocean_both_sidebars_content_width":0,"ocean_both_sidebars_sidebars_width":0,"ocean_sidebar":"0","ocean_second_sidebar":"0","ocean_disable_margins":"enable","ocean_add_body_class":"","ocean_shortcode_before_top_bar":"","ocean_shortcode_after_top_bar":"","ocean_shortcode_before_header":"","ocean_shortcode_after_header":"","ocean_has_shortcode":"","ocean_shortcode_after_title":"","ocean_shortcode_before_footer_widgets":"","ocean_shortcode_after_footer_widgets":"","ocean_shortcode_before_footer_bottom":"","ocean_shortcode_after_footer_bottom":"","ocean_display_top_bar":"default","ocean_display_header":"default","ocean_header_style":"","ocean_center_header_left_menu":"0","ocean_custom_header_template":"0","ocean_custom_logo":0,"ocean_custom_retina_logo":0,"ocean_custom_logo_max_width":0,"ocean_custom_logo_tablet_max_width":0,"ocean_custom_logo_mobile_max_width":0,"ocean_custom_logo_max_height":0,"ocean_custom_logo_tablet_max_height":0,"ocean_custom_logo_mobile_max_height":0,"ocean_header_custom_menu":"0","ocean_menu_typo_font_family":"0","ocean_menu_typo_font_subset":"","ocean_menu_typo_font_size":0,"ocean_menu_typo_font_size_tablet":0,"ocean_menu_typo_font_size_mobile":0,"ocean_menu_typo_font_size_unit":"px","ocean_menu_typo_font_weight":"","ocean_menu_typo_font_weight_tablet":"","ocean_menu_typo_font_weight_mobile":"","ocean_menu_typo_transform":"","ocean_menu_typo_transform_tablet":"","ocean_menu_typo_transform_mobile":"","ocean_menu_typo_line_height":0,"ocean_menu_typo_line_height_tablet":0,"ocean_menu_typo_line_height_mobile":0,"ocean_menu_typo_line_height_unit":"","ocean_menu_typo_spacing":0,"ocean_menu_typo_spacing_tablet":0,"ocean_menu_typo_spacing_mobile":0,"ocean_menu_typo_spacing_unit":"","ocean_menu_link_color":"","ocean_menu_link_color_hover":"","ocean_menu_link_color_active":"","ocean_menu_link_background":"","ocean_menu_link_hover_background":"","ocean_menu_link_active_background":"","ocean_menu_social_links_bg":"","ocean_menu_social_hover_links_bg":"","ocean_menu_social_links_color":"","ocean_menu_social_hover_links_color":"","ocean_disable_title":"default","ocean_disable_heading":"default","ocean_post_title":"","ocean_post_subheading":"","ocean_post_title_style":"","ocean_post_title_background_color":"","ocean_post_title_background":0,"ocean_post_title_bg_image_position":"","ocean_post_title_bg_image_attachment":"","ocean_post_title_bg_image_repeat":"","ocean_post_title_bg_image_size":"","ocean_post_title_height":0,"ocean_post_title_bg_overlay":0.5,"ocean_post_title_bg_overlay_color":"","ocean_disable_breadcrumbs":"default","ocean_breadcrumbs_color":"","ocean_breadcrumbs_separator_color":"","ocean_breadcrumbs_links_color":"","ocean_breadcrumbs_links_hover_color":"","ocean_display_footer_widgets":"default","ocean_display_footer_bottom":"default","ocean_custom_footer_template":"0","ocean_post_oembed":"","ocean_post_self_hosted_media":"","ocean_post_video_embed":"","ocean_link_format":"","ocean_link_format_target":"self","ocean_quote_format":"","ocean_quote_format_link":"post","ocean_gallery_link_images":"off","ocean_gallery_id":[],"footnotes":""},"categories":[11],"tags":[26,54,22],"class_list":["post-876","post","type-post","status-publish","format-standard","has-post-thumbnail","hentry","category-blog","tag-1956-os-forradalom","tag-adomany","tag-evfordulo","entry","has-media"],"featured_image_src":"https:\/\/miklosimuzeum.hu\/wp-content\/uploads\/2022\/08\/23a.jpg","author_info":{"display_name":"Miss N\u00e1ndor","author_link":"https:\/\/miklosimuzeum.hu\/en\/author\/admin\/"},"rttpg_featured_image_url":{"full":["https:\/\/miklosimuzeum.hu\/wp-content\/uploads\/2022\/08\/23a.jpg",1343,1920,false],"landscape":["https:\/\/miklosimuzeum.hu\/wp-content\/uploads\/2022\/08\/23a.jpg",1343,1920,false],"portraits":["https:\/\/miklosimuzeum.hu\/wp-content\/uploads\/2022\/08\/23a.jpg",1343,1920,false],"thumbnail":["https:\/\/miklosimuzeum.hu\/wp-content\/uploads\/2022\/08\/23a-150x150.jpg",150,150,true],"medium":["https:\/\/miklosimuzeum.hu\/wp-content\/uploads\/2022\/08\/23a-210x300.jpg",210,300,true],"large":["https:\/\/miklosimuzeum.hu\/wp-content\/uploads\/2022\/08\/23a-716x1024.jpg",716,1024,true],"1536x1536":["https:\/\/miklosimuzeum.hu\/wp-content\/uploads\/2022\/08\/23a-1074x1536.jpg",1074,1536,true],"2048x2048":["https:\/\/miklosimuzeum.hu\/wp-content\/uploads\/2022\/08\/23a-1432x2048.jpg",1432,2048,true],"trp-custom-language-flag":["https:\/\/miklosimuzeum.hu\/wp-content\/uploads\/2022\/08\/23a.jpg",8,12,false],"ocean-thumb-m":["https:\/\/miklosimuzeum.hu\/wp-content\/uploads\/2022\/08\/23a-600x600.jpg",600,600,true],"ocean-thumb-ml":["https:\/\/miklosimuzeum.hu\/wp-content\/uploads\/2022\/08\/23a-800x450.jpg",800,450,true],"ocean-thumb-l":["https:\/\/miklosimuzeum.hu\/wp-content\/uploads\/2022\/08\/23a-1200x700.jpg",1200,700,true]},"rttpg_author":{"display_name":"Miss N\u00e1ndor","author_link":"https:\/\/miklosimuzeum.hu\/en\/author\/admin\/"},"rttpg_comment":0,"rttpg_category":"<a href=\"https:\/\/miklosimuzeum.hu\/en\/category\/blog\/\" rel=\"category tag\">Blog<\/a>","rttpg_excerpt":"Az 1956. okt\u00f3ber 23-\u00e1n kit\u00f6rt forradalomra eml\u00e9kezve m\u00e9lt\u00f3s\u00e1gteljesen \u00fcnnepel az orsz\u00e1g. A 65 \u00e9ve lezajlott esem\u00e9nyek megmozgatt\u00e1k az orsz\u00e1got, \u00e9s mindenki \u00e9rezte, hogy a t\u00f6rt\u00e9n\u00e9sek sarokpontot jelentenek haz\u00e1nk t\u00f6rt\u00e9net\u00e9ben. Oldalunk k\u00f6vet\u0151je, B\u00f3dizs Gyula j\u00f3volt\u00e1b\u00f3l ker\u00fclt a Helyt\u00f6rt\u00e9neti Gy\u0171jtem\u00e9nybe egy asztali napt\u00e1r 1956-b\u00f3l, melybe tulajdonosa, Dolinay Lajos mintegy napl\u00f3szer\u0171en feljegyezte a tragikus 1956-os \u00e9v esem\u00e9nyeit. Okt\u00f3ber&hellip;","_links":{"self":[{"href":"https:\/\/miklosimuzeum.hu\/en\/wp-json\/wp\/v2\/posts\/876","targetHints":{"allow":["GET"]}}],"collection":[{"href":"https:\/\/miklosimuzeum.hu\/en\/wp-json\/wp\/v2\/posts"}],"about":[{"href":"https:\/\/miklosimuzeum.hu\/en\/wp-json\/wp\/v2\/types\/post"}],"author":[{"embeddable":true,"href":"https:\/\/miklosimuzeum.hu\/en\/wp-json\/wp\/v2\/users\/1"}],"replies":[{"embeddable":true,"href":"https:\/\/miklosimuzeum.hu\/en\/wp-json\/wp\/v2\/comments?post=876"}],"version-history":[{"count":1,"href":"https:\/\/miklosimuzeum.hu\/en\/wp-json\/wp\/v2\/posts\/876\/revisions"}],"predecessor-version":[{"id":880,"href":"https:\/\/miklosimuzeum.hu\/en\/wp-json\/wp\/v2\/posts\/876\/revisions\/880"}],"wp:featuredmedia":[{"embeddable":true,"href":"https:\/\/miklosimuzeum.hu\/en\/wp-json\/wp\/v2\/media\/877"}],"wp:attachment":[{"href":"https:\/\/miklosimuzeum.hu\/en\/wp-json\/wp\/v2\/media?parent=876"}],"wp:term":[{"taxonomy":"category","embeddable":true,"href":"https:\/\/miklosimuzeum.hu\/en\/wp-json\/wp\/v2\/categories?post=876"},{"taxonomy":"post_tag","embeddable":true,"href":"https:\/\/miklosimuzeum.hu\/en\/wp-json\/wp\/v2\/tags?post=876"}],"curies":[{"name":"wp","href":"https:\/\/api.w.org\/{rel}","templated":true}]}}