{"id":866,"date":"2021-10-14T13:47:50","date_gmt":"2021-10-14T13:47:50","guid":{"rendered":"https:\/\/mischdesign.hu\/miklosimuzeum\/?p=866"},"modified":"2022-08-18T15:40:28","modified_gmt":"2022-08-18T15:40:28","slug":"30-eves-a-kossuth-utcai-reformatus-gyulekezet-temploma","status":"publish","type":"post","link":"https:\/\/miklosimuzeum.hu\/en\/2021\/10\/14\/30-eves-a-kossuth-utcai-reformatus-gyulekezet-temploma\/","title":{"rendered":"30 \u00e9ves a Kossuth utcai reform\u00e1tus gy\u00fclekezet temploma"},"content":{"rendered":"<p><strong>30 \u00e9ve, 1991. okt\u00f3ber 13-\u00e1n avatt\u00e1k fel Szigetszentmikl\u00f3son az \u00faj reform\u00e1tus templomot. 1944-ben lebomb\u00e1zott el\u0151dje hely\u00e9re a gy\u00fclekezet t\u00f6bb mint negyven \u00e9ven \u00e1t nem \u00e9p\u00edthetett templomot, pedig p\u00e9nz, \u00e9p\u00edt\u0151anyag, tervek \u00e9s akarat is lett volna hozz\u00e1. Az \u00e9p\u00edtkez\u00e9s 1986-ban kezd\u0151dhetett el, \u00e9s a gy\u00fclekezet tagjainak akt\u00edv r\u00e9szv\u00e9tel\u00e9vel k\u00e9sz\u00fclt el 1991-re. A k\u00e9peken Kerepesi K\u00e1roly \u00e9s J\u00e1nos helyezik el a csillagot a f\u00e9lk\u00e9sz templom torny\u00e1nak cs\u00facs\u00e1ra 1988-ban.<\/strong><\/p>\n\n\n<div class=\"wp-block-image\">\n<figure class=\"alignleft size-large is-resized\"><a href=\"https:\/\/mischdesign.hu\/miklosimuzeum\/wp-content\/uploads\/2022\/08\/14a-1.jpg\"><img fetchpriority=\"high\" decoding=\"async\" src=\"https:\/\/mischdesign.hu\/miklosimuzeum\/wp-content\/uploads\/2022\/08\/14a-1-673x1024.jpg\" alt=\"\" class=\"wp-image-868\" width=\"309\" height=\"470\"\/><\/a><figcaption>Kerepesi K\u00e1roly \u00e9s J\u00e1nos felteszik a csillagot a templom torny\u00e1ra<\/figcaption><\/figure>\n<\/div>\n\n\n<p>Szigetszentmikl\u00f3son 1944 november\u00e9ben a h\u00e1bor\u00faban elpusztult az \u0151si reform\u00e1tus templom. Az egyetlen olyan templom volt haz\u00e1nkban, amelyet a h\u00e1bor\u00fas romokb\u00f3l nem \u00e9p\u00edtettek \u00fajj\u00e1. A harcokban megs\u00e9r\u00fclt a dunaharasztiak temploma, a t\u00f6k\u00f6li templom torny\u00e1t felrobbantott\u00e1k a n\u00e9metek, mindkett\u0151 \u00fajj\u00e1\u00e9p\u00fclt, m\u00e9g a t\u00f6k\u00f6li Szent Anna k\u00e1polna is, mely a Csepelsziget legr\u00e9gebbi \u00e9p\u00fclete ma is.<\/p>\n\n\n\n<p>A szigetszentmikl\u00f3siak 42 \u00e9v ut\u00e1n kaptak enged\u00e9lyt arra, hogy a hajdan elpusztult templom hely\u00e9n \u00faj templomot \u00e9p\u00edthetnek. A templom \u00e9p\u00edt\u00e9s\u00e9nek els\u0151 k\u00e9relm\u00e9t 1948-ban, majd a m\u00e1sikat 1955-ben adt\u00e1k a hivatalb\u00e9liek. A harmadik \u00e9p\u00edt\u00e9si k\u00e9relem 1979-ben fogalmaz\u00f3dott meg, ez is h\u00e1ny\u00f3dott majd egy \u00e9vtizedig, m\u00edg 1986-ban lett bel\u0151le val\u00f3s\u00e1g.<\/p>\n\n\n\n<p>A v\u00e1ross\u00e1 lett telep\u00fcl\u00e9s egyh\u00e1za 42 \u00e9v ut\u00e1n nagy lelkesed\u00e9ssel fogott hozz\u00e1 1986 nyar\u00e1n a tereprendez\u00e9si munk\u00e1knak, \u00e9s majd november 29-\u00e9n a templomalapoz\u00e1snak. Az alapoz\u00e1si munk\u00e1k alkalm\u00e1val el\u0151ker\u00fclt k\u00e9t r\u00e9gi templom falmaradv\u00e1nya is, a f\u00f6ldben pedig m\u00e9teres falak vannak. Az egyik falmaradv\u00e1ny a XIII. sz\u00e1zadi rom\u00e1n st\u00edlusban \u00e9p\u00fclt templom alapja lehet, ezt a templomot eml\u00edti 1264. okt\u00f3ber 14-\u00e9n a Cs\u00fati adom\u00e1nylev\u00e9l IV. B\u00e9la kir\u00e1lyunk idej\u00e9ben. (Ez biz\u00e1nci eredet\u0171 \u00e9p\u00fclet volt.) A m\u00e1sik templom alapja az elpusztult templom\u00e9 volt, melyet 1799-ben \u00e9p\u00edtettek \u0151seink. Ebbe a templomba m\u00e9g r\u00f3mai feliratos k\u00f6veket is be\u00e9p\u00edtettek, amelyek a bont\u00e1skor ker\u00fcltek el\u0151, \u00e9s jutottak a v\u00e1rosi m\u00fazeumba.<\/p>\n\n\n<div class=\"wp-block-image\">\n<figure class=\"alignright size-large is-resized\"><a href=\"https:\/\/mischdesign.hu\/miklosimuzeum\/wp-content\/uploads\/2022\/08\/14b-1.jpg\"><img decoding=\"async\" src=\"https:\/\/mischdesign.hu\/miklosimuzeum\/wp-content\/uploads\/2022\/08\/14b-1-671x1024.jpg\" alt=\"\" class=\"wp-image-867\" width=\"324\" height=\"494\"\/><\/a><\/figure>\n<\/div>\n\n\n<p>A v\u00e1ros vezet\u0151i m\u00e1shova akart\u00e1k \u00e9p\u00edteni a h\u00edvekkel az \u00faj templomot, de a h\u00edvek ragaszkodtak az \u0151si templom hely\u00e9hez, giszen ott 800 \u00e9ve harangoznak. V\u00e9g\u00fcl is siker\u00fclt a r\u00e9gi helyen meg\u00e9p\u00edteni a modern form\u00e1j\u00fa, 27 m\u00e9ter magas torny\u00fa templomot.<\/p>\n\n\n\n<p>A szorgos munka r\u00e9v\u00e9n 1987-ben fel\u00e9p\u00fclt a templom \u00e9s a tornya, a k\u00f6vetkez\u0151 \u00e9vben tet\u0151 al\u00e1 ker\u00fclt \u00e9s a csillagot is feltett\u00e9k r\u00e1. Tavaly a bels\u0151 vakol\u00e1s elk\u00e9sz\u00fclt, most folynak a v\u00e9gszerel\u00e9si munk\u00e1k. A teljes k\u00f6lts\u00e9g 12 milli\u00f3ra lett tervezve, de az\u00f3ta az \u00e1rak is emelkedtek. Ennyi p\u00e9nzt egyk\u00f6nnyen k\u00f6zadakoz\u00e1sb\u00f3l neh\u00e9z \u00f6sszeszedni. Minden rem\u00e9ny megvan arra, hogy az id\u00e9n birtokba vegy\u00e9k az \u00faj templomot a szentmikl\u00f3siak, \u00e9s pusztul\u00e1sa ut\u00e1n 45 \u00e9vvel \u00fajra zenghet az \u0151si zsolt\u00e1r a h\u00edvek ajk\u00e1n \u00e9s csend\u00fclhet a harangsz\u00f3 \u2013 rem\u00e9lj\u00fck \u00e9vsz\u00e1zadokig.<\/p>\n\n\n\n<p>V\u00f6\u0151 Imre<\/p>","protected":false},"excerpt":{"rendered":"<p>30 \u00e9ve, 1991. okt\u00f3ber 13-\u00e1n avatt\u00e1k fel Szigetszentmikl\u00f3son az \u00faj reform\u00e1tus templomot. 1944-ben lebomb\u00e1zott el\u0151dje hely\u00e9re a gy\u00fclekezet t\u00f6bb mint negyven \u00e9ven \u00e1t nem \u00e9p\u00edthetett templomot, pedig p\u00e9nz, \u00e9p\u00edt\u0151anyag, tervek \u00e9s akarat is lett volna hozz\u00e1. Az \u00e9p\u00edtkez\u00e9s 1986-ban kezd\u0151dhetett el, \u00e9s a gy\u00fclekezet tagjainak akt\u00edv r\u00e9szv\u00e9tel\u00e9vel k\u00e9sz\u00fclt el 1991-re. A k\u00e9peken Kerepesi K\u00e1roly \u00e9s [&hellip;]<\/p>","protected":false},"author":1,"featured_media":867,"comment_status":"open","ping_status":"open","sticky":false,"template":"","format":"standard","meta":{"ub_ctt_via":"","ocean_post_layout":"","ocean_both_sidebars_style":"","ocean_both_sidebars_content_width":0,"ocean_both_sidebars_sidebars_width":0,"ocean_sidebar":"0","ocean_second_sidebar":"0","ocean_disable_margins":"enable","ocean_add_body_class":"","ocean_shortcode_before_top_bar":"","ocean_shortcode_after_top_bar":"","ocean_shortcode_before_header":"","ocean_shortcode_after_header":"","ocean_has_shortcode":"","ocean_shortcode_after_title":"","ocean_shortcode_before_footer_widgets":"","ocean_shortcode_after_footer_widgets":"","ocean_shortcode_before_footer_bottom":"","ocean_shortcode_after_footer_bottom":"","ocean_display_top_bar":"default","ocean_display_header":"default","ocean_header_style":"","ocean_center_header_left_menu":"0","ocean_custom_header_template":"0","ocean_custom_logo":0,"ocean_custom_retina_logo":0,"ocean_custom_logo_max_width":0,"ocean_custom_logo_tablet_max_width":0,"ocean_custom_logo_mobile_max_width":0,"ocean_custom_logo_max_height":0,"ocean_custom_logo_tablet_max_height":0,"ocean_custom_logo_mobile_max_height":0,"ocean_header_custom_menu":"0","ocean_menu_typo_font_family":"0","ocean_menu_typo_font_subset":"","ocean_menu_typo_font_size":0,"ocean_menu_typo_font_size_tablet":0,"ocean_menu_typo_font_size_mobile":0,"ocean_menu_typo_font_size_unit":"px","ocean_menu_typo_font_weight":"","ocean_menu_typo_font_weight_tablet":"","ocean_menu_typo_font_weight_mobile":"","ocean_menu_typo_transform":"","ocean_menu_typo_transform_tablet":"","ocean_menu_typo_transform_mobile":"","ocean_menu_typo_line_height":0,"ocean_menu_typo_line_height_tablet":0,"ocean_menu_typo_line_height_mobile":0,"ocean_menu_typo_line_height_unit":"","ocean_menu_typo_spacing":0,"ocean_menu_typo_spacing_tablet":0,"ocean_menu_typo_spacing_mobile":0,"ocean_menu_typo_spacing_unit":"","ocean_menu_link_color":"","ocean_menu_link_color_hover":"","ocean_menu_link_color_active":"","ocean_menu_link_background":"","ocean_menu_link_hover_background":"","ocean_menu_link_active_background":"","ocean_menu_social_links_bg":"","ocean_menu_social_hover_links_bg":"","ocean_menu_social_links_color":"","ocean_menu_social_hover_links_color":"","ocean_disable_title":"default","ocean_disable_heading":"default","ocean_post_title":"","ocean_post_subheading":"","ocean_post_title_style":"","ocean_post_title_background_color":"","ocean_post_title_background":0,"ocean_post_title_bg_image_position":"","ocean_post_title_bg_image_attachment":"","ocean_post_title_bg_image_repeat":"","ocean_post_title_bg_image_size":"","ocean_post_title_height":0,"ocean_post_title_bg_overlay":0.5,"ocean_post_title_bg_overlay_color":"","ocean_disable_breadcrumbs":"default","ocean_breadcrumbs_color":"","ocean_breadcrumbs_separator_color":"","ocean_breadcrumbs_links_color":"","ocean_breadcrumbs_links_hover_color":"","ocean_display_footer_widgets":"default","ocean_display_footer_bottom":"default","ocean_custom_footer_template":"0","ocean_post_oembed":"","ocean_post_self_hosted_media":"","ocean_post_video_embed":"","ocean_link_format":"","ocean_link_format_target":"self","ocean_quote_format":"","ocean_quote_format_link":"post","ocean_gallery_link_images":"off","ocean_gallery_id":[],"footnotes":""},"categories":[11],"tags":[22,66,23,12],"class_list":["post-866","post","type-post","status-publish","format-standard","has-post-thumbnail","hentry","category-blog","tag-evfordulo","tag-reformatus","tag-templom","tag-voo-imre","entry","has-media"],"featured_image_src":"https:\/\/miklosimuzeum.hu\/wp-content\/uploads\/2022\/08\/14b-1.jpg","author_info":{"display_name":"Miss N\u00e1ndor","author_link":"https:\/\/miklosimuzeum.hu\/en\/author\/admin\/"},"rttpg_featured_image_url":{"full":["https:\/\/miklosimuzeum.hu\/wp-content\/uploads\/2022\/08\/14b-1.jpg",786,1200,false],"landscape":["https:\/\/miklosimuzeum.hu\/wp-content\/uploads\/2022\/08\/14b-1.jpg",786,1200,false],"portraits":["https:\/\/miklosimuzeum.hu\/wp-content\/uploads\/2022\/08\/14b-1.jpg",786,1200,false],"thumbnail":["https:\/\/miklosimuzeum.hu\/wp-content\/uploads\/2022\/08\/14b-1-150x150.jpg",150,150,true],"medium":["https:\/\/miklosimuzeum.hu\/wp-content\/uploads\/2022\/08\/14b-1-197x300.jpg",197,300,true],"large":["https:\/\/miklosimuzeum.hu\/wp-content\/uploads\/2022\/08\/14b-1-671x1024.jpg",671,1024,true],"1536x1536":["https:\/\/miklosimuzeum.hu\/wp-content\/uploads\/2022\/08\/14b-1.jpg",786,1200,false],"2048x2048":["https:\/\/miklosimuzeum.hu\/wp-content\/uploads\/2022\/08\/14b-1.jpg",786,1200,false],"trp-custom-language-flag":["https:\/\/miklosimuzeum.hu\/wp-content\/uploads\/2022\/08\/14b-1.jpg",8,12,false],"ocean-thumb-m":["https:\/\/miklosimuzeum.hu\/wp-content\/uploads\/2022\/08\/14b-1-600x600.jpg",600,600,true],"ocean-thumb-ml":["https:\/\/miklosimuzeum.hu\/wp-content\/uploads\/2022\/08\/14b-1-786x450.jpg",786,450,true],"ocean-thumb-l":["https:\/\/miklosimuzeum.hu\/wp-content\/uploads\/2022\/08\/14b-1-786x700.jpg",786,700,true]},"rttpg_author":{"display_name":"Miss N\u00e1ndor","author_link":"https:\/\/miklosimuzeum.hu\/en\/author\/admin\/"},"rttpg_comment":0,"rttpg_category":"<a href=\"https:\/\/miklosimuzeum.hu\/en\/category\/blog\/\" rel=\"category tag\">Blog<\/a>","rttpg_excerpt":"30 \u00e9ve, 1991. okt\u00f3ber 13-\u00e1n avatt\u00e1k fel Szigetszentmikl\u00f3son az \u00faj reform\u00e1tus templomot. 1944-ben lebomb\u00e1zott el\u0151dje hely\u00e9re a gy\u00fclekezet t\u00f6bb mint negyven \u00e9ven \u00e1t nem \u00e9p\u00edthetett templomot, pedig p\u00e9nz, \u00e9p\u00edt\u0151anyag, tervek \u00e9s akarat is lett volna hozz\u00e1. Az \u00e9p\u00edtkez\u00e9s 1986-ban kezd\u0151dhetett el, \u00e9s a gy\u00fclekezet tagjainak akt\u00edv r\u00e9szv\u00e9tel\u00e9vel k\u00e9sz\u00fclt el 1991-re. A k\u00e9peken Kerepesi K\u00e1roly \u00e9s&hellip;","_links":{"self":[{"href":"https:\/\/miklosimuzeum.hu\/en\/wp-json\/wp\/v2\/posts\/866","targetHints":{"allow":["GET"]}}],"collection":[{"href":"https:\/\/miklosimuzeum.hu\/en\/wp-json\/wp\/v2\/posts"}],"about":[{"href":"https:\/\/miklosimuzeum.hu\/en\/wp-json\/wp\/v2\/types\/post"}],"author":[{"embeddable":true,"href":"https:\/\/miklosimuzeum.hu\/en\/wp-json\/wp\/v2\/users\/1"}],"replies":[{"embeddable":true,"href":"https:\/\/miklosimuzeum.hu\/en\/wp-json\/wp\/v2\/comments?post=866"}],"version-history":[{"count":1,"href":"https:\/\/miklosimuzeum.hu\/en\/wp-json\/wp\/v2\/posts\/866\/revisions"}],"predecessor-version":[{"id":869,"href":"https:\/\/miklosimuzeum.hu\/en\/wp-json\/wp\/v2\/posts\/866\/revisions\/869"}],"wp:featuredmedia":[{"embeddable":true,"href":"https:\/\/miklosimuzeum.hu\/en\/wp-json\/wp\/v2\/media\/867"}],"wp:attachment":[{"href":"https:\/\/miklosimuzeum.hu\/en\/wp-json\/wp\/v2\/media?parent=866"}],"wp:term":[{"taxonomy":"category","embeddable":true,"href":"https:\/\/miklosimuzeum.hu\/en\/wp-json\/wp\/v2\/categories?post=866"},{"taxonomy":"post_tag","embeddable":true,"href":"https:\/\/miklosimuzeum.hu\/en\/wp-json\/wp\/v2\/tags?post=866"}],"curies":[{"name":"wp","href":"https:\/\/api.w.org\/{rel}","templated":true}]}}