{"id":862,"date":"2021-10-07T13:44:48","date_gmt":"2021-10-07T13:44:48","guid":{"rendered":"https:\/\/mischdesign.hu\/miklosimuzeum\/?p=862"},"modified":"2022-08-18T15:40:16","modified_gmt":"2022-08-18T15:40:16","slug":"125-eve-szuletett-adam-jeno","status":"publish","type":"post","link":"https:\/\/miklosimuzeum.hu\/en\/2021\/10\/07\/125-eve-szuletett-adam-jeno\/","title":{"rendered":"125 \u00e9ve sz\u00fcletett \u00c1d\u00e1m Jen\u0151"},"content":{"rendered":"<p><strong>Id\u00e9n 125 \u00e9ve sz\u00fcletett \u00c1d\u00e1m Jen\u0151, \u00e9s 30 \u00e9ve m\u0171k\u00f6dik a nev\u00e9t visel\u0151 zeneiskola v\u00e1rosunkban. Nem kerek, de fontos \u00e9vfordul\u00f3 zajlott le p\u00e1r napja: 42 \u00e9ve 1979. okt\u00f3ber 5-\u00e9n nyitotta meg kapuit l\u00e1togat\u00f3i el\u0151tt az \u00c1d\u00e1m Jen\u0151 Eml\u00e9kh\u00e1z. L\u00e1ssuk, mit \u00edr Imre b\u00e1csi, az \u00c1d\u00e1m Jen\u0151 Eml\u00e9kh\u00e1z l\u00e9trehoz\u00e1s\u00e1\u00e9rt sokat f\u00e1radoz\u00f3 helyt\u00f6rt\u00e9n\u00e9sz\u00fcnk az eml\u00e9kh\u00e1z nyit\u00e1s\u00e1r\u00f3l a F\u00e9nysz\u00f3r\u00f3ban 1979. okt\u00f3ber 3-\u00e1n:<\/strong><\/p>\n\n\n\n<h2 class=\"wp-block-heading\">Kapunyit\u00e1s el\u0151tt<\/h2>\n\n\n<div class=\"wp-block-image\">\n<figure class=\"alignleft size-large is-resized\"><a href=\"https:\/\/mischdesign.hu\/miklosimuzeum\/wp-content\/uploads\/2022\/08\/07b.jpg\"><img fetchpriority=\"high\" decoding=\"async\" src=\"https:\/\/mischdesign.hu\/miklosimuzeum\/wp-content\/uploads\/2022\/08\/07b-1024x632.jpg\" alt=\"\" class=\"wp-image-864\" width=\"426\" height=\"263\"\/><\/a><figcaption>\u00c1d\u00e1m Jen\u0151 a megnyit\u00f3ra elj\u00f6tt t\u00f6meg koszor\u00faj\u00e1ban<\/figcaption><\/figure>\n<\/div>\n\n\n<p>\u00dajabb kultur\u00e1lis l\u00e9tes\u00edtm\u00e9nnyel gazdagodott Szigetszentmikl\u00f3s \u00e9s vele j\u00e1r\u00e1sunk is. Elk\u00e9sz\u00fclt augusztus 20-\u00e1ra az \u00c1d\u00e1m Jen\u0151 Eml\u00e9kh\u00e1z, s megt\u00f6rt\u00e9nt a m\u0171szaki \u00e1tad\u00e1s. K\u00f6ztudott, hogy a 83 \u00e9ves zenetud\u00f3s v\u00e9grendelet\u00e9ben h\u00e1rom \u00e9vvel ezel\u0151tt sz\u00fcl\u0151faluj\u00e1ra hagyta eg\u00e9sz szellemi vagyon\u00e1t, dolgoz\u00f3szob\u00e1j\u00e1nak teljes berendez\u00e9s\u00e9t. A nagyk\u00f6zs\u00e9gi tan\u00e1cs \u00f6r\u00f6mmel fogadta az aj\u00e1nd\u00e9kot, \u00e9s a falu d\u00edszpolg\u00e1r\u00e1nak sz\u00fcl\u0151h\u00e1z\u00e1t a megyei tan\u00e1cs t\u00e1mogat\u00e1s\u00e1val megv\u00e1s\u00e1rolta. Tavaly az egyik tan\u00e1cs\u00fcl\u00e9sen hat\u00e1rozat sz\u00fcletett, fel\u00faj\u00edtj\u00e1k a hajdani sz\u00fcl\u0151h\u00e1zat m\u00fazeumnak \u00e9s ott helyezz\u00fck el a zenei hagyat\u00e9kot.<\/p>\n\n\n\n<p>A munka a m\u00falt \u00e9v utols\u00f3 h\u00f3napj\u00e1ban kezd\u0151d\u00f6tt az \u00c1rp\u00e1d utcai h\u00e1zn\u00e1l. A c\u00e9l az volt, hogy a hajdani \u2013 akkor m\u00e9g n\u00e1das h\u00e1z, de az 1920-as \u00e9vek \u00f3ta cserepes \u2013 kis h\u00e1zat ki\u00e1ll\u00edt\u00f3termekk\u00e9 alak\u00edttatjuk \u00e1t. Az els\u0151 nagy teremben ker\u00fcl bemutat\u00e1sra a Kossuth-d\u00edjas zenetud\u00f3s \u00e9let\u00fatja, zenei munk\u00e1ss\u00e1g\u00e1nak dokumentumai. A m\u00e1sodik terem az a szoba, ahol az \u00c1d\u00e1m-csal\u00e1d els\u0151 fi\u00fagyermeke Jen\u0151 (majd k\u00e9t \u00e9vvel k\u00e9s\u0151bb \u00f6ccse Lajos) 83 \u00e9vvel ezel\u0151tt sz\u00fcletett.<\/p>\n\n\n<div class=\"wp-block-image\">\n<figure class=\"alignright size-large is-resized\"><a href=\"https:\/\/mischdesign.hu\/miklosimuzeum\/wp-content\/uploads\/2022\/08\/07a.jpg\"><img decoding=\"async\" src=\"https:\/\/mischdesign.hu\/miklosimuzeum\/wp-content\/uploads\/2022\/08\/07a-1024x698.jpg\" alt=\"\" class=\"wp-image-863\" width=\"364\" height=\"248\"\/><\/a><figcaption>Az eml\u00e9kh\u00e1z berendez\u00e9se a megnyit\u00f3 idej\u00e9n<\/figcaption><\/figure>\n<\/div>\n\n\n<p>Itt helyezz\u00fck el b\u00fatorait, a festm\u00e9nyeket, amelyek j\u00f3 r\u00e9sze most ker\u00fcl bemutat\u00e1sra. A harmadik teremben pedig most az adom\u00e1nyokat l\u00e1thatjuk, m\u00edg a negyedik helyis\u00e9gbe iroda \u00e9s kutat\u00f3szoba ker\u00fcl. Itt lesz elhelyezve a falum\u00fazeum iratt\u00e1ra is, mert a k\u00e9kt\u00f3i m\u00fazeumn\u00e1l csak ki\u00e1ll\u00edt\u00e1snak jutott hely.<\/p>\n\n\n\n<p>Augusztus 9-\u00e9n megt\u00f6rt\u00e9nt a h\u00e1z m\u0171szaki \u00e1tad\u00e1sa, a hib\u00e1k jav\u00edt\u00e1s\u00e1t augusztus 20-ra teljes\u00edtett\u00e9k.<\/p>\n\n\n\n<p>Az \u00e1tad\u00e1s \u00f3ta folyik a ki\u00e1ll\u00edt\u00e1s rendez\u00e9se. A megyei m\u00fazeum j\u00f3volt\u00e1b\u00f3l a ki\u00e1ll\u00edt\u00e1shoz ingyen kaptunk vitrineket. A t\u00f6bbi kiad\u00e1sokat a nagyk\u00f6zs\u00e9gi tan\u00e1cs fedezte. Meg\u00e9rkezett az adom\u00e1ny is a m\u00fazeumhoz \u00c1d\u00e1m Jen\u0151t\u0151l, megkezd\u0151d\u00f6tt az anyagok rendez\u00e9se.<\/p>\n\n\n\n<p>Ezekben a napokban teh\u00e1t l\u00e1zas munka folyik a h\u00e1zban. A tervek szerint a m\u00fazeumi h\u00f3napra, okt\u00f3ber elej\u00e9re szeretn\u00e9nk megnyitni a zenetud\u00f3sr\u00f3l elnevezett Eml\u00e9kh\u00e1zat \u00e9s ki\u00e1ll\u00edt\u00e1st.<\/p>\n\n\n\n<p>V. I.<\/p>","protected":false},"excerpt":{"rendered":"<p>Id\u00e9n 125 \u00e9ve sz\u00fcletett \u00c1d\u00e1m Jen\u0151, \u00e9s 30 \u00e9ve m\u0171k\u00f6dik a nev\u00e9t visel\u0151 zeneiskola v\u00e1rosunkban. Nem kerek, de fontos \u00e9vfordul\u00f3 zajlott le p\u00e1r napja: 42 \u00e9ve 1979. okt\u00f3ber 5-\u00e9n nyitotta meg kapuit l\u00e1togat\u00f3i el\u0151tt az \u00c1d\u00e1m Jen\u0151 Eml\u00e9kh\u00e1z. L\u00e1ssuk, mit \u00edr Imre b\u00e1csi, az \u00c1d\u00e1m Jen\u0151 Eml\u00e9kh\u00e1z l\u00e9trehoz\u00e1s\u00e1\u00e9rt sokat f\u00e1radoz\u00f3 helyt\u00f6rt\u00e9n\u00e9sz\u00fcnk az eml\u00e9kh\u00e1z nyit\u00e1s\u00e1r\u00f3l a [&hellip;]<\/p>","protected":false},"author":1,"featured_media":863,"comment_status":"open","ping_status":"open","sticky":false,"template":"","format":"standard","meta":{"ub_ctt_via":"","ocean_post_layout":"","ocean_both_sidebars_style":"","ocean_both_sidebars_content_width":0,"ocean_both_sidebars_sidebars_width":0,"ocean_sidebar":"0","ocean_second_sidebar":"0","ocean_disable_margins":"enable","ocean_add_body_class":"","ocean_shortcode_before_top_bar":"","ocean_shortcode_after_top_bar":"","ocean_shortcode_before_header":"","ocean_shortcode_after_header":"","ocean_has_shortcode":"","ocean_shortcode_after_title":"","ocean_shortcode_before_footer_widgets":"","ocean_shortcode_after_footer_widgets":"","ocean_shortcode_before_footer_bottom":"","ocean_shortcode_after_footer_bottom":"","ocean_display_top_bar":"default","ocean_display_header":"default","ocean_header_style":"","ocean_center_header_left_menu":"0","ocean_custom_header_template":"0","ocean_custom_logo":0,"ocean_custom_retina_logo":0,"ocean_custom_logo_max_width":0,"ocean_custom_logo_tablet_max_width":0,"ocean_custom_logo_mobile_max_width":0,"ocean_custom_logo_max_height":0,"ocean_custom_logo_tablet_max_height":0,"ocean_custom_logo_mobile_max_height":0,"ocean_header_custom_menu":"0","ocean_menu_typo_font_family":"0","ocean_menu_typo_font_subset":"","ocean_menu_typo_font_size":0,"ocean_menu_typo_font_size_tablet":0,"ocean_menu_typo_font_size_mobile":0,"ocean_menu_typo_font_size_unit":"px","ocean_menu_typo_font_weight":"","ocean_menu_typo_font_weight_tablet":"","ocean_menu_typo_font_weight_mobile":"","ocean_menu_typo_transform":"","ocean_menu_typo_transform_tablet":"","ocean_menu_typo_transform_mobile":"","ocean_menu_typo_line_height":0,"ocean_menu_typo_line_height_tablet":0,"ocean_menu_typo_line_height_mobile":0,"ocean_menu_typo_line_height_unit":"","ocean_menu_typo_spacing":0,"ocean_menu_typo_spacing_tablet":0,"ocean_menu_typo_spacing_mobile":0,"ocean_menu_typo_spacing_unit":"","ocean_menu_link_color":"","ocean_menu_link_color_hover":"","ocean_menu_link_color_active":"","ocean_menu_link_background":"","ocean_menu_link_hover_background":"","ocean_menu_link_active_background":"","ocean_menu_social_links_bg":"","ocean_menu_social_hover_links_bg":"","ocean_menu_social_links_color":"","ocean_menu_social_hover_links_color":"","ocean_disable_title":"default","ocean_disable_heading":"default","ocean_post_title":"","ocean_post_subheading":"","ocean_post_title_style":"","ocean_post_title_background_color":"","ocean_post_title_background":0,"ocean_post_title_bg_image_position":"","ocean_post_title_bg_image_attachment":"","ocean_post_title_bg_image_repeat":"","ocean_post_title_bg_image_size":"","ocean_post_title_height":0,"ocean_post_title_bg_overlay":0.5,"ocean_post_title_bg_overlay_color":"","ocean_disable_breadcrumbs":"default","ocean_breadcrumbs_color":"","ocean_breadcrumbs_separator_color":"","ocean_breadcrumbs_links_color":"","ocean_breadcrumbs_links_hover_color":"","ocean_display_footer_widgets":"default","ocean_display_footer_bottom":"default","ocean_custom_footer_template":"0","ocean_post_oembed":"","ocean_post_self_hosted_media":"","ocean_post_video_embed":"","ocean_link_format":"","ocean_link_format_target":"self","ocean_quote_format":"","ocean_quote_format_link":"post","ocean_gallery_link_images":"off","ocean_gallery_id":[],"footnotes":""},"categories":[11],"tags":[46,22,12],"class_list":["post-862","post","type-post","status-publish","format-standard","has-post-thumbnail","hentry","category-blog","tag-adam-jeno","tag-evfordulo","tag-voo-imre","entry","has-media"],"featured_image_src":"https:\/\/miklosimuzeum.hu\/wp-content\/uploads\/2022\/08\/07a.jpg","author_info":{"display_name":"Miss N\u00e1ndor","author_link":"https:\/\/miklosimuzeum.hu\/en\/author\/admin\/"},"rttpg_featured_image_url":{"full":["https:\/\/miklosimuzeum.hu\/wp-content\/uploads\/2022\/08\/07a.jpg",1200,818,false],"landscape":["https:\/\/miklosimuzeum.hu\/wp-content\/uploads\/2022\/08\/07a.jpg",1200,818,false],"portraits":["https:\/\/miklosimuzeum.hu\/wp-content\/uploads\/2022\/08\/07a.jpg",1200,818,false],"thumbnail":["https:\/\/miklosimuzeum.hu\/wp-content\/uploads\/2022\/08\/07a-150x150.jpg",150,150,true],"medium":["https:\/\/miklosimuzeum.hu\/wp-content\/uploads\/2022\/08\/07a-300x205.jpg",300,205,true],"large":["https:\/\/miklosimuzeum.hu\/wp-content\/uploads\/2022\/08\/07a-1024x698.jpg",1024,698,true],"1536x1536":["https:\/\/miklosimuzeum.hu\/wp-content\/uploads\/2022\/08\/07a.jpg",1200,818,false],"2048x2048":["https:\/\/miklosimuzeum.hu\/wp-content\/uploads\/2022\/08\/07a.jpg",1200,818,false],"trp-custom-language-flag":["https:\/\/miklosimuzeum.hu\/wp-content\/uploads\/2022\/08\/07a.jpg",18,12,false],"ocean-thumb-m":["https:\/\/miklosimuzeum.hu\/wp-content\/uploads\/2022\/08\/07a-600x600.jpg",600,600,true],"ocean-thumb-ml":["https:\/\/miklosimuzeum.hu\/wp-content\/uploads\/2022\/08\/07a-800x450.jpg",800,450,true],"ocean-thumb-l":["https:\/\/miklosimuzeum.hu\/wp-content\/uploads\/2022\/08\/07a-1200x700.jpg",1200,700,true]},"rttpg_author":{"display_name":"Miss N\u00e1ndor","author_link":"https:\/\/miklosimuzeum.hu\/en\/author\/admin\/"},"rttpg_comment":0,"rttpg_category":"<a href=\"https:\/\/miklosimuzeum.hu\/en\/category\/blog\/\" rel=\"category tag\">Blog<\/a>","rttpg_excerpt":"Id\u00e9n 125 \u00e9ve sz\u00fcletett \u00c1d\u00e1m Jen\u0151, \u00e9s 30 \u00e9ve m\u0171k\u00f6dik a nev\u00e9t visel\u0151 zeneiskola v\u00e1rosunkban. Nem kerek, de fontos \u00e9vfordul\u00f3 zajlott le p\u00e1r napja: 42 \u00e9ve 1979. okt\u00f3ber 5-\u00e9n nyitotta meg kapuit l\u00e1togat\u00f3i el\u0151tt az \u00c1d\u00e1m Jen\u0151 Eml\u00e9kh\u00e1z. L\u00e1ssuk, mit \u00edr Imre b\u00e1csi, az \u00c1d\u00e1m Jen\u0151 Eml\u00e9kh\u00e1z l\u00e9trehoz\u00e1s\u00e1\u00e9rt sokat f\u00e1radoz\u00f3 helyt\u00f6rt\u00e9n\u00e9sz\u00fcnk az eml\u00e9kh\u00e1z nyit\u00e1s\u00e1r\u00f3l a&hellip;","_links":{"self":[{"href":"https:\/\/miklosimuzeum.hu\/en\/wp-json\/wp\/v2\/posts\/862","targetHints":{"allow":["GET"]}}],"collection":[{"href":"https:\/\/miklosimuzeum.hu\/en\/wp-json\/wp\/v2\/posts"}],"about":[{"href":"https:\/\/miklosimuzeum.hu\/en\/wp-json\/wp\/v2\/types\/post"}],"author":[{"embeddable":true,"href":"https:\/\/miklosimuzeum.hu\/en\/wp-json\/wp\/v2\/users\/1"}],"replies":[{"embeddable":true,"href":"https:\/\/miklosimuzeum.hu\/en\/wp-json\/wp\/v2\/comments?post=862"}],"version-history":[{"count":1,"href":"https:\/\/miklosimuzeum.hu\/en\/wp-json\/wp\/v2\/posts\/862\/revisions"}],"predecessor-version":[{"id":865,"href":"https:\/\/miklosimuzeum.hu\/en\/wp-json\/wp\/v2\/posts\/862\/revisions\/865"}],"wp:featuredmedia":[{"embeddable":true,"href":"https:\/\/miklosimuzeum.hu\/en\/wp-json\/wp\/v2\/media\/863"}],"wp:attachment":[{"href":"https:\/\/miklosimuzeum.hu\/en\/wp-json\/wp\/v2\/media?parent=862"}],"wp:term":[{"taxonomy":"category","embeddable":true,"href":"https:\/\/miklosimuzeum.hu\/en\/wp-json\/wp\/v2\/categories?post=862"},{"taxonomy":"post_tag","embeddable":true,"href":"https:\/\/miklosimuzeum.hu\/en\/wp-json\/wp\/v2\/tags?post=862"}],"curies":[{"name":"wp","href":"https:\/\/api.w.org\/{rel}","templated":true}]}}