{"id":853,"date":"2021-09-23T13:39:13","date_gmt":"2021-09-23T13:39:13","guid":{"rendered":"https:\/\/mischdesign.hu\/miklosimuzeum\/?p=853"},"modified":"2022-08-18T15:39:53","modified_gmt":"2022-08-18T15:39:53","slug":"853","status":"publish","type":"post","link":"https:\/\/miklosimuzeum.hu\/en\/2021\/09\/23\/853\/","title":{"rendered":"125 \u00e9ves a Kinizsi utcai baptista gy\u00fclekezet"},"content":{"rendered":"<p><strong>A Mikl\u00f3si Mustra rendezv\u00e9ny\u00e9n kis ki\u00e1ll\u00edt\u00e1st l\u00e1thattak az \u00e9rdekl\u0151d\u0151k a szigetszentmikl\u00f3si baptista gy\u00fclekezet fenn\u00e1ll\u00e1s\u00e1nak 125. \u00e9vfordul\u00f3ja alkalm\u00e1b\u00f3l. E hossz\u00fa id\u0151 alatt a gy\u00fclekezet szerves r\u00e9sze lett Szigetszentmikl\u00f3s k\u00f6z\u00e9let\u00e9nek, \u00e9s a k\u00f6z\u00f6ss\u00e9g ma is stabilan m\u0171k\u00f6dik v\u00e1rosunkban. L\u00e1ssuk, mit \u00edrt Imre b\u00e1csi, aki maga is baptista volt a gy\u00fclekezet t\u00f6rt\u00e9net\u00e9r\u0151l a Mikl\u00f3si \u00dajs\u00e1g has\u00e1bjain 1996-ban.<\/strong><\/p>\n\n\n\n<h2 class=\"wp-block-heading\">\u00c9p\u00fcl v\u00e1rosunk harmadik temploma<\/h2>\n\n\n<div class=\"wp-block-image\">\n<figure class=\"alignleft size-large is-resized\"><a href=\"https:\/\/mischdesign.hu\/miklosimuzeum\/wp-content\/uploads\/2022\/08\/23b.jpg\"><img fetchpriority=\"high\" decoding=\"async\" src=\"https:\/\/mischdesign.hu\/miklosimuzeum\/wp-content\/uploads\/2022\/08\/23b-678x1024.jpg\" alt=\"\" class=\"wp-image-855\" width=\"329\" height=\"497\"\/><\/a><figcaption>Az \u00faj templom a nyit\u00e1s ut\u00e1n<\/figcaption><\/figure>\n<\/div>\n\n\n<p>Ez \u00e9vben \u00fcnnepli v\u00e1rosunkban alakul\u00e1s\u00e1nak 100. \u00e9vfordul\u00f3j\u00e1t a Baptista gy\u00fclekezet. \u00d6tvenh\u00e1rom \u00e9ve lett \u00f6n\u00e1ll\u00f3 k\u00f6z\u00f6ss\u00e9g, amikor 1943-ban Bretz Vilmost megh\u00edvta lelkip\u00e1sztor\u00e1nak.<\/p>\n\n\n\n<p>Kevesen tudj\u00e1k, hogy a baptista vall\u00e1s a reform\u00e1ci\u00f3 harmadik \u00e1gak\u00e9nt terjedt el haz\u00e1nkban, igaz, akkor m\u00e9g anabaptist\u00e1knak (\u00fajrakeresztel\u0151knek) h\u00edvt\u00e1k \u0151ket. Magyarorsz\u00e1gon 150 \u00e9vvel ezel\u0151tt indult be a baptista misszi\u00f3, Szigetszentmikl\u00f3son pedig 1896-ban kezd\u0151d\u00f6tt el. Kezdetben h\u00e1zakn\u00e1l tartott\u00e1k az istentiszteleteket a baptista h\u00edv\u0151k a Kinizsi, majd a Bercs\u00e9nyi utc\u00e1ban az I. vil\u00e1gh\u00e1bor\u00fa el\u0151tt. Az 1920-as \u00e9vekben n\u00f6vekedett a tagok sz\u00e1ma, 1925-ben hivatalosan is elismert lett a baptista gy\u00fclekezet falunkban. A k\u00e1polna\u00e9p\u00edt\u00e9s gondolata 1929-ben vet\u0151d\u00f6tt fel, amikor Fodor Istv\u00e1nn\u00e9 ingyen telket adom\u00e1nyozott templom\u00e9p\u00edt\u00e9sre. Addig b\u00e9relt helyis\u00e9gekben j\u00f6ttek \u00f6ssze a h\u00edv\u0151k. A Kinizsi u. 43. sz\u00e1m alatt 1931-ben elk\u00e9sz\u00fclt nagy t\u00e1rsadalmi munk\u00e1val, \u00f6nk\u00e9ntes adom\u00e1nyokb\u00f3l a k\u00e1polna.<\/p>\n\n\n\n<p>A gy\u00fclekezet 1943-ban \u00f6n\u00e1ll\u00f3s\u00edtotta mag\u00e1t \u00e9s Bretz Vilmos lett az els\u0151 lelkip\u00e1sztora. A k\u00f6z\u00f6ss\u00e9gnek ezekben az \u00e9vekben \u00e9nekkara, penget\u0151s \u00e9s f\u00fav\u00f3s-zenekara m\u0171k\u00f6d\u00f6tt. 1946-ban lelk\u00e9szlak\u00e1st v\u00e1s\u00e1roltak a h\u00edv\u0151k a Kinizsi u. 3-ban. A 40 \u00e9ves kommunista rendszer az egyh\u00e1zakat is nagyon megviselte, megpr\u00f3b\u00e1lta Szigetszentmikl\u00f3son is. A f\u00f6ldreng\u00e9s 1956-ban a k\u00e1poln\u00e1t is megrong\u00e1lta, a fel\u00faj\u00edt\u00e1skor a k\u00e1polna v\u00e9g\u00e9re egy kistermet is \u00e9p\u00edtettek. Bretz Vilmos lelkip\u00e1sztor 1958-ban ment nyugd\u00edjba, ut\u00f3dja K\u00e1ldi J\u00f3zsef lett (1959-1964), \u0151t k\u00f6vette Kalk\u00f3 J\u00f3zsef 1965-1973 k\u00f6z\u00f6tt. A k\u00e1polna fel\u00faj\u00edt\u00e1sa \u00e9s el\u0151t\u00e9r \u00e9p\u00edt\u00e9se 1971-ben volt. Negyedik, megb\u00edzott lelk\u00e9sze a k\u00f6z\u00f6ss\u00e9gnek Patai J\u00f3zsef volt f\u00e9l \u00e9vig 1973-ban. Az \u00f6t\u00f6dik lelk\u00e9sze a gy\u00fclekezetnek ifj. Alm\u00e1si Mih\u00e1ly lett 1974-t\u0151l napjainkig.<\/p>\n\n\n<div class=\"wp-block-image\">\n<figure class=\"alignright size-large is-resized\"><a href=\"https:\/\/mischdesign.hu\/miklosimuzeum\/wp-content\/uploads\/2022\/08\/23.jpg\"><img decoding=\"async\" src=\"https:\/\/mischdesign.hu\/miklosimuzeum\/wp-content\/uploads\/2022\/08\/23-1024x702.jpg\" alt=\"\" class=\"wp-image-854\" width=\"368\" height=\"252\"\/><\/a><figcaption>A r\u00e9gi baptista k\u00e1polna<\/figcaption><\/figure>\n<\/div>\n\n\n<p>Az \u00e9p\u00edtkez\u00e9sek \u00e9vtizede kezd\u0151d\u00f6tt, 1975-ben a r\u00e9gi par\u00f3ki\u00e1t elbontotta a k\u00f6z\u00f6ss\u00e9g, \u00e9s \u00faj \u00e9p\u00edt\u00e9s\u00e9be fogott, mely 1976 kar\u00e1csony\u00e1n m\u00e1r lakhat\u00f3 lett. Alm\u00e1si Mih\u00e1ly lelkip\u00e1sztor 1981-ben a Debreceni Reform\u00e1tus Teol\u00f3gi\u00e1n doktori c\u00edmet szerzett, majd 1982 janu\u00e1rj\u00e1ban 4 \u00e9ves amerikai k\u00fclszolg\u00e1latra ment. Hely\u00e9t \u00e9desapja, id. Alm\u00e1si Mih\u00e1ly ny. lelkip\u00e1sztor t\u00f6lt\u00f6tte be 4 \u00e9vig. A k\u00e1poln\u00e1ba 1983 nyar\u00e1n orgon\u00e1t vettek \u00e9s er\u0151s\u00edt\u0151 berendez\u00e9st.<\/p>\n\n\n\n<p>A baptista gy\u00fclekezet lelkip\u00e1sztora, dr. Alm\u00e1si Mih\u00e1ly 1986 tavasz\u00e1n \u00e9rkezett vissza Amerik\u00e1b\u00f3l. A k\u00f6z\u00f6ss\u00e9g \u00faj templom \u00e9p\u00edt\u00e9s\u00e9be fogott 1988 \u0151sz\u00e9n a szomsz\u00e9dos telek megv\u00e1s\u00e1rl\u00e1sa ut\u00e1n. Az \u00e9p\u00edtkez\u00e9s 8 \u00e9ve tart, hamarosan befejez\u0151dik. A v\u00e1ros harmadik templom\u00e1nak 12 m\u00e9ter magas tornya lesz ,rajta nagy kereszttel. Kedvez\u0151en alakul a templom k\u00f6rny\u00e9ke is az \u00faj bek\u00f6t\u0151 \u00fat k\u00f6vetkezt\u00e9ben, rendes j\u00e1rda is \u00e9p\u00fcl.<\/p>\n\n\n\n<p>A baptista egyh\u00e1z tags\u00e1ga erej\u00e9n fel\u00fcli munk\u00e1t v\u00e1llalt az \u00e9p\u00edtkez\u00e9ssel, de rem\u00e9nys\u00e9ggel \u00e9s Isten seg\u00edts\u00e9g\u00e9vel a h\u00edvek adom\u00e1ny\u00e1val szeretn\u00e9 befejezni, \u00e9s augusztus 18-\u00e1n haszn\u00e1latba venni \u00faj templom\u00e1t. \u00dagy legyen.<\/p>","protected":false},"excerpt":{"rendered":"<p>A Mikl\u00f3si Mustra rendezv\u00e9ny\u00e9n kis ki\u00e1ll\u00edt\u00e1st l\u00e1thattak az \u00e9rdekl\u0151d\u0151k a szigetszentmikl\u00f3si baptista gy\u00fclekezet fenn\u00e1ll\u00e1s\u00e1nak 125. \u00e9vfordul\u00f3ja alkalm\u00e1b\u00f3l. E hossz\u00fa id\u0151 alatt a gy\u00fclekezet szerves r\u00e9sze lett Szigetszentmikl\u00f3s k\u00f6z\u00e9let\u00e9nek, \u00e9s a k\u00f6z\u00f6ss\u00e9g ma is stabilan m\u0171k\u00f6dik v\u00e1rosunkban. L\u00e1ssuk, mit \u00edrt Imre b\u00e1csi, aki maga is baptista volt a gy\u00fclekezet t\u00f6rt\u00e9net\u00e9r\u0151l a Mikl\u00f3si \u00dajs\u00e1g has\u00e1bjain 1996-ban. \u00c9p\u00fcl [&hellip;]<\/p>","protected":false},"author":1,"featured_media":856,"comment_status":"open","ping_status":"open","sticky":false,"template":"","format":"standard","meta":{"ub_ctt_via":"","ocean_post_layout":"","ocean_both_sidebars_style":"","ocean_both_sidebars_content_width":0,"ocean_both_sidebars_sidebars_width":0,"ocean_sidebar":"0","ocean_second_sidebar":"0","ocean_disable_margins":"enable","ocean_add_body_class":"","ocean_shortcode_before_top_bar":"","ocean_shortcode_after_top_bar":"","ocean_shortcode_before_header":"","ocean_shortcode_after_header":"","ocean_has_shortcode":"","ocean_shortcode_after_title":"","ocean_shortcode_before_footer_widgets":"","ocean_shortcode_after_footer_widgets":"","ocean_shortcode_before_footer_bottom":"","ocean_shortcode_after_footer_bottom":"","ocean_display_top_bar":"default","ocean_display_header":"default","ocean_header_style":"","ocean_center_header_left_menu":"0","ocean_custom_header_template":"0","ocean_custom_logo":0,"ocean_custom_retina_logo":0,"ocean_custom_logo_max_width":0,"ocean_custom_logo_tablet_max_width":0,"ocean_custom_logo_mobile_max_width":0,"ocean_custom_logo_max_height":0,"ocean_custom_logo_tablet_max_height":0,"ocean_custom_logo_mobile_max_height":0,"ocean_header_custom_menu":"0","ocean_menu_typo_font_family":"0","ocean_menu_typo_font_subset":"","ocean_menu_typo_font_size":0,"ocean_menu_typo_font_size_tablet":0,"ocean_menu_typo_font_size_mobile":0,"ocean_menu_typo_font_size_unit":"px","ocean_menu_typo_font_weight":"","ocean_menu_typo_font_weight_tablet":"","ocean_menu_typo_font_weight_mobile":"","ocean_menu_typo_transform":"","ocean_menu_typo_transform_tablet":"","ocean_menu_typo_transform_mobile":"","ocean_menu_typo_line_height":0,"ocean_menu_typo_line_height_tablet":0,"ocean_menu_typo_line_height_mobile":0,"ocean_menu_typo_line_height_unit":"","ocean_menu_typo_spacing":0,"ocean_menu_typo_spacing_tablet":0,"ocean_menu_typo_spacing_mobile":0,"ocean_menu_typo_spacing_unit":"","ocean_menu_link_color":"","ocean_menu_link_color_hover":"","ocean_menu_link_color_active":"","ocean_menu_link_background":"","ocean_menu_link_hover_background":"","ocean_menu_link_active_background":"","ocean_menu_social_links_bg":"","ocean_menu_social_hover_links_bg":"","ocean_menu_social_links_color":"","ocean_menu_social_hover_links_color":"","ocean_disable_title":"default","ocean_disable_heading":"default","ocean_post_title":"","ocean_post_subheading":"","ocean_post_title_style":"","ocean_post_title_background_color":"","ocean_post_title_background":0,"ocean_post_title_bg_image_position":"","ocean_post_title_bg_image_attachment":"","ocean_post_title_bg_image_repeat":"","ocean_post_title_bg_image_size":"","ocean_post_title_height":0,"ocean_post_title_bg_overlay":0.5,"ocean_post_title_bg_overlay_color":"","ocean_disable_breadcrumbs":"default","ocean_breadcrumbs_color":"","ocean_breadcrumbs_separator_color":"","ocean_breadcrumbs_links_color":"","ocean_breadcrumbs_links_hover_color":"","ocean_display_footer_widgets":"default","ocean_display_footer_bottom":"default","ocean_custom_footer_template":"0","ocean_post_oembed":"","ocean_post_self_hosted_media":"","ocean_post_video_embed":"","ocean_link_format":"","ocean_link_format_target":"self","ocean_quote_format":"","ocean_quote_format_link":"post","ocean_gallery_link_images":"off","ocean_gallery_id":[],"footnotes":""},"categories":[11],"tags":[65,64,22,12],"class_list":["post-853","post","type-post","status-publish","format-standard","has-post-thumbnail","hentry","category-blog","tag-baptista","tag-egyhaz","tag-evfordulo","tag-voo-imre","entry","has-media"],"featured_image_src":"https:\/\/miklosimuzeum.hu\/wp-content\/uploads\/2022\/08\/23c.jpg","author_info":{"display_name":"Miss N\u00e1ndor","author_link":"https:\/\/miklosimuzeum.hu\/en\/author\/admin\/"},"rttpg_featured_image_url":{"full":["https:\/\/miklosimuzeum.hu\/wp-content\/uploads\/2022\/08\/23c.jpg",1200,785,false],"landscape":["https:\/\/miklosimuzeum.hu\/wp-content\/uploads\/2022\/08\/23c.jpg",1200,785,false],"portraits":["https:\/\/miklosimuzeum.hu\/wp-content\/uploads\/2022\/08\/23c.jpg",1200,785,false],"thumbnail":["https:\/\/miklosimuzeum.hu\/wp-content\/uploads\/2022\/08\/23c-150x150.jpg",150,150,true],"medium":["https:\/\/miklosimuzeum.hu\/wp-content\/uploads\/2022\/08\/23c-300x196.jpg",300,196,true],"large":["https:\/\/miklosimuzeum.hu\/wp-content\/uploads\/2022\/08\/23c-1024x670.jpg",1024,670,true],"1536x1536":["https:\/\/miklosimuzeum.hu\/wp-content\/uploads\/2022\/08\/23c.jpg",1200,785,false],"2048x2048":["https:\/\/miklosimuzeum.hu\/wp-content\/uploads\/2022\/08\/23c.jpg",1200,785,false],"trp-custom-language-flag":["https:\/\/miklosimuzeum.hu\/wp-content\/uploads\/2022\/08\/23c.jpg",18,12,false],"ocean-thumb-m":["https:\/\/miklosimuzeum.hu\/wp-content\/uploads\/2022\/08\/23c-600x600.jpg",600,600,true],"ocean-thumb-ml":["https:\/\/miklosimuzeum.hu\/wp-content\/uploads\/2022\/08\/23c-800x450.jpg",800,450,true],"ocean-thumb-l":["https:\/\/miklosimuzeum.hu\/wp-content\/uploads\/2022\/08\/23c-1200x700.jpg",1200,700,true]},"rttpg_author":{"display_name":"Miss N\u00e1ndor","author_link":"https:\/\/miklosimuzeum.hu\/en\/author\/admin\/"},"rttpg_comment":0,"rttpg_category":"<a href=\"https:\/\/miklosimuzeum.hu\/en\/category\/blog\/\" rel=\"category tag\">Blog<\/a>","rttpg_excerpt":"A Mikl\u00f3si Mustra rendezv\u00e9ny\u00e9n kis ki\u00e1ll\u00edt\u00e1st l\u00e1thattak az \u00e9rdekl\u0151d\u0151k a szigetszentmikl\u00f3si baptista gy\u00fclekezet fenn\u00e1ll\u00e1s\u00e1nak 125. \u00e9vfordul\u00f3ja alkalm\u00e1b\u00f3l. E hossz\u00fa id\u0151 alatt a gy\u00fclekezet szerves r\u00e9sze lett Szigetszentmikl\u00f3s k\u00f6z\u00e9let\u00e9nek, \u00e9s a k\u00f6z\u00f6ss\u00e9g ma is stabilan m\u0171k\u00f6dik v\u00e1rosunkban. L\u00e1ssuk, mit \u00edrt Imre b\u00e1csi, aki maga is baptista volt a gy\u00fclekezet t\u00f6rt\u00e9net\u00e9r\u0151l a Mikl\u00f3si \u00dajs\u00e1g has\u00e1bjain 1996-ban. \u00c9p\u00fcl&hellip;","_links":{"self":[{"href":"https:\/\/miklosimuzeum.hu\/en\/wp-json\/wp\/v2\/posts\/853","targetHints":{"allow":["GET"]}}],"collection":[{"href":"https:\/\/miklosimuzeum.hu\/en\/wp-json\/wp\/v2\/posts"}],"about":[{"href":"https:\/\/miklosimuzeum.hu\/en\/wp-json\/wp\/v2\/types\/post"}],"author":[{"embeddable":true,"href":"https:\/\/miklosimuzeum.hu\/en\/wp-json\/wp\/v2\/users\/1"}],"replies":[{"embeddable":true,"href":"https:\/\/miklosimuzeum.hu\/en\/wp-json\/wp\/v2\/comments?post=853"}],"version-history":[{"count":2,"href":"https:\/\/miklosimuzeum.hu\/en\/wp-json\/wp\/v2\/posts\/853\/revisions"}],"predecessor-version":[{"id":861,"href":"https:\/\/miklosimuzeum.hu\/en\/wp-json\/wp\/v2\/posts\/853\/revisions\/861"}],"wp:featuredmedia":[{"embeddable":true,"href":"https:\/\/miklosimuzeum.hu\/en\/wp-json\/wp\/v2\/media\/856"}],"wp:attachment":[{"href":"https:\/\/miklosimuzeum.hu\/en\/wp-json\/wp\/v2\/media?parent=853"}],"wp:term":[{"taxonomy":"category","embeddable":true,"href":"https:\/\/miklosimuzeum.hu\/en\/wp-json\/wp\/v2\/categories?post=853"},{"taxonomy":"post_tag","embeddable":true,"href":"https:\/\/miklosimuzeum.hu\/en\/wp-json\/wp\/v2\/tags?post=853"}],"curies":[{"name":"wp","href":"https:\/\/api.w.org\/{rel}","templated":true}]}}