{"id":850,"date":"2021-09-16T13:36:30","date_gmt":"2021-09-16T13:36:30","guid":{"rendered":"https:\/\/mischdesign.hu\/miklosimuzeum\/?p=850"},"modified":"2022-08-18T15:39:44","modified_gmt":"2022-08-18T15:39:44","slug":"kossuth-lajos-varosunk-elso-diszpolgara","status":"publish","type":"post","link":"https:\/\/miklosimuzeum.hu\/en\/2021\/09\/16\/kossuth-lajos-varosunk-elso-diszpolgara\/","title":{"rendered":"Kossuth Lajos, v\u00e1rosunk els\u0151 d\u00edszpolg\u00e1ra"},"content":{"rendered":"<p><strong>Pontosan 129 \u00e9ve, 1892. szeptember 16-\u00e1n v\u00e1lasztott el\u0151sz\u00f6r d\u00edszpolg\u00e1rt Szigetszentmikl\u00f3s. Az akkori szok\u00e1snak megfelel\u0151en a k\u00f6zs\u00e9g els\u0151 ilyen kit\u00fcntet\u00e9s\u00e9t nem m\u00e1snak, mint a legend\u00e1s Kossuth Lajosnak adta. Az \u00e9vfordul\u00f3 eml\u00e9k\u00e9re l\u00e1ssuk, hogyan id\u00e9zte fel az akkori esem\u00e9nyeket Imre b\u00e1csi a F\u00e9nysz\u00f3r\u00f3 has\u00e1bjain 1982-ben, az akkori korszellemnek megfelel\u0151 k\u00f6r\u00edt\u00e9ssel.<\/strong><\/p>\n\n\n\n<h2 class=\"wp-block-heading\">Szigetszentmikl\u00f3s els\u0151 d\u00edszpolg\u00e1ra volt<\/h2>\n\n\n<div class=\"wp-block-image\">\n<figure class=\"alignleft size-large is-resized\"><a href=\"https:\/\/mischdesign.hu\/miklosimuzeum\/wp-content\/uploads\/2022\/08\/16.jpg\"><img fetchpriority=\"high\" decoding=\"async\" src=\"https:\/\/mischdesign.hu\/miklosimuzeum\/wp-content\/uploads\/2022\/08\/16-654x1024.jpg\" alt=\"\" class=\"wp-image-851\" width=\"338\" height=\"529\"\/><\/a><figcaption>A Kossuth-eml\u00e9kt\u00e1bla avat\u00e1sa a Tan\u00e1csh\u00e1za fal\u00e1n a rendszerv\u00e1lt\u00e1s \u00e9v\u00e9ben, 1989-ben.<\/figcaption><\/figure>\n<\/div>\n\n\n<p>Sz\u00e1znyolcvan \u00e9ve, 1802. szeptember 19-\u00e1n sz\u00fcletett Kossuth Lajos Monokon. Az \u00e9vfordul\u00f3 kapcs\u00e1n Kossuth kultusz\u00e1r\u00f3l szeretn\u00e9k sz\u00f3lni, \u00e9let\u00e9t, munk\u00e1j\u00e1t, nagys\u00e1g\u00e1t ismerj\u00fck, ezt bizony\u00e1ra a napilapok is m\u00e9ltatj\u00e1k majd. \u201eKossuth Lajos alakja, politik\u00e1j\u00e1nak n\u00e9pfelszabad\u00edt\u00f3 jellege elevenen \u00e9lt \u00e9s \u00e9l ma is a dolgoz\u00f3 n\u00e9p\u00fcnk sz\u00edv\u00e9ben\u201d, &#8211; \u00edrta 30 \u00e9vvel ezel\u0151tt R\u00e9vai J\u00f3zsef\u2026 Az elm\u00falt t\u00f6bb mint egy \u00e9vsz\u00e1zadban sz\u00e1mtalan Kossuth-n\u00f3ta, monda, legenda sz\u00fcletett az 1848-49-es szabads\u00e1gharc korm\u00e1nyz\u00f3j\u00e1r\u00f3l.<\/p>\n\n\n\n<p>A Magyar N\u00e9prajzi T\u00e1rsas\u00e1g tagjai az elm\u00falt 50 \u00e9vben megpr\u00f3b\u00e1lt\u00e1k \u00f6sszegy\u0171jteni a Kossuth-kultusz eml\u00e9keit. Sz\u00e1mtalan embert megk\u00e9rdeztek a n\u00e9prajzi gy\u0171jt\u0151k, hogy mondj\u00e1k el, mit tudnak Kossuthr\u00f3l. A v\u00e1laszok naivak \u00e9s vegyesek voltak. Az \u00f6sszegy\u0171jt\u00f69tt anyagb\u00f3l kider\u00fclt, hogy Szent Istv\u00e1n, Hunyadi M\u00e1ty\u00e1s, R\u00e1k\u00f3czi ut\u00e1n Kossuth alakj\u00e1hoz f\u0171zt\u00e9k a legt\u00f6bb anekdot\u00e1t. Sz\u00e1mtalan n\u00e9pi vers sz\u00f3l a szeg\u00e9nyek \u00e9s jobb\u00e1gyok felszabad\u00edt\u00f3j\u00e1r\u00f3l. A Kossuth-dalok t\u00f6bb mint 600 sz\u00f6veges v\u00e1ltozat\u00e1t jegyezt\u00e9k fel a gy\u0171jt\u0151k. Az els\u0151 v\u00e1ltozat\u00e1t m\u00e1r 1848 december\u00e9ben \u00e9nekelt\u00e9k a nagysall\u00f3i leg\u00e9nyek, Kossuthot is \u00e9vtizedekig v\u00e1rt\u00e1k haza az emigr\u00e1ci\u00f3b\u00f3l, ak\u00e1rcsak annak idej\u00e9n II. R\u00e1k\u00f3czi Ferenc fejedelmet.<\/p>\n\n\n\n<p>A m\u00falt sz\u00e1zad m\u00e1sodik fel\u00e9ben sz\u00e1mtalan Kossuth-k\u00e9p ker\u00fclt forgalomba. Az \u00fajs\u00e1gok is gyakran k\u00f6z\u00f6ltek h\u00edreket az id\u0151s\u00f6d\u0151 korm\u00e1nyz\u00f3r\u00f3l. A Csepel-szigeten is nagy volt a hajdani korm\u00e1nyz\u00f3 kultusza. H\u00e1rom level\u00e9t ismerj\u00fck, amely j\u00e1r\u00e1sunkhoz kapcsol\u00f3dok, kett\u0151t D\u00f6ms\u00f6dre, egyet R\u00e1ckev\u00e9nek c\u00edmeztetett. Szigetszentmikl\u00f3son a k\u00f6zs\u00e9gi el\u00f6lj\u00e1r\u00f3s\u00e1g 1892. szeptember 16-\u00e1n Kossuth Lajost a falu els\u0151 d\u00edszpolg\u00e1r\u00e1nak v\u00e1lasztott\u00e1k meg. Kardos Istv\u00e1n helybeli tan\u00edt\u00f3 \u00edgy \u00edrja le az esem\u00e9nyt:<\/p>\n\n\n\n<p>\u201eVan egy nagyszer\u0171 \u00e9pidemikus lelkes\u00fclts\u00e9g haz\u00e1nk nagy fia, Kossuth Lajos ir\u00e1ny\u00e1ban, ki most szeptember 19-\u00e9n t\u00f6lti be 90. sz\u00fclet\u00e9si \u00e9v\u00e9t. Minden\u00fctt az orsz\u00e1gban jubileumi \u00fcnnepet rendeznek ennek eml\u00e9k\u00e9re, a v\u00e1rosok \u00e9s faluk versenyeznek abban, hogy melyik v\u00e1laszthassa meg Kossuthot d\u00edszpolg\u00e1rr\u00e1 el\u00e9bb. Szeptember 16-\u00e1n Szigetszentmikl\u00f3s is k\u00e9pvisel\u0151i k\u00f6zgy\u0171l\u00e9st tartv\u00e1n, megv\u00e1lasztv\u00e1n az \u00f6reg, \u00f6nk\u00e9ntes sz\u00e1m\u00fczet\u00e9sben \u00e9l\u0151 hajdani orsz\u00e1gkorm\u00e1nyz\u00f3nkat d\u00edszpolg\u00e1rr\u00e1\u2026\u201d<\/p>\n\n\n\n<p>Teh\u00e1t 90 \u00e9vvel ezel\u0151tt Kossuth Lajos lett az els\u0151 d\u00edszpolg\u00e1runk. Az els\u0151 d\u00edszpolg\u00e1r nev\u00e9t urca, mozi, tsz., brig\u00e1d, \u00fatt\u00f6r\u0151\u00f6rs viseli falunkban.<\/p>\n\n\n\n<p>Az \u00e9vfordul\u00f3 alkalm\u00e1b\u00f3l tisztelettel eml\u00e9kez\u00fcnk erre az esem\u00e9nyre is\u2026<\/p>","protected":false},"excerpt":{"rendered":"<p>Pontosan 129 \u00e9ve, 1892. szeptember 16-\u00e1n v\u00e1lasztott el\u0151sz\u00f6r d\u00edszpolg\u00e1rt Szigetszentmikl\u00f3s. Az akkori szok\u00e1snak megfelel\u0151en a k\u00f6zs\u00e9g els\u0151 ilyen kit\u00fcntet\u00e9s\u00e9t nem m\u00e1snak, mint a legend\u00e1s Kossuth Lajosnak adta. Az \u00e9vfordul\u00f3 eml\u00e9k\u00e9re l\u00e1ssuk, hogyan id\u00e9zte fel az akkori esem\u00e9nyeket Imre b\u00e1csi a F\u00e9nysz\u00f3r\u00f3 has\u00e1bjain 1982-ben, az akkori korszellemnek megfelel\u0151 k\u00f6r\u00edt\u00e9ssel. Szigetszentmikl\u00f3s els\u0151 d\u00edszpolg\u00e1ra volt Sz\u00e1znyolcvan \u00e9ve, 1802. [&hellip;]<\/p>","protected":false},"author":1,"featured_media":851,"comment_status":"open","ping_status":"open","sticky":false,"template":"","format":"standard","meta":{"ub_ctt_via":"","ocean_post_layout":"","ocean_both_sidebars_style":"","ocean_both_sidebars_content_width":0,"ocean_both_sidebars_sidebars_width":0,"ocean_sidebar":"0","ocean_second_sidebar":"0","ocean_disable_margins":"enable","ocean_add_body_class":"","ocean_shortcode_before_top_bar":"","ocean_shortcode_after_top_bar":"","ocean_shortcode_before_header":"","ocean_shortcode_after_header":"","ocean_has_shortcode":"","ocean_shortcode_after_title":"","ocean_shortcode_before_footer_widgets":"","ocean_shortcode_after_footer_widgets":"","ocean_shortcode_before_footer_bottom":"","ocean_shortcode_after_footer_bottom":"","ocean_display_top_bar":"default","ocean_display_header":"default","ocean_header_style":"","ocean_center_header_left_menu":"0","ocean_custom_header_template":"0","ocean_custom_logo":0,"ocean_custom_retina_logo":0,"ocean_custom_logo_max_width":0,"ocean_custom_logo_tablet_max_width":0,"ocean_custom_logo_mobile_max_width":0,"ocean_custom_logo_max_height":0,"ocean_custom_logo_tablet_max_height":0,"ocean_custom_logo_mobile_max_height":0,"ocean_header_custom_menu":"0","ocean_menu_typo_font_family":"0","ocean_menu_typo_font_subset":"","ocean_menu_typo_font_size":0,"ocean_menu_typo_font_size_tablet":0,"ocean_menu_typo_font_size_mobile":0,"ocean_menu_typo_font_size_unit":"px","ocean_menu_typo_font_weight":"","ocean_menu_typo_font_weight_tablet":"","ocean_menu_typo_font_weight_mobile":"","ocean_menu_typo_transform":"","ocean_menu_typo_transform_tablet":"","ocean_menu_typo_transform_mobile":"","ocean_menu_typo_line_height":0,"ocean_menu_typo_line_height_tablet":0,"ocean_menu_typo_line_height_mobile":0,"ocean_menu_typo_line_height_unit":"","ocean_menu_typo_spacing":0,"ocean_menu_typo_spacing_tablet":0,"ocean_menu_typo_spacing_mobile":0,"ocean_menu_typo_spacing_unit":"","ocean_menu_link_color":"","ocean_menu_link_color_hover":"","ocean_menu_link_color_active":"","ocean_menu_link_background":"","ocean_menu_link_hover_background":"","ocean_menu_link_active_background":"","ocean_menu_social_links_bg":"","ocean_menu_social_hover_links_bg":"","ocean_menu_social_links_color":"","ocean_menu_social_hover_links_color":"","ocean_disable_title":"default","ocean_disable_heading":"default","ocean_post_title":"","ocean_post_subheading":"","ocean_post_title_style":"","ocean_post_title_background_color":"","ocean_post_title_background":0,"ocean_post_title_bg_image_position":"","ocean_post_title_bg_image_attachment":"","ocean_post_title_bg_image_repeat":"","ocean_post_title_bg_image_size":"","ocean_post_title_height":0,"ocean_post_title_bg_overlay":0.5,"ocean_post_title_bg_overlay_color":"","ocean_disable_breadcrumbs":"default","ocean_breadcrumbs_color":"","ocean_breadcrumbs_separator_color":"","ocean_breadcrumbs_links_color":"","ocean_breadcrumbs_links_hover_color":"","ocean_display_footer_widgets":"default","ocean_display_footer_bottom":"default","ocean_custom_footer_template":"0","ocean_post_oembed":"","ocean_post_self_hosted_media":"","ocean_post_video_embed":"","ocean_link_format":"","ocean_link_format_target":"self","ocean_quote_format":"","ocean_quote_format_link":"post","ocean_gallery_link_images":"off","ocean_gallery_id":[],"footnotes":""},"categories":[11],"tags":[22,12],"class_list":["post-850","post","type-post","status-publish","format-standard","has-post-thumbnail","hentry","category-blog","tag-evfordulo","tag-voo-imre","entry","has-media"],"featured_image_src":"https:\/\/miklosimuzeum.hu\/wp-content\/uploads\/2022\/08\/16.jpg","author_info":{"display_name":"Miss N\u00e1ndor","author_link":"https:\/\/miklosimuzeum.hu\/en\/author\/admin\/"},"rttpg_featured_image_url":{"full":["https:\/\/miklosimuzeum.hu\/wp-content\/uploads\/2022\/08\/16.jpg",1200,1880,false],"landscape":["https:\/\/miklosimuzeum.hu\/wp-content\/uploads\/2022\/08\/16.jpg",1200,1880,false],"portraits":["https:\/\/miklosimuzeum.hu\/wp-content\/uploads\/2022\/08\/16.jpg",1200,1880,false],"thumbnail":["https:\/\/miklosimuzeum.hu\/wp-content\/uploads\/2022\/08\/16-150x150.jpg",150,150,true],"medium":["https:\/\/miklosimuzeum.hu\/wp-content\/uploads\/2022\/08\/16-191x300.jpg",191,300,true],"large":["https:\/\/miklosimuzeum.hu\/wp-content\/uploads\/2022\/08\/16-654x1024.jpg",654,1024,true],"1536x1536":["https:\/\/miklosimuzeum.hu\/wp-content\/uploads\/2022\/08\/16-980x1536.jpg",980,1536,true],"2048x2048":["https:\/\/miklosimuzeum.hu\/wp-content\/uploads\/2022\/08\/16.jpg",1200,1880,false],"trp-custom-language-flag":["https:\/\/miklosimuzeum.hu\/wp-content\/uploads\/2022\/08\/16.jpg",8,12,false],"ocean-thumb-m":["https:\/\/miklosimuzeum.hu\/wp-content\/uploads\/2022\/08\/16-600x600.jpg",600,600,true],"ocean-thumb-ml":["https:\/\/miklosimuzeum.hu\/wp-content\/uploads\/2022\/08\/16-800x450.jpg",800,450,true],"ocean-thumb-l":["https:\/\/miklosimuzeum.hu\/wp-content\/uploads\/2022\/08\/16-1200x700.jpg",1200,700,true]},"rttpg_author":{"display_name":"Miss N\u00e1ndor","author_link":"https:\/\/miklosimuzeum.hu\/en\/author\/admin\/"},"rttpg_comment":0,"rttpg_category":"<a href=\"https:\/\/miklosimuzeum.hu\/en\/category\/blog\/\" rel=\"category tag\">Blog<\/a>","rttpg_excerpt":"Pontosan 129 \u00e9ve, 1892. szeptember 16-\u00e1n v\u00e1lasztott el\u0151sz\u00f6r d\u00edszpolg\u00e1rt Szigetszentmikl\u00f3s. Az akkori szok\u00e1snak megfelel\u0151en a k\u00f6zs\u00e9g els\u0151 ilyen kit\u00fcntet\u00e9s\u00e9t nem m\u00e1snak, mint a legend\u00e1s Kossuth Lajosnak adta. Az \u00e9vfordul\u00f3 eml\u00e9k\u00e9re l\u00e1ssuk, hogyan id\u00e9zte fel az akkori esem\u00e9nyeket Imre b\u00e1csi a F\u00e9nysz\u00f3r\u00f3 has\u00e1bjain 1982-ben, az akkori korszellemnek megfelel\u0151 k\u00f6r\u00edt\u00e9ssel. Szigetszentmikl\u00f3s els\u0151 d\u00edszpolg\u00e1ra volt Sz\u00e1znyolcvan \u00e9ve, 1802.&hellip;","_links":{"self":[{"href":"https:\/\/miklosimuzeum.hu\/en\/wp-json\/wp\/v2\/posts\/850","targetHints":{"allow":["GET"]}}],"collection":[{"href":"https:\/\/miklosimuzeum.hu\/en\/wp-json\/wp\/v2\/posts"}],"about":[{"href":"https:\/\/miklosimuzeum.hu\/en\/wp-json\/wp\/v2\/types\/post"}],"author":[{"embeddable":true,"href":"https:\/\/miklosimuzeum.hu\/en\/wp-json\/wp\/v2\/users\/1"}],"replies":[{"embeddable":true,"href":"https:\/\/miklosimuzeum.hu\/en\/wp-json\/wp\/v2\/comments?post=850"}],"version-history":[{"count":1,"href":"https:\/\/miklosimuzeum.hu\/en\/wp-json\/wp\/v2\/posts\/850\/revisions"}],"predecessor-version":[{"id":852,"href":"https:\/\/miklosimuzeum.hu\/en\/wp-json\/wp\/v2\/posts\/850\/revisions\/852"}],"wp:featuredmedia":[{"embeddable":true,"href":"https:\/\/miklosimuzeum.hu\/en\/wp-json\/wp\/v2\/media\/851"}],"wp:attachment":[{"href":"https:\/\/miklosimuzeum.hu\/en\/wp-json\/wp\/v2\/media?parent=850"}],"wp:term":[{"taxonomy":"category","embeddable":true,"href":"https:\/\/miklosimuzeum.hu\/en\/wp-json\/wp\/v2\/categories?post=850"},{"taxonomy":"post_tag","embeddable":true,"href":"https:\/\/miklosimuzeum.hu\/en\/wp-json\/wp\/v2\/tags?post=850"}],"curies":[{"name":"wp","href":"https:\/\/api.w.org\/{rel}","templated":true}]}}