{"id":773,"date":"2021-06-30T14:08:24","date_gmt":"2021-06-30T14:08:24","guid":{"rendered":"https:\/\/mischdesign.hu\/miklosimuzeum\/?p=773"},"modified":"2022-08-18T15:36:41","modified_gmt":"2022-08-18T15:36:41","slug":"kozseghazabol-varoshaza","status":"publish","type":"post","link":"https:\/\/miklosimuzeum.hu\/en\/2021\/06\/30\/kozseghazabol-varoshaza\/","title":{"rendered":"K\u00f6zs\u00e9gh\u00e1z\u00e1b\u00f3l V\u00e1rosh\u00e1za"},"content":{"rendered":"<p><strong>91 \u00e9ve, 1930. j\u00fanius 30-\u00e1n avatt\u00e1k fel a mai V\u00e1rosh\u00e1za \u00e9p\u00fclet\u00e9t a Kossuth Lajos utc\u00e1ban. A r\u00e9gi, 19. sz\u00e1zad elej\u00e9n \u00e9p\u00fclt K\u00f6zs\u00e9gh\u00e1za hely\u00e9n felh\u00fazott k\u00e9tszintes \u00e9p\u00fclet t\u00f6bbsz\u00f6ri b\u0151v\u00edt\u00e9ssel nyerte el mai form\u00e1j\u00e1t. A Kisdunat\u00e1jban 1990 j\u00fanius\u00e1ban V\u00f6\u0151 Imre b\u00e1csi \u00edgy \u00edrt az akkor hatvan\u00e9ves \u00e9p\u00fclet t\u00f6rt\u00e9net\u00e9r\u0151l:<\/strong><\/p>\n\n\n<div class=\"wp-block-image\">\n<figure class=\"alignleft size-large is-resized\"><a href=\"https:\/\/mischdesign.hu\/miklosimuzeum\/wp-content\/uploads\/2022\/08\/30a.jpg\"><img fetchpriority=\"high\" decoding=\"async\" src=\"https:\/\/mischdesign.hu\/miklosimuzeum\/wp-content\/uploads\/2022\/08\/30a-1024x611.jpg\" alt=\"\" class=\"wp-image-774\" width=\"377\" height=\"225\"\/><\/a><figcaption>K\u00e9peslap a r\u00e9gi k\u00f6zs\u00e9gh\u00e1z\u00e1val az 1910-es \u00e9vekb\u0151l<\/figcaption><\/figure>\n<\/div>\n\n\n<p>Amikor 1799-ben a jeges\u00e1r sokadszorra el\u00f6nt\u00f6tte \u00e9s lerombolta Szentmikl\u00f3s falut, a f\u00f6ldes\u00far megsajn\u00e1lta a helybelieket \u00e9s \u00fagy hat\u00e1rozott, hogy \u00e1ttelep\u00edti a falut a Duna-Tisza k\u00f6z\u00e9be, Adacs-puszt\u00e1ra. V\u00e1llalta, hogy mindenkinek annyi f\u00f6ldet ad, amennyi a Csepel-szigeten volt. H\u00e1zhelyeket biztos\u00edt, templomot, k\u00f6zs\u00e9gh\u00e1z\u00e1t, iskol\u00e1t \u00e9p\u00edt.<\/p>\n\n\n\n<p>Az \u00e1rv\u00edz ut\u00e1n beh\u00edvatt\u00e1k a falu el\u00f6lj\u00e1r\u00f3it a hat\u00f3s\u00e1gok, \u00e9s el\u0151adt\u00e1k az uras\u00e1g nagylelk\u0171 javaslat\u00e1t. Az el\u00f6lj\u00e1r\u00f3k azonban minden \u00e9rvel\u00e9s ellen\u00e9re \u00fagy d\u00f6nt\u00f6ttek, hogy maradnak. Nem hagyj\u00e1k el Szigetszentmikl\u00f3st, \u0151seik f\u00f6ldj\u00e9t, s\u00edrjait. Azt mondt\u00e1k: b\u00e1rhogy is van, k\u00f6nnyebb ott \u00e9lni \u00e9s a csap\u00e1sokat elviselni, ahol minden r\u00f6g\u00f6t \u0151seik verejt\u00e9ke \u00f6nt\u00f6z\u00f6tt.<\/p>\n\n\n\n<p>Maradtak. Kitapasztott\u00e1k vessz\u0151fal\u00fa h\u00e1zaikat az 1799-ben elk\u00e9sz\u00fclt \u00faj reform\u00e1tus templom k\u00f6rny\u00e9k\u00e9n \u00e9s dolgoztak \u0151seik f\u00f6ldj\u00e9n \u2013 \u00edgy olvasni a megs\u00e1rgult iratokban. Amikor l\u00e1tt\u00e1k a f\u00f6ld urai, hogy a szentmikl\u00f3siak mennyire ragaszkodnak falujukhoz, k\u00f6zs\u00e9gh\u00e1z\u00e1t \u00e9p\u00edttettek a mai Kossuth Lajos utc\u00e1ban. Ez volt a falu egyetlen komoly k\u0151\u00e9p\u00fclete. \u00c1m semmi sem tart \u00f6r\u00f6kk\u00e9. Az \u00f6reg k\u00f6zs\u00e9gh\u00e1z\u00e1t 1929 nyar\u00e1n elbontott\u00e1k, \u00e9s a hely\u00e9re Stark P\u00e1l soroks\u00e1ri k\u0151m\u0171vesmester emeletes k\u00f6zs\u00e9gh\u00e1z\u00e1t \u00e9p\u00edtett. A nyolcvanezer peng\u0151be ker\u00fcl\u0151 \u00e9p\u00fclet asztalosmunk\u00e1it a k\u0151m\u0171ves b\u00e1tyja v\u00e9gezte el.<\/p>\n\n\n\n<p>\u00c9ppen hatvanesztendeje, 1930. j\u00fanius 30-\u00e1n avatt\u00e1k fel az erk\u00e9lyes, oszlopos k\u00f6zs\u00e9gh\u00e1z\u00e1t. Nagy esem\u00e9ny volt ez a falu \u00e9let\u00e9ben, \u00edgy erre az id\u0151pontra id\u0151z\u00edtett\u00e9k a levent\u00e9k feh\u00e9r selyemz\u00e1szlaj\u00e1nak szentel\u00e9s\u00e9t. Az esem\u00e9nyen r\u00e9szt vett a megyei alisp\u00e1n is.<\/p>\n\n\n<div class=\"wp-block-image\">\n<figure class=\"alignright size-large is-resized\"><a href=\"https:\/\/mischdesign.hu\/miklosimuzeum\/wp-content\/uploads\/2022\/08\/30b.jpg\"><img decoding=\"async\" src=\"https:\/\/mischdesign.hu\/miklosimuzeum\/wp-content\/uploads\/2022\/08\/30b-1024x744.jpg\" alt=\"\" class=\"wp-image-775\" width=\"440\" height=\"319\"\/><\/a><figcaption>Az \u00faj k\u00f6zs\u00e9gh\u00e1za, szomsz\u00e9dj\u00e1ban a h\u0151si eml\u00e9km\u0171vel<\/figcaption><\/figure>\n<\/div>\n\n\n<p>Az \u00e9pe\u00fcletet a hat \u00e9vtized alatt t\u00f6bbsz\u00f6r b\u0151v\u00edtett\u00e9k, \u00edgy p\u00e9ld\u00e1ul a H\u0151s\u00f6k H\u00e1z\u00e1r\u00f3l. A h\u00e1ts\u00f3 r\u00e9szben k\u00e9sz\u00fclt el a tan\u00e1csterem, \u00e1m a h\u00e1z sz\u00e9p homlokzata v\u00e1ltozatlan maradt. Kiv\u00e9ve, hogy \u00e9ppen negyven \u00e9ve levert\u00e9k onnan a r\u00e9gi b\u00e1r\u00e1nyos c\u00edmert. Vagy h\u00fasz esztendeig nyaranta a k\u00f6zs\u00e9gh\u00e1za kil\u00e1t\u00f3j\u00e1ban t\u0171z\u0151rs\u00e9g v\u00e9dte a falu nyugalm\u00e1t \u00e9s a term\u00e9st.<\/p>\n\n\n\n<p>K\u00fcl\u00f6n fejezetet \u00e9rdemelne a h\u00e1z m\u00e1sodik vil\u00e1gh\u00e1bor\u00fas hasznos\u00edt\u00e1sa. 1944 \u0151sz\u00e9n, amikor h\u00f3napokig \u00e1llt a front a f\u0151v\u00e1ros hat\u00e1r\u00e1ban, a k\u00f6zs\u00e9gh\u00e1z\u00e1t\u00f3l a hal\u00e1sztelki Malonyai kast\u00e9lyig hossz\u00fa fut\u00f3\u00e1rok h\u00faz\u00f3dott. Alig akadt mikl\u00f3si parasztember \u00e9s asszony, aki ne dolgozott volna ennek ki\u00e1s\u00e1s\u00e1n \u201em\u00e1lenkij roboton\u201d. A k\u00f6zs\u00e9gh\u00e1z\u00e1n \u00e9s az iskol\u00e1kban n\u00e9gysz\u00e1z \u00e1gyas szovjet hadik\u00f3rh\u00e1z m\u0171k\u00f6d\u00f6tt.<\/p>\n\n\n\n<p>\u00c9vekig a tan\u00e1csh\u00e1za emelet\u00e9n volt a j\u00e1r\u00e1si, k\u00e9s\u0151bb k\u00f6rzeti MSZMP-bizotts\u00e1g, majd jogut\u00f3dja, az MSZP int\u00e9z\u0151 bizotts\u00e1ga. N\u00e9h\u00e1ny hete a tan\u00e1cs appar\u00e1tusa visszakapta ezeket a helyis\u00e9geket. Erre ugyancsak sz\u00fcks\u00e9g volt, hiszen a hajdani k\u00f6zs\u00e9gi feladatok helyett m\u00e1r egy nagyv\u00e1ros \u00e1llamigazgat\u00e1si \u00fcgyeit int\u00e9zik, a v\u00e1ltozatlan nagys\u00e1g\u00fa \u00e9p\u00fcletben.<\/p>\n\n\n\n<p>V\u00f6\u0151 Imre<\/p>","protected":false},"excerpt":{"rendered":"<p>91 \u00e9ve, 1930. j\u00fanius 30-\u00e1n avatt\u00e1k fel a mai V\u00e1rosh\u00e1za \u00e9p\u00fclet\u00e9t a Kossuth Lajos utc\u00e1ban. A r\u00e9gi, 19. sz\u00e1zad elej\u00e9n \u00e9p\u00fclt K\u00f6zs\u00e9gh\u00e1za hely\u00e9n felh\u00fazott k\u00e9tszintes \u00e9p\u00fclet t\u00f6bbsz\u00f6ri b\u0151v\u00edt\u00e9ssel nyerte el mai form\u00e1j\u00e1t. A Kisdunat\u00e1jban 1990 j\u00fanius\u00e1ban V\u00f6\u0151 Imre b\u00e1csi \u00edgy \u00edrt az akkor hatvan\u00e9ves \u00e9p\u00fclet t\u00f6rt\u00e9net\u00e9r\u0151l: Amikor 1799-ben a jeges\u00e1r sokadszorra el\u00f6nt\u00f6tte \u00e9s lerombolta Szentmikl\u00f3s [&hellip;]<\/p>","protected":false},"author":1,"featured_media":775,"comment_status":"open","ping_status":"open","sticky":false,"template":"","format":"standard","meta":{"ub_ctt_via":"","ocean_post_layout":"","ocean_both_sidebars_style":"","ocean_both_sidebars_content_width":0,"ocean_both_sidebars_sidebars_width":0,"ocean_sidebar":"0","ocean_second_sidebar":"0","ocean_disable_margins":"enable","ocean_add_body_class":"","ocean_shortcode_before_top_bar":"","ocean_shortcode_after_top_bar":"","ocean_shortcode_before_header":"","ocean_shortcode_after_header":"","ocean_has_shortcode":"","ocean_shortcode_after_title":"","ocean_shortcode_before_footer_widgets":"","ocean_shortcode_after_footer_widgets":"","ocean_shortcode_before_footer_bottom":"","ocean_shortcode_after_footer_bottom":"","ocean_display_top_bar":"default","ocean_display_header":"default","ocean_header_style":"","ocean_center_header_left_menu":"0","ocean_custom_header_template":"0","ocean_custom_logo":0,"ocean_custom_retina_logo":0,"ocean_custom_logo_max_width":0,"ocean_custom_logo_tablet_max_width":0,"ocean_custom_logo_mobile_max_width":0,"ocean_custom_logo_max_height":0,"ocean_custom_logo_tablet_max_height":0,"ocean_custom_logo_mobile_max_height":0,"ocean_header_custom_menu":"0","ocean_menu_typo_font_family":"0","ocean_menu_typo_font_subset":"","ocean_menu_typo_font_size":0,"ocean_menu_typo_font_size_tablet":0,"ocean_menu_typo_font_size_mobile":0,"ocean_menu_typo_font_size_unit":"px","ocean_menu_typo_font_weight":"","ocean_menu_typo_font_weight_tablet":"","ocean_menu_typo_font_weight_mobile":"","ocean_menu_typo_transform":"","ocean_menu_typo_transform_tablet":"","ocean_menu_typo_transform_mobile":"","ocean_menu_typo_line_height":0,"ocean_menu_typo_line_height_tablet":0,"ocean_menu_typo_line_height_mobile":0,"ocean_menu_typo_line_height_unit":"","ocean_menu_typo_spacing":0,"ocean_menu_typo_spacing_tablet":0,"ocean_menu_typo_spacing_mobile":0,"ocean_menu_typo_spacing_unit":"","ocean_menu_link_color":"","ocean_menu_link_color_hover":"","ocean_menu_link_color_active":"","ocean_menu_link_background":"","ocean_menu_link_hover_background":"","ocean_menu_link_active_background":"","ocean_menu_social_links_bg":"","ocean_menu_social_hover_links_bg":"","ocean_menu_social_links_color":"","ocean_menu_social_hover_links_color":"","ocean_disable_title":"default","ocean_disable_heading":"default","ocean_post_title":"","ocean_post_subheading":"","ocean_post_title_style":"","ocean_post_title_background_color":"","ocean_post_title_background":0,"ocean_post_title_bg_image_position":"","ocean_post_title_bg_image_attachment":"","ocean_post_title_bg_image_repeat":"","ocean_post_title_bg_image_size":"","ocean_post_title_height":0,"ocean_post_title_bg_overlay":0.5,"ocean_post_title_bg_overlay_color":"","ocean_disable_breadcrumbs":"default","ocean_breadcrumbs_color":"","ocean_breadcrumbs_separator_color":"","ocean_breadcrumbs_links_color":"","ocean_breadcrumbs_links_hover_color":"","ocean_display_footer_widgets":"default","ocean_display_footer_bottom":"default","ocean_custom_footer_template":"0","ocean_post_oembed":"","ocean_post_self_hosted_media":"","ocean_post_video_embed":"","ocean_link_format":"","ocean_link_format_target":"self","ocean_quote_format":"","ocean_quote_format_link":"post","ocean_gallery_link_images":"off","ocean_gallery_id":[],"footnotes":""},"categories":[11],"tags":[50,12],"class_list":["post-773","post","type-post","status-publish","format-standard","has-post-thumbnail","hentry","category-blog","tag-varoshaza","tag-voo-imre","entry","has-media"],"featured_image_src":"https:\/\/miklosimuzeum.hu\/wp-content\/uploads\/2022\/08\/30b.jpg","author_info":{"display_name":"Miss N\u00e1ndor","author_link":"https:\/\/miklosimuzeum.hu\/en\/author\/admin\/"},"rttpg_featured_image_url":{"full":["https:\/\/miklosimuzeum.hu\/wp-content\/uploads\/2022\/08\/30b.jpg",1200,872,false],"landscape":["https:\/\/miklosimuzeum.hu\/wp-content\/uploads\/2022\/08\/30b.jpg",1200,872,false],"portraits":["https:\/\/miklosimuzeum.hu\/wp-content\/uploads\/2022\/08\/30b.jpg",1200,872,false],"thumbnail":["https:\/\/miklosimuzeum.hu\/wp-content\/uploads\/2022\/08\/30b-150x150.jpg",150,150,true],"medium":["https:\/\/miklosimuzeum.hu\/wp-content\/uploads\/2022\/08\/30b-300x218.jpg",300,218,true],"large":["https:\/\/miklosimuzeum.hu\/wp-content\/uploads\/2022\/08\/30b-1024x744.jpg",1024,744,true],"1536x1536":["https:\/\/miklosimuzeum.hu\/wp-content\/uploads\/2022\/08\/30b.jpg",1200,872,false],"2048x2048":["https:\/\/miklosimuzeum.hu\/wp-content\/uploads\/2022\/08\/30b.jpg",1200,872,false],"trp-custom-language-flag":["https:\/\/miklosimuzeum.hu\/wp-content\/uploads\/2022\/08\/30b.jpg",18,12,false],"ocean-thumb-m":["https:\/\/miklosimuzeum.hu\/wp-content\/uploads\/2022\/08\/30b-600x600.jpg",600,600,true],"ocean-thumb-ml":["https:\/\/miklosimuzeum.hu\/wp-content\/uploads\/2022\/08\/30b-800x450.jpg",800,450,true],"ocean-thumb-l":["https:\/\/miklosimuzeum.hu\/wp-content\/uploads\/2022\/08\/30b-1200x700.jpg",1200,700,true]},"rttpg_author":{"display_name":"Miss N\u00e1ndor","author_link":"https:\/\/miklosimuzeum.hu\/en\/author\/admin\/"},"rttpg_comment":0,"rttpg_category":"<a href=\"https:\/\/miklosimuzeum.hu\/en\/category\/blog\/\" rel=\"category tag\">Blog<\/a>","rttpg_excerpt":"91 \u00e9ve, 1930. j\u00fanius 30-\u00e1n avatt\u00e1k fel a mai V\u00e1rosh\u00e1za \u00e9p\u00fclet\u00e9t a Kossuth Lajos utc\u00e1ban. A r\u00e9gi, 19. sz\u00e1zad elej\u00e9n \u00e9p\u00fclt K\u00f6zs\u00e9gh\u00e1za hely\u00e9n felh\u00fazott k\u00e9tszintes \u00e9p\u00fclet t\u00f6bbsz\u00f6ri b\u0151v\u00edt\u00e9ssel nyerte el mai form\u00e1j\u00e1t. A Kisdunat\u00e1jban 1990 j\u00fanius\u00e1ban V\u00f6\u0151 Imre b\u00e1csi \u00edgy \u00edrt az akkor hatvan\u00e9ves \u00e9p\u00fclet t\u00f6rt\u00e9net\u00e9r\u0151l: Amikor 1799-ben a jeges\u00e1r sokadszorra el\u00f6nt\u00f6tte \u00e9s lerombolta Szentmikl\u00f3s&hellip;","_links":{"self":[{"href":"https:\/\/miklosimuzeum.hu\/en\/wp-json\/wp\/v2\/posts\/773","targetHints":{"allow":["GET"]}}],"collection":[{"href":"https:\/\/miklosimuzeum.hu\/en\/wp-json\/wp\/v2\/posts"}],"about":[{"href":"https:\/\/miklosimuzeum.hu\/en\/wp-json\/wp\/v2\/types\/post"}],"author":[{"embeddable":true,"href":"https:\/\/miklosimuzeum.hu\/en\/wp-json\/wp\/v2\/users\/1"}],"replies":[{"embeddable":true,"href":"https:\/\/miklosimuzeum.hu\/en\/wp-json\/wp\/v2\/comments?post=773"}],"version-history":[{"count":1,"href":"https:\/\/miklosimuzeum.hu\/en\/wp-json\/wp\/v2\/posts\/773\/revisions"}],"predecessor-version":[{"id":776,"href":"https:\/\/miklosimuzeum.hu\/en\/wp-json\/wp\/v2\/posts\/773\/revisions\/776"}],"wp:featuredmedia":[{"embeddable":true,"href":"https:\/\/miklosimuzeum.hu\/en\/wp-json\/wp\/v2\/media\/775"}],"wp:attachment":[{"href":"https:\/\/miklosimuzeum.hu\/en\/wp-json\/wp\/v2\/media?parent=773"}],"wp:term":[{"taxonomy":"category","embeddable":true,"href":"https:\/\/miklosimuzeum.hu\/en\/wp-json\/wp\/v2\/categories?post=773"},{"taxonomy":"post_tag","embeddable":true,"href":"https:\/\/miklosimuzeum.hu\/en\/wp-json\/wp\/v2\/tags?post=773"}],"curies":[{"name":"wp","href":"https:\/\/api.w.org\/{rel}","templated":true}]}}