{"id":769,"date":"2021-06-24T14:06:03","date_gmt":"2021-06-24T14:06:03","guid":{"rendered":"https:\/\/mischdesign.hu\/miklosimuzeum\/?p=769"},"modified":"2022-08-18T15:36:33","modified_gmt":"2022-08-18T15:36:33","slug":"helytorteneti-gyujtemeny-anno","status":"publish","type":"post","link":"https:\/\/miklosimuzeum.hu\/en\/2021\/06\/24\/helytorteneti-gyujtemeny-anno\/","title":{"rendered":"Helyt\u00f6rt\u00e9neti Gy\u0171jtem\u00e9ny anno"},"content":{"rendered":"<p><strong>A Helyt\u00f6rt\u00e9neti Gy\u0171jtem\u00e9ny 1985 \u00f3ta m\u0171k\u00f6dik a jelenlegi hely\u00e9n. Hogy j\u00f6tt \u00f6ssze a m\u00fazeum anyaga? Kikt\u0151l sz\u00e1rmazik? Mi a c\u00e9lja a gy\u0171jtem\u00e9nynek? \u00cdgy \u00edrt err\u0151l V\u00f6\u0151 Imre b\u00e1csi 2000. j\u00fanius\u00e1ban a Mikl\u00f3si \u00dajs\u00e1g has\u00e1bjain:<\/strong><\/p>\n\n\n\n<h2 class=\"wp-block-heading\">A v\u00e1rosi m\u00fazeum 35 \u00e9ves<\/h2>\n\n\n<div class=\"wp-block-image\">\n<figure class=\"alignleft size-large is-resized\"><a href=\"https:\/\/mischdesign.hu\/miklosimuzeum\/wp-content\/uploads\/2022\/08\/24.jpg\"><img fetchpriority=\"high\" decoding=\"async\" src=\"https:\/\/mischdesign.hu\/miklosimuzeum\/wp-content\/uploads\/2022\/08\/24-1024x656.jpg\" alt=\"\" class=\"wp-image-770\" width=\"396\" height=\"253\"\/><\/a><\/figure>\n<\/div>\n\n\n<p>K\u00f6zismert a k\u00f6rny\u00e9ken a szigetszentmikl\u00f3si Falum\u00fazeum, mely m\u00e1jusban \u00fcnnepelte m\u0171k\u00f6d\u00e9s\u00e9nek 35-ik \u00e9vfordul\u00f3j\u00e1t. A Honismeretei szakk\u00f6r h\u00e1zi \u00fcnneps\u00e9gen eml\u00e9kezett meg a jubileumr\u00f3l. A m\u00fazeum megnyit\u00e1sa nagy esem\u00e9nynek sz\u00e1m\u00edtott akkor a v\u00e1rosi fejl\u0151d\u00e9snek indult prolet\u00e1r-k\u00f6zs\u00e9gben.<\/p>\n\n\n\n<p>A Honismeretei mozgalom beindul\u00e1s\u00e1nak els\u0151 \u00e9v\u00e9ben 1960-ban kezd\u0151d\u00f6tt a gy\u0171jt\u00f6get\u0151 munka. Akkor az volt a c\u00e9l, hogy egy ki\u00e1ll\u00edt\u00e1sra val\u00f3 anyagot \u00f6sszegy\u0171jts\u00fcnk a falu 700 \u00e9ves \u00fcnneps\u00e9g\u00e9nek jubileum\u00e1ra 1964-re. A lelkes munka meghozta az eredm\u00e9nyt, l\u00e1tv\u00e1nyos \u00e9s \u00e9rt\u00e9kes anyag j\u00f6tt \u00f6ssze a ki\u00e1ll\u00edt\u00e1sra, melyet Erdei Ferenc akad\u00e9mikus nyitott meg.<\/p>\n\n\n\n<p>A sz\u00e9p anyag l\u00e1tt\u00e1n a k\u00f6zs\u00e9g \u00e9s a szakk\u00f6r vezet\u0151i \u00fagy d\u00f6nt\u00f6tt\u00fcnk, hogy a gy\u0171jt\u00f6tt anyag legyen az alapja a l\u00e9tes\u00edtend\u0151 falum\u00fazeumunknak. A Tan\u00e1cs 1965-ben a P\u00e9nzes-h\u00e1zat ideiglenesen \u00e1tadta m\u00fazeumi c\u00e9lra a lak\u00f3telepen, itt egy \u00e9vig m\u0171k\u00f6dt\u00fcnk, miut\u00e1n 1965. m\u00e1jus 1-j\u00e9n megnyitottuk a m\u00fazeumot.<\/p>\n\n\n\n<p>A k\u00f6vetkez\u0151 \u00e9vben 1966-ban a k\u00e9kt\u00f3i sz\u00fcks\u00e9g-iskola termeib\u0151l kaptunk 3 termet, a ki\u00e1ll\u00edt\u00e1st 1966. augusztus 20-\u00e1n nyitottuk meg. Itt 19 \u00e9vig m\u0171k\u00f6dt\u00fcnk, majd innen az \u00c1rp\u00e1d u. 34 sz\u00e1m al\u00e1 k\u00f6lt\u00f6zt\u00fcnk be az \u00f3-v\u00e1rosba.<\/p>\n\n\n\n<p>Az\u00f3ta is itt m\u0171k\u00f6d\u00fcnk \u2013 imm\u00e1r 15 \u00e9ve. K\u00f6zben b\u0151v\u00fclt a m\u00fazeumi anyag, 1979-ben megny\u00edlt az \u00c1d\u00e1m Jen\u0151 Eml\u00e9kh\u00e1z ugyancsak az \u00c1rp\u00e1d utc\u00e1ban a 29. sz\u00e1m\u00fa h\u00e1zban. A k\u00e9t m\u00fazeum m\u0171k\u00f6d\u00e9se mellett seg\u00edtett\u00fck a t\u00f6k\u00f6li \u00e9s a csepeli m\u00fazeumok l\u00e9trehoz\u00e1s\u00e1t. K\u00e9t \u00e9ve meg Citeram\u00fazeum ny\u00edlott a V\u00e1rosi K\u00f6nyvt\u00e1rban az emeleten Moln\u00e1r Imre adom\u00e1ny\u00e1b\u00f3l.<\/p>\n\n\n<div class=\"wp-block-image\">\n<figure class=\"alignright size-large is-resized\"><a href=\"https:\/\/mischdesign.hu\/miklosimuzeum\/wp-content\/uploads\/2022\/08\/24b.jpg\"><img decoding=\"async\" src=\"https:\/\/mischdesign.hu\/miklosimuzeum\/wp-content\/uploads\/2022\/08\/24b-674x1024.jpg\" alt=\"\" class=\"wp-image-771\" width=\"343\" height=\"521\"\/><\/a><\/figure>\n<\/div>\n\n\n<p>Az \u00e1lland\u00f3 m\u00fazeumi ki\u00e1ll\u00edt\u00e1s mellett a 35 \u00e9v alatt 54 id\u0151szaki ki\u00e1ll\u00edt\u00e1st k\u00e9sz\u00edtett\u00fcnk pl. a Csepel Aut\u00f3gy\u00e1ri Kult\u00farh\u00e1zban, Soroks\u00e1ron, Szigethalmon, a V\u00e1rosi K\u00f6nyvt\u00e1rban, a KIOSZ-ban, a B\u00edr\u00f3 L. iskol\u00e1ban. Az elm\u00falt \u00e9vtizedekben t\u00f6bbsz\u00f6r szerepelt\u00fcnk a tv-ben, r\u00e1di\u00f3ban, sz\u00e1mos k\u00f6nyvben szerepel a m\u00fazeum ki\u00e1ll\u00edt\u00e1sa. A l\u00e9tes\u00edtm\u00e9ny r\u00e1ker\u00fclt a v\u00e1rosi \u00e9s orsz\u00e1gos t\u00e9rk\u00e9pekre, k\u00e9peslapokra. A m\u00fazeumr\u00f3l 42 f\u00e9le \u00fajs\u00e1gban jelentek meg n\u00e9pszer\u0171s\u00edt\u0151 \u00edr\u00e1saim.<\/p>\n\n\n\n<p>Sz\u00e1mos adom\u00e1nyunk l\u00e1that\u00f3 S\u00e1rospatakon, R\u00e1ckev\u00e9n, Szentendr\u00e9n, Cegl\u00e9den, Csepelen, T\u00f6k\u00f6l\u00f6n \u00e9s a f\u0151v\u00e1rosi m\u00fazeumokban. R\u00e9g\u00e9szeti \u00e1sat\u00e1sok hatszor voltak hat\u00e1runkban az ut\u00f3bbi 50 \u00e9v alatt. A leletek a Nemzeti M\u00fazeumban, A Budapest T\u00f6rt\u00e9neti M\u00fazeumban lettek elhelyezve, ki\u00e1ll\u00edtva. Ezenk\u00edv\u00fcl a N\u00e9prajzi M\u00fazeum is \u0151riz szentmikl\u00f3si t\u00e1rgyakat. Mi sz\u00e1montartjuk a falunkb\u00f3l begy\u0171jt\u00f6tt, felt\u00e1rt anyagot \u2013 \u00edgy tudjuk azt, mivel gazdag\u00edtottuk az egyetemes magyar kult\u00far\u00e1t.<\/p>\n\n\n\n<p>Harminc\u00f6t \u00e9ven \u00e1t az egyszer\u0171 emberek munk\u00e1ja a Falum\u00fazeumot gazdag\u00edtotta. Van itt k\u0151t\u00e1r, t\u00e9glat\u00e1r, a folyos\u00f3n paraszti gazd\u00e1lkod\u00e1s eszk\u00f6zeib\u0151l n\u00e9h\u00e1ny, a f\u00e9szerben pedig szabadt\u00e9ri ki\u00e1ll\u00edt\u00e1s mutatja be \u00f6reg ap\u00e1ink haszn\u00e1lati t\u00e1rgyait. A termekben r\u00e9g\u00e9szeti, n\u00e9prajzi, helyt\u00f6rt\u00e9neti eml\u00e9kek mutatj\u00e1k be el\u0151deink \u00e9let\u00e9t.<\/p>\n\n\n\n<p>Az eg\u00e9sz m\u00fazeum anyag\u00e1t ingyen adta \u00f6ssze a lakoss\u00e1g. Nemes sz\u00e1nd\u00e9kunkat kezdett\u0151l fogva t\u00e1mogatta a tan\u00e1csi vezet\u00e9s, majd az \u00f6nkorm\u00e1nyzati vezet\u00e9s, majd a V\u00e1rosi K\u00f6nyvt\u00e1r anyagilag.<\/p>\n\n\n\n<p>K\u00f6sz\u00f6nj\u00fck a lakoss\u00e1g t\u00e1mogat\u00e1s\u00e1t, adom\u00e1nyait, tov\u00e1bbra is ig\u00e9nyelj\u00fck a t\u00e1mogat\u00e1st, adom\u00e1nyokat. Honismereti szakk\u00f6r\u00fcnk tags\u00e1ga tov\u00e1bbra is gy\u0171jti \u00e9s \u0151rzi v\u00e1rosunk eml\u00e9keit. Gazdag \u00f6r\u00f6ks\u00e9get hagyunk az ut\u00f3korra, ezt a 35 \u00e9v munk\u00e1ja bizony\u00edtja\u2026<\/p>\n\n\n\n<p>V\u00f6\u0151 Imre<\/p>","protected":false},"excerpt":{"rendered":"<p>A Helyt\u00f6rt\u00e9neti Gy\u0171jtem\u00e9ny 1985 \u00f3ta m\u0171k\u00f6dik a jelenlegi hely\u00e9n. Hogy j\u00f6tt \u00f6ssze a m\u00fazeum anyaga? Kikt\u0151l sz\u00e1rmazik? Mi a c\u00e9lja a gy\u0171jtem\u00e9nynek? \u00cdgy \u00edrt err\u0151l V\u00f6\u0151 Imre b\u00e1csi 2000. j\u00fanius\u00e1ban a Mikl\u00f3si \u00dajs\u00e1g has\u00e1bjain: A v\u00e1rosi m\u00fazeum 35 \u00e9ves K\u00f6zismert a k\u00f6rny\u00e9ken a szigetszentmikl\u00f3si Falum\u00fazeum, mely m\u00e1jusban \u00fcnnepelte m\u0171k\u00f6d\u00e9s\u00e9nek 35-ik \u00e9vfordul\u00f3j\u00e1t. A Honismeretei szakk\u00f6r h\u00e1zi [&hellip;]<\/p>","protected":false},"author":1,"featured_media":770,"comment_status":"open","ping_status":"open","sticky":false,"template":"","format":"standard","meta":{"ub_ctt_via":"","ocean_post_layout":"","ocean_both_sidebars_style":"","ocean_both_sidebars_content_width":0,"ocean_both_sidebars_sidebars_width":0,"ocean_sidebar":"0","ocean_second_sidebar":"0","ocean_disable_margins":"enable","ocean_add_body_class":"","ocean_shortcode_before_top_bar":"","ocean_shortcode_after_top_bar":"","ocean_shortcode_before_header":"","ocean_shortcode_after_header":"","ocean_has_shortcode":"","ocean_shortcode_after_title":"","ocean_shortcode_before_footer_widgets":"","ocean_shortcode_after_footer_widgets":"","ocean_shortcode_before_footer_bottom":"","ocean_shortcode_after_footer_bottom":"","ocean_display_top_bar":"default","ocean_display_header":"default","ocean_header_style":"","ocean_center_header_left_menu":"0","ocean_custom_header_template":"0","ocean_custom_logo":0,"ocean_custom_retina_logo":0,"ocean_custom_logo_max_width":0,"ocean_custom_logo_tablet_max_width":0,"ocean_custom_logo_mobile_max_width":0,"ocean_custom_logo_max_height":0,"ocean_custom_logo_tablet_max_height":0,"ocean_custom_logo_mobile_max_height":0,"ocean_header_custom_menu":"0","ocean_menu_typo_font_family":"0","ocean_menu_typo_font_subset":"","ocean_menu_typo_font_size":0,"ocean_menu_typo_font_size_tablet":0,"ocean_menu_typo_font_size_mobile":0,"ocean_menu_typo_font_size_unit":"px","ocean_menu_typo_font_weight":"","ocean_menu_typo_font_weight_tablet":"","ocean_menu_typo_font_weight_mobile":"","ocean_menu_typo_transform":"","ocean_menu_typo_transform_tablet":"","ocean_menu_typo_transform_mobile":"","ocean_menu_typo_line_height":0,"ocean_menu_typo_line_height_tablet":0,"ocean_menu_typo_line_height_mobile":0,"ocean_menu_typo_line_height_unit":"","ocean_menu_typo_spacing":0,"ocean_menu_typo_spacing_tablet":0,"ocean_menu_typo_spacing_mobile":0,"ocean_menu_typo_spacing_unit":"","ocean_menu_link_color":"","ocean_menu_link_color_hover":"","ocean_menu_link_color_active":"","ocean_menu_link_background":"","ocean_menu_link_hover_background":"","ocean_menu_link_active_background":"","ocean_menu_social_links_bg":"","ocean_menu_social_hover_links_bg":"","ocean_menu_social_links_color":"","ocean_menu_social_hover_links_color":"","ocean_disable_title":"default","ocean_disable_heading":"default","ocean_post_title":"","ocean_post_subheading":"","ocean_post_title_style":"","ocean_post_title_background_color":"","ocean_post_title_background":0,"ocean_post_title_bg_image_position":"","ocean_post_title_bg_image_attachment":"","ocean_post_title_bg_image_repeat":"","ocean_post_title_bg_image_size":"","ocean_post_title_height":0,"ocean_post_title_bg_overlay":0.5,"ocean_post_title_bg_overlay_color":"","ocean_disable_breadcrumbs":"default","ocean_breadcrumbs_color":"","ocean_breadcrumbs_separator_color":"","ocean_breadcrumbs_links_color":"","ocean_breadcrumbs_links_hover_color":"","ocean_display_footer_widgets":"default","ocean_display_footer_bottom":"default","ocean_custom_footer_template":"0","ocean_post_oembed":"","ocean_post_self_hosted_media":"","ocean_post_video_embed":"","ocean_link_format":"","ocean_link_format_target":"self","ocean_quote_format":"","ocean_quote_format_link":"post","ocean_gallery_link_images":"off","ocean_gallery_id":[],"footnotes":""},"categories":[11],"tags":[25,12],"class_list":["post-769","post","type-post","status-publish","format-standard","has-post-thumbnail","hentry","category-blog","tag-helytorteneti-gyujtemeny","tag-voo-imre","entry","has-media"],"featured_image_src":"https:\/\/miklosimuzeum.hu\/wp-content\/uploads\/2022\/08\/24.jpg","author_info":{"display_name":"Miss N\u00e1ndor","author_link":"https:\/\/miklosimuzeum.hu\/en\/author\/admin\/"},"rttpg_featured_image_url":{"full":["https:\/\/miklosimuzeum.hu\/wp-content\/uploads\/2022\/08\/24.jpg",1200,769,false],"landscape":["https:\/\/miklosimuzeum.hu\/wp-content\/uploads\/2022\/08\/24.jpg",1200,769,false],"portraits":["https:\/\/miklosimuzeum.hu\/wp-content\/uploads\/2022\/08\/24.jpg",1200,769,false],"thumbnail":["https:\/\/miklosimuzeum.hu\/wp-content\/uploads\/2022\/08\/24-150x150.jpg",150,150,true],"medium":["https:\/\/miklosimuzeum.hu\/wp-content\/uploads\/2022\/08\/24-300x192.jpg",300,192,true],"large":["https:\/\/miklosimuzeum.hu\/wp-content\/uploads\/2022\/08\/24-1024x656.jpg",1024,656,true],"1536x1536":["https:\/\/miklosimuzeum.hu\/wp-content\/uploads\/2022\/08\/24.jpg",1200,769,false],"2048x2048":["https:\/\/miklosimuzeum.hu\/wp-content\/uploads\/2022\/08\/24.jpg",1200,769,false],"trp-custom-language-flag":["https:\/\/miklosimuzeum.hu\/wp-content\/uploads\/2022\/08\/24.jpg",18,12,false],"ocean-thumb-m":["https:\/\/miklosimuzeum.hu\/wp-content\/uploads\/2022\/08\/24-600x600.jpg",600,600,true],"ocean-thumb-ml":["https:\/\/miklosimuzeum.hu\/wp-content\/uploads\/2022\/08\/24-800x450.jpg",800,450,true],"ocean-thumb-l":["https:\/\/miklosimuzeum.hu\/wp-content\/uploads\/2022\/08\/24-1200x700.jpg",1200,700,true]},"rttpg_author":{"display_name":"Miss N\u00e1ndor","author_link":"https:\/\/miklosimuzeum.hu\/en\/author\/admin\/"},"rttpg_comment":0,"rttpg_category":"<a href=\"https:\/\/miklosimuzeum.hu\/en\/category\/blog\/\" rel=\"category tag\">Blog<\/a>","rttpg_excerpt":"A Helyt\u00f6rt\u00e9neti Gy\u0171jtem\u00e9ny 1985 \u00f3ta m\u0171k\u00f6dik a jelenlegi hely\u00e9n. Hogy j\u00f6tt \u00f6ssze a m\u00fazeum anyaga? Kikt\u0151l sz\u00e1rmazik? Mi a c\u00e9lja a gy\u0171jtem\u00e9nynek? \u00cdgy \u00edrt err\u0151l V\u00f6\u0151 Imre b\u00e1csi 2000. j\u00fanius\u00e1ban a Mikl\u00f3si \u00dajs\u00e1g has\u00e1bjain: A v\u00e1rosi m\u00fazeum 35 \u00e9ves K\u00f6zismert a k\u00f6rny\u00e9ken a szigetszentmikl\u00f3si Falum\u00fazeum, mely m\u00e1jusban \u00fcnnepelte m\u0171k\u00f6d\u00e9s\u00e9nek 35-ik \u00e9vfordul\u00f3j\u00e1t. A Honismeretei szakk\u00f6r h\u00e1zi&hellip;","_links":{"self":[{"href":"https:\/\/miklosimuzeum.hu\/en\/wp-json\/wp\/v2\/posts\/769","targetHints":{"allow":["GET"]}}],"collection":[{"href":"https:\/\/miklosimuzeum.hu\/en\/wp-json\/wp\/v2\/posts"}],"about":[{"href":"https:\/\/miklosimuzeum.hu\/en\/wp-json\/wp\/v2\/types\/post"}],"author":[{"embeddable":true,"href":"https:\/\/miklosimuzeum.hu\/en\/wp-json\/wp\/v2\/users\/1"}],"replies":[{"embeddable":true,"href":"https:\/\/miklosimuzeum.hu\/en\/wp-json\/wp\/v2\/comments?post=769"}],"version-history":[{"count":1,"href":"https:\/\/miklosimuzeum.hu\/en\/wp-json\/wp\/v2\/posts\/769\/revisions"}],"predecessor-version":[{"id":772,"href":"https:\/\/miklosimuzeum.hu\/en\/wp-json\/wp\/v2\/posts\/769\/revisions\/772"}],"wp:featuredmedia":[{"embeddable":true,"href":"https:\/\/miklosimuzeum.hu\/en\/wp-json\/wp\/v2\/media\/770"}],"wp:attachment":[{"href":"https:\/\/miklosimuzeum.hu\/en\/wp-json\/wp\/v2\/media?parent=769"}],"wp:term":[{"taxonomy":"category","embeddable":true,"href":"https:\/\/miklosimuzeum.hu\/en\/wp-json\/wp\/v2\/categories?post=769"},{"taxonomy":"post_tag","embeddable":true,"href":"https:\/\/miklosimuzeum.hu\/en\/wp-json\/wp\/v2\/tags?post=769"}],"curies":[{"name":"wp","href":"https:\/\/api.w.org\/{rel}","templated":true}]}}