{"id":766,"date":"2021-06-22T14:04:24","date_gmt":"2021-06-22T14:04:24","guid":{"rendered":"https:\/\/mischdesign.hu\/miklosimuzeum\/?p=766"},"modified":"2022-08-18T15:36:24","modified_gmt":"2022-08-18T15:36:24","slug":"36-eves-a-helytorteneti-gyujtemeny-arpad-utcai-kiallitotere","status":"publish","type":"post","link":"https:\/\/miklosimuzeum.hu\/en\/2021\/06\/22\/36-eves-a-helytorteneti-gyujtemeny-arpad-utcai-kiallitotere\/","title":{"rendered":"36 \u00e9ves a Helyt\u00f6rt\u00e9neti Gy\u0171jtem\u00e9ny \u00c1rp\u00e1d utcai ki\u00e1ll\u00edt\u00f3tere"},"content":{"rendered":"<p><strong>36 \u00e9ve, 1985 m\u00e1jus\u00e1ban k\u00f6lt\u00f6z\u00f6tt jelenlegi hely\u00e9re a Helyt\u00f6rt\u00e9neti Gy\u0171jtem\u00e9ny. A helysz\u00ednt ideiglenesnek sz\u00e1nta a K\u00f6zs\u00e9gi Tan\u00e1cs, 5 \u00e9v eltelt\u00e9vel a szomsz\u00e9dos, \u00c1rp\u00e1d u. 32. sz\u00e1m alatt lev\u0151 \u00e9p\u00fclet 5 helyis\u00e9g\u00e9t \u00e9s 200 n\u00e9gyzetm\u00e9teres padl\u00e1s\u00e1t kapta volna meg a m\u00fazeum. Az az\u00f3ta m\u00e1r elbontott \u00e9p\u00fcletben akkoriban a k\u00f6zs\u00e9gi rend\u0151rs\u00e9g \u00e9s a M\u0171vel\u0151d\u00e9si Oszt\u00e1ly m\u0171k\u00f6d\u00f6tt, majd 1984-85-ben ott j\u00f6tt l\u00e9tre a k\u00e9s\u0151bbi \u00c1d\u00e1m Jen\u0151 Zeneiskola.<\/strong><\/p>\n\n\n<div class=\"wp-block-image\">\n<figure class=\"alignleft size-large is-resized\"><a href=\"https:\/\/mischdesign.hu\/miklosimuzeum\/wp-content\/uploads\/2022\/08\/22.jpg\"><img fetchpriority=\"high\" decoding=\"async\" src=\"https:\/\/mischdesign.hu\/miklosimuzeum\/wp-content\/uploads\/2022\/08\/22-1024x675.jpg\" alt=\"\" class=\"wp-image-767\" width=\"364\" height=\"239\"\/><\/a><\/figure>\n<\/div>\n\n\n<p>A Helyt\u00f6rt\u00e9neti Gy\u0171jtem\u00e9ny \u00faj \u00e9p\u00fclet\u00e9nek \u00fcnnep\u00e9lyes megnyit\u00e1s\u00e1ra v\u00e9g\u00fcl 1985. j\u00fanius 20-\u00e1n ker\u00fclt sor. A k\u00f6lt\u00f6zk\u00f6d\u00e9s bonyodalmair\u00f3l a Honismereti Szakk\u00f6r napl\u00f3j\u00e1ban V\u00f6\u0151 Imre b\u00e1csi \u00edgy sz\u00e1molt be:<\/p>\n\n\n\n<p>[A m\u00e1jus 1-jei felvonul\u00e1s alatt] 6 asszony a szakk\u00f6rb\u0151l az \u00faj m\u00fazeum\u00e9p\u00fclet 3 szob\u00e1j\u00e1t felmosta, ablakait megtiszt\u00edtotta. El\u0151tteval\u00f3 nap \u00e9n az \u00f6sszes szemetet kitakar\u00edtottam a 3 helyis\u00e9gb\u0151l. A termeket rendbehozva kezdhett\u00fcnk a K\u00e9kt\u00f3i M\u00fazeum anyag\u00e1nak sz\u00e9tszed\u00e9s\u00e9hez, elcsomagol\u00e1s\u00e1hoz.<\/p>\n\n\n\n<p>M\u00e1jus elsej\u00e9n d\u00e9lre k\u00e9sz lett a takar\u00edt\u00e1s; eb\u00e9d ut\u00e1n 14-18 \u00f3r\u00e1ig Heged\u0171s Attil\u00e1val [V\u00f6\u0151 Imre b\u00e1csi tan\u00edtv\u00e1nya, a Gy\u0171jtem\u00e9ny munkat\u00e1rsa] ketten sz\u00e9tbontottuk a K\u00e9kt\u00f3i M\u00fazeum ki\u00e1ll\u00edt\u00e1s\u00e1t, elcsomagoltuk sz\u00e1ll\u00edt\u00e1sra k\u00e9szen. Nagy munka volt, de elv\u00e9gezt\u00fck.<\/p>\n\n\n\n<p>M\u00e1snap megkezdtem az \u00faj \u00e9p\u00fcletben a ki\u00e1ll\u00edt\u00e1s elhelyez\u00e9s\u00e9t, tervez\u00e9s\u00e9t, melyet pap\u00edrra vetettem el\u0151z\u0151leg m\u00e1r.<\/p>\n\n\n\n<p>A gond az volt, hogy a K\u00e9kt\u00f3i M\u00fazeum anyag\u00e1nak 1\/3 r\u00e9sz\u00e9t ide nem lehetett elhelyezni, az a padl\u00e1sra megy. Mit rakjunk ki? Mit tegy\u00fcnk rakt\u00e1rba? Ha ugyanazt rakom ki, ami a K\u00e9kt\u00f3n volt, akkor nem l\u00e1togatj\u00e1k majd a m\u00fazeumot.<\/p>\n\n\n\n<p>Meg\u00fajult, kib\u0151v\u00edtett anyag\u00fa ki\u00e1ll\u00edt\u00e1st kellett tervezni a 100 \u00e9ves \u00f6reg paraszth\u00e1zba. \u00daj anyagokat kell begy\u0171jteni, a foly\u00f3s\u00f3t [verand\u00e1t] is felhaszn\u00e1lni gazd\u00e1lkod\u00e1si eszk\u00f6z\u00f6k \u00e9s k\u0151t\u00e1r elhelyez\u00e9s\u00e9re.<\/p>\n\n\n\n<p>[\u2026]<\/p>\n\n\n\n<p>A volt rend\u0151rs\u00e9gi \u00e9p\u00fcletet adta a tan\u00e1cs\u00fcl\u00e9s m\u00fazeumnak, de a M\u0171vel\u0151d\u00e9si Oszt\u00e1lyt odahelyezt\u00e9k 5 szob\u00e1ba. [\u2026] A tan\u00e1cseln\u00f6k k\u00e9rt, fogadjuk el ki\u00e1ll\u00edt\u00f3helynek a szomsz\u00e9dos H. Ender P\u00e1l-f\u00e9le h\u00e1zat addig, m\u00edg visszakapjuk az \u00e9p\u00fcletet. (?) Nem volt mit tenni, a K\u00e9kt\u00f3n m\u00e1r 19 \u00e9ve voltunk, se udvara, se kertje, mindig att\u00f3l f\u00e9ltem, hogy felt\u00f6rik. \u00cdgy j\u00f3nak l\u00e1ttam elfogadni az \u00e9p\u00fcletet, hiszen az \u00f3-faluban van, a szomsz\u00e9d \u00e9p\u00fcletben a padl\u00e1son a rakt\u00e1r \u00e9s az iroda. Az egyezs\u00e9g szerint a rend\u0151rs\u00e9gh\u00e1z udvar\u00e1n pedig f\u00e9szert \u00e9p\u00edthet\u00fcnk a gazdas\u00e1gi t\u00e1rgyak r\u00e9sz\u00e9re, a zeneiskola pedig az udvarban lesz meg\u00e9p\u00edtve.<\/p>\n\n\n\n<p>A nagyk\u00f6zs\u00e9gi Tan\u00e1cs eln\u00f6k\u00e9vel, Pongr\u00e1cz G\u00e1borral egyezs\u00e9gre jutva, m\u00e9g 1984. nov. 1-j\u00e9n megk\u00f6t\u00f6tt\u00e9k a b\u00e9rleti szerz\u0151d\u00e9st, \u00e9s 5 \u00e9vre b\u00e9rbe vette a Tan\u00e1cs a h\u00e1zat m\u00fazeum c\u00e9lj\u00e1ra, havi 2400 Ft-\u00e9rt.<\/p>\n\n\n\n<p>A nagy t\u00e9l miatt a h\u00e1z fel\u00faj\u00edt\u00e1sa m\u00e1jus 1-re lett k\u00e9sz. A szakk\u00f6r tagjainak lelkesebbjei (10-12 f\u0151) t\u00e1mogat\u00e1s\u00e1val a m\u00fazeumot ott alap\u00edtjuk.<\/p>\n\n\n\n<p>A sz\u00e1ll\u00edt\u00e1st megbesz\u00e9lve Marosi L\u00e1szl\u00f3val, aki 1 f\u0151t hozott mag\u00e1val, seg\u00edtett m\u00e9g Simon Albert, Sallai J\u00f3zsef \u00e9s V\u00f6\u0151 Imre, [a ki\u00e1ll\u00edt\u00e1s anyag\u00e1t] 6 \u00f3ra alatt 8 fuvarral behoztuk. Csak a k\u00f6vek \u00e9s a vitrin \u00fcvegek maradtak kinn. Derekas munk\u00e1t v\u00e9gezve az es\u0151s, napos id\u0151ben, de bek\u00f6lt\u00f6ztett\u00fck a m\u00fazeumot.<\/p>","protected":false},"excerpt":{"rendered":"<p>36 \u00e9ve, 1985 m\u00e1jus\u00e1ban k\u00f6lt\u00f6z\u00f6tt jelenlegi hely\u00e9re a Helyt\u00f6rt\u00e9neti Gy\u0171jtem\u00e9ny. A helysz\u00ednt ideiglenesnek sz\u00e1nta a K\u00f6zs\u00e9gi Tan\u00e1cs, 5 \u00e9v eltelt\u00e9vel a szomsz\u00e9dos, \u00c1rp\u00e1d u. 32. sz\u00e1m alatt lev\u0151 \u00e9p\u00fclet 5 helyis\u00e9g\u00e9t \u00e9s 200 n\u00e9gyzetm\u00e9teres padl\u00e1s\u00e1t kapta volna meg a m\u00fazeum. Az az\u00f3ta m\u00e1r elbontott \u00e9p\u00fcletben akkoriban a k\u00f6zs\u00e9gi rend\u0151rs\u00e9g \u00e9s a M\u0171vel\u0151d\u00e9si Oszt\u00e1ly m\u0171k\u00f6d\u00f6tt, majd [&hellip;]<\/p>","protected":false},"author":1,"featured_media":767,"comment_status":"open","ping_status":"open","sticky":false,"template":"","format":"standard","meta":{"ub_ctt_via":"","ocean_post_layout":"","ocean_both_sidebars_style":"","ocean_both_sidebars_content_width":0,"ocean_both_sidebars_sidebars_width":0,"ocean_sidebar":"0","ocean_second_sidebar":"0","ocean_disable_margins":"enable","ocean_add_body_class":"","ocean_shortcode_before_top_bar":"","ocean_shortcode_after_top_bar":"","ocean_shortcode_before_header":"","ocean_shortcode_after_header":"","ocean_has_shortcode":"","ocean_shortcode_after_title":"","ocean_shortcode_before_footer_widgets":"","ocean_shortcode_after_footer_widgets":"","ocean_shortcode_before_footer_bottom":"","ocean_shortcode_after_footer_bottom":"","ocean_display_top_bar":"default","ocean_display_header":"default","ocean_header_style":"","ocean_center_header_left_menu":"0","ocean_custom_header_template":"0","ocean_custom_logo":0,"ocean_custom_retina_logo":0,"ocean_custom_logo_max_width":0,"ocean_custom_logo_tablet_max_width":0,"ocean_custom_logo_mobile_max_width":0,"ocean_custom_logo_max_height":0,"ocean_custom_logo_tablet_max_height":0,"ocean_custom_logo_mobile_max_height":0,"ocean_header_custom_menu":"0","ocean_menu_typo_font_family":"0","ocean_menu_typo_font_subset":"","ocean_menu_typo_font_size":0,"ocean_menu_typo_font_size_tablet":0,"ocean_menu_typo_font_size_mobile":0,"ocean_menu_typo_font_size_unit":"px","ocean_menu_typo_font_weight":"","ocean_menu_typo_font_weight_tablet":"","ocean_menu_typo_font_weight_mobile":"","ocean_menu_typo_transform":"","ocean_menu_typo_transform_tablet":"","ocean_menu_typo_transform_mobile":"","ocean_menu_typo_line_height":0,"ocean_menu_typo_line_height_tablet":0,"ocean_menu_typo_line_height_mobile":0,"ocean_menu_typo_line_height_unit":"","ocean_menu_typo_spacing":0,"ocean_menu_typo_spacing_tablet":0,"ocean_menu_typo_spacing_mobile":0,"ocean_menu_typo_spacing_unit":"","ocean_menu_link_color":"","ocean_menu_link_color_hover":"","ocean_menu_link_color_active":"","ocean_menu_link_background":"","ocean_menu_link_hover_background":"","ocean_menu_link_active_background":"","ocean_menu_social_links_bg":"","ocean_menu_social_hover_links_bg":"","ocean_menu_social_links_color":"","ocean_menu_social_hover_links_color":"","ocean_disable_title":"default","ocean_disable_heading":"default","ocean_post_title":"","ocean_post_subheading":"","ocean_post_title_style":"","ocean_post_title_background_color":"","ocean_post_title_background":0,"ocean_post_title_bg_image_position":"","ocean_post_title_bg_image_attachment":"","ocean_post_title_bg_image_repeat":"","ocean_post_title_bg_image_size":"","ocean_post_title_height":0,"ocean_post_title_bg_overlay":0.5,"ocean_post_title_bg_overlay_color":"","ocean_disable_breadcrumbs":"default","ocean_breadcrumbs_color":"","ocean_breadcrumbs_separator_color":"","ocean_breadcrumbs_links_color":"","ocean_breadcrumbs_links_hover_color":"","ocean_display_footer_widgets":"default","ocean_display_footer_bottom":"default","ocean_custom_footer_template":"0","ocean_post_oembed":"","ocean_post_self_hosted_media":"","ocean_post_video_embed":"","ocean_link_format":"","ocean_link_format_target":"self","ocean_quote_format":"","ocean_quote_format_link":"post","ocean_gallery_link_images":"off","ocean_gallery_id":[],"footnotes":""},"categories":[11],"tags":[25,12],"class_list":["post-766","post","type-post","status-publish","format-standard","has-post-thumbnail","hentry","category-blog","tag-helytorteneti-gyujtemeny","tag-voo-imre","entry","has-media"],"featured_image_src":"https:\/\/miklosimuzeum.hu\/wp-content\/uploads\/2022\/08\/22.jpg","author_info":{"display_name":"Miss N\u00e1ndor","author_link":"https:\/\/miklosimuzeum.hu\/en\/author\/admin\/"},"rttpg_featured_image_url":{"full":["https:\/\/miklosimuzeum.hu\/wp-content\/uploads\/2022\/08\/22.jpg",1200,791,false],"landscape":["https:\/\/miklosimuzeum.hu\/wp-content\/uploads\/2022\/08\/22.jpg",1200,791,false],"portraits":["https:\/\/miklosimuzeum.hu\/wp-content\/uploads\/2022\/08\/22.jpg",1200,791,false],"thumbnail":["https:\/\/miklosimuzeum.hu\/wp-content\/uploads\/2022\/08\/22-150x150.jpg",150,150,true],"medium":["https:\/\/miklosimuzeum.hu\/wp-content\/uploads\/2022\/08\/22-300x198.jpg",300,198,true],"large":["https:\/\/miklosimuzeum.hu\/wp-content\/uploads\/2022\/08\/22-1024x675.jpg",1024,675,true],"1536x1536":["https:\/\/miklosimuzeum.hu\/wp-content\/uploads\/2022\/08\/22.jpg",1200,791,false],"2048x2048":["https:\/\/miklosimuzeum.hu\/wp-content\/uploads\/2022\/08\/22.jpg",1200,791,false],"trp-custom-language-flag":["https:\/\/miklosimuzeum.hu\/wp-content\/uploads\/2022\/08\/22.jpg",18,12,false],"ocean-thumb-m":["https:\/\/miklosimuzeum.hu\/wp-content\/uploads\/2022\/08\/22-600x600.jpg",600,600,true],"ocean-thumb-ml":["https:\/\/miklosimuzeum.hu\/wp-content\/uploads\/2022\/08\/22-800x450.jpg",800,450,true],"ocean-thumb-l":["https:\/\/miklosimuzeum.hu\/wp-content\/uploads\/2022\/08\/22-1200x700.jpg",1200,700,true]},"rttpg_author":{"display_name":"Miss N\u00e1ndor","author_link":"https:\/\/miklosimuzeum.hu\/en\/author\/admin\/"},"rttpg_comment":0,"rttpg_category":"<a href=\"https:\/\/miklosimuzeum.hu\/en\/category\/blog\/\" rel=\"category tag\">Blog<\/a>","rttpg_excerpt":"36 \u00e9ve, 1985 m\u00e1jus\u00e1ban k\u00f6lt\u00f6z\u00f6tt jelenlegi hely\u00e9re a Helyt\u00f6rt\u00e9neti Gy\u0171jtem\u00e9ny. A helysz\u00ednt ideiglenesnek sz\u00e1nta a K\u00f6zs\u00e9gi Tan\u00e1cs, 5 \u00e9v eltelt\u00e9vel a szomsz\u00e9dos, \u00c1rp\u00e1d u. 32. sz\u00e1m alatt lev\u0151 \u00e9p\u00fclet 5 helyis\u00e9g\u00e9t \u00e9s 200 n\u00e9gyzetm\u00e9teres padl\u00e1s\u00e1t kapta volna meg a m\u00fazeum. Az az\u00f3ta m\u00e1r elbontott \u00e9p\u00fcletben akkoriban a k\u00f6zs\u00e9gi rend\u0151rs\u00e9g \u00e9s a M\u0171vel\u0151d\u00e9si Oszt\u00e1ly m\u0171k\u00f6d\u00f6tt, majd&hellip;","_links":{"self":[{"href":"https:\/\/miklosimuzeum.hu\/en\/wp-json\/wp\/v2\/posts\/766","targetHints":{"allow":["GET"]}}],"collection":[{"href":"https:\/\/miklosimuzeum.hu\/en\/wp-json\/wp\/v2\/posts"}],"about":[{"href":"https:\/\/miklosimuzeum.hu\/en\/wp-json\/wp\/v2\/types\/post"}],"author":[{"embeddable":true,"href":"https:\/\/miklosimuzeum.hu\/en\/wp-json\/wp\/v2\/users\/1"}],"replies":[{"embeddable":true,"href":"https:\/\/miklosimuzeum.hu\/en\/wp-json\/wp\/v2\/comments?post=766"}],"version-history":[{"count":1,"href":"https:\/\/miklosimuzeum.hu\/en\/wp-json\/wp\/v2\/posts\/766\/revisions"}],"predecessor-version":[{"id":768,"href":"https:\/\/miklosimuzeum.hu\/en\/wp-json\/wp\/v2\/posts\/766\/revisions\/768"}],"wp:featuredmedia":[{"embeddable":true,"href":"https:\/\/miklosimuzeum.hu\/en\/wp-json\/wp\/v2\/media\/767"}],"wp:attachment":[{"href":"https:\/\/miklosimuzeum.hu\/en\/wp-json\/wp\/v2\/media?parent=766"}],"wp:term":[{"taxonomy":"category","embeddable":true,"href":"https:\/\/miklosimuzeum.hu\/en\/wp-json\/wp\/v2\/categories?post=766"},{"taxonomy":"post_tag","embeddable":true,"href":"https:\/\/miklosimuzeum.hu\/en\/wp-json\/wp\/v2\/tags?post=766"}],"curies":[{"name":"wp","href":"https:\/\/api.w.org\/{rel}","templated":true}]}}