{"id":751,"date":"2021-05-27T13:50:19","date_gmt":"2021-05-27T13:50:19","guid":{"rendered":"https:\/\/mischdesign.hu\/miklosimuzeum\/?p=751"},"modified":"2022-08-18T15:34:58","modified_gmt":"2022-08-18T15:34:58","slug":"furdozes-a-kis-duna-partjan","status":"publish","type":"post","link":"https:\/\/miklosimuzeum.hu\/en\/2021\/05\/27\/furdozes-a-kis-duna-partjan\/","title":{"rendered":"F\u00fcrd\u0151z\u00e9s a Kis-Duna partj\u00e1n"},"content":{"rendered":"<p><strong>R\u00e9gen Szigetszentmikl\u00f3son k\u00e9t strand is m\u0171k\u00f6d\u00f6tt, az \u00c1rp\u00e1d- \u00e9s az Ol\u00e1h strandok, mindkett\u0151 a Kis-Duna partj\u00e1n \u2013 de emellett a K\u00e9kt\u00f3 is k\u00edn\u00e1lt f\u00fcrd\u00e9si lehet\u0151s\u00e9get eg\u00e9szen 1969-es betemet\u00e9s\u00e9ig. L\u00e1ssuk, mi mindent gy\u0171jt\u00f6tt \u00f6ssze Imre b\u00e1csi a F\u00e9nysz\u00f3r\u00f3ban megjelent cikk\u00e9ben az 1980-as \u00e9vekben!<\/strong><\/p>\n\n\n\n<h2 class=\"wp-block-heading\">A f\u00fcrd\u00e9s m\u00faltj\u00e1b\u00f3l<\/h2>\n\n\n<div class=\"wp-block-image\">\n<figure class=\"alignleft size-large is-resized\"><a href=\"https:\/\/mischdesign.hu\/miklosimuzeum\/wp-content\/uploads\/2022\/08\/27-1.jpg\"><img fetchpriority=\"high\" decoding=\"async\" src=\"https:\/\/mischdesign.hu\/miklosimuzeum\/wp-content\/uploads\/2022\/08\/27-1-1024x655.jpg\" alt=\"\" class=\"wp-image-752\" width=\"365\" height=\"233\"\/><\/a><\/figure>\n<\/div>\n\n\n<p>Megkezd\u0151d\u00f6tt a f\u00fcrd\u00e9si szezon. A v\u00edzre \u00e9s napf\u00e9nyre v\u00e1gy\u00f3k zar\u00e1ndokolnak a vizek mell\u00e9. \u00d6rvendetes ez a t\u00e9ny, mert ma m\u00e1r igen sok ember eljuthat nyaralni. J\u00f3les\u0151 \u00e9rz\u00e9ssel nyugt\u00e1zzuk azt is, hogy gy\u00f6ngyszem\u00fcnk, a Soroks\u00e1ri Duna-\u00e1g a kisp\u00e9nz\u0171 dolgoz\u00f3 emberek t\u00edzezreinek h\u00e9tv\u00e9gi \u00fcd\u00fcl\u0151- \u00e9s pihen\u0151hely\u00e9\u00fcl szolg\u00e1l. Rem\u00e9lj\u00fck, a j\u00f6v\u0151 \u00e9vek sor\u00e1n mindjobban fogja e c\u00e9lt szolg\u00e1lni.<\/p>\n\n\n\n<p>A kezembe ker\u00fclt, megs\u00e1rgult, r\u00e9gi k\u00e9peslapok arr\u00f3l tan\u00faskodnak, hogy 1913-ban Szigetszentmikl\u00f3son m\u00e1r m\u0171k\u00f6d\u00f6tt az \u00c1rp\u00e1d-uszoda. K\u00e9t f\u00e9le k\u00e9peslap is meg\u00f6r\u00f6k\u00edtette az els\u0151 uszod\u00e1t, melyet \u00e9l\u0151s\u00f6v\u00e9ny vett k\u00f6r\u00fcl. A v\u00edzben bl\u00fazos asszonyok, bajuszos f\u00e9rfiak gaty\u00e1ban f\u00fcr\u00f6dtek. Nagyany\u00e1ink idej\u00e9ben kezdtek sok helyen, \u00edgy Szentmikl\u00f3son is megbar\u00e1tkozni a v\u00edzzel. Addig job\u00e1ra csak a f\u00e9rfiak f\u00fcr\u00f6dtek a v\u00edzimalom k\u00f6r\u00fcl. A mer\u00e9szebbek k\u00f6z\u00fcl j\u00f3 p\u00e1ran a Dun\u00e1ba fulladtak. A Duna vize, mely \u00e9vsz\u00e1zadok alatt sok puszt\u00edt\u00e1st okozott a k\u00f6rnyez\u0151 falvaknak, a v\u00e9dg\u00e1tak meg\u00e9p\u00edt\u00e9se ut\u00e1n (1878-1892) kezdett \u00e1ld\u00e1ss\u00e1 v\u00e1lni. Egyr\u00e9szt az \u00f6nt\u00f6z\u00e9ses kert\u00e9szked\u00e9st seg\u00edtette kibontakozni a falvakban, m\u00e1sr\u00e9szt a Duna \u00e9s partjainak romantik\u00e1ja f\u00fcrd\u0151z\u00e9sre szolg\u00e1lt. Szentmikl\u00f3son is hamar felismert\u00e9k ezt a lehet\u0151s\u00e9get a k\u00f6zs\u00e9g akkori vezet\u0151i.<\/p>\n\n\n<div class=\"wp-block-image\">\n<figure class=\"alignright size-large is-resized\"><a href=\"https:\/\/mischdesign.hu\/miklosimuzeum\/wp-content\/uploads\/2022\/08\/27b.jpg\"><img decoding=\"async\" src=\"https:\/\/mischdesign.hu\/miklosimuzeum\/wp-content\/uploads\/2022\/08\/27b-686x1024.jpg\" alt=\"\" class=\"wp-image-753\" width=\"327\" height=\"488\"\/><\/a><\/figure>\n<\/div>\n\n\n<p>A k\u00e9peslapok \u00e9s r\u00e9gi f\u00e9nyk\u00e9pek tan\u00fas\u00e1ga szerint a Ligeti-erd\u0151ben, amely ma \u00c1rp\u00e1d-liget n\u00e9ven ismeretes, m\u00e1r 1913-ban f\u00fcrd\u0151, uszoda m\u0171k\u00f6d\u00f6tt. A m\u00e1sik k\u00e9pen ugyanitt a h\u00e1tt\u00e9rben h\u00e1rom v\u00edzimalmot is meg\u00f6r\u00f6k\u00edtettek, ezek a malmok eg\u00e9szen 1930-ig ezen a Duna-\u00e1gon m\u0171k\u00f6dtek, a taksonyi kompr\u00e9v melletti r\u00e9szen. 1911-ben alakult a szigetszentmikl\u00f3si evez\u0151s egyes\u00fclet, s 1944-ig m\u0171k\u00f6d\u00f6tt. Az 1930-as \u00e9vek elej\u00e9n kezdett a Kis-Duna part \u00fcd\u00fcl\u0151telepp\u00e9 fejl\u0151dni. A f\u00fcrd\u00e9s \u00e9s a cs\u00f3nakkik\u00f6t\u00e9s d\u00edjtalan volt, m\u00edg a strandon melegkonyh\u00e1s vend\u00e9gl\u0151 fogadta a vend\u00e9geket \u2013 hirdeti ezt egy 1936-os plak\u00e1t. 1937-ben megalakult a f\u00fcrd\u0151- \u00e9s sz\u00e9p\u00edt\u0151 egyes\u00fclet a faluban, els\u0151 k\u00e9r\u00e9s\u00fck volt: a k\u00f6zvil\u00e1g\u00edt\u00e1s bevezet\u00e9se \u00c1rp\u00e1d-ligetre.<\/p>\n\n\n\n<p>A korabeli \u00fajs\u00e1gok gyakran rekl\u00e1mozt\u00e1k a Csepel-szigeti t\u00e1jak sz\u00e9ps\u00e9g\u00e9t, \u00fcd\u00fcl\u00e9sre alkalmas volt\u00e1t. Az is igaz, hogy Szentmikl\u00f3son az \u00c1rp\u00e1d \u00e9s a R\u00e1k\u00f3czi utc\u00e1ban sok kiad\u00f3 tiszta szoba \u00e9s falusi koszt v\u00e1rta a f\u0151v\u00e1rosb\u00f3l \u00e9rkez\u0151 nyaral\u00f3kat. A f\u00fcrd\u0151 utca elnevez\u00e9s is a hajdani strandol\u00e1snak \u00e1ll\u00edt eml\u00e9ket. Ezen az \u00faton j\u00e1rtak le a Dun\u00e1ba f\u00fcrdeni a huszas \u00e9vekben. Itt volt akkor a falu sz\u00e9le is.<\/p>\n\n\n\n<p>A hajdani Szigeti-erd\u0151 hatalmas f\u00e1it a harmincas \u00e9vekben kezdt\u00e9k kiv\u00e1gni, a f\u00f6ldeket pedig parcell\u00e1zni. Ma m\u00e1r sajnos alig maradt egy-k\u00e9t \u00f6reg fa h\u00edrmond\u00f3nak. Az 1956-os \u00e1rv\u00edz ut\u00e1n nagyar\u00e1ny\u00fa \u00e9p\u00edtkez\u00e9s kezd\u0151d\u00f6tt a Duna partj\u00e1n \u00e9s a Szigetben. Ma m\u00e1r eg\u00e9sz nyaral\u00f3 negyedd\u00e9 v\u00e1lt a Haraszti-h\u00eddt\u00f3l a Taksonyi h\u00eddig.<\/p>\n\n\n\n<p>V\u00f6\u0151 Imre<\/p>","protected":false},"excerpt":{"rendered":"<p>R\u00e9gen Szigetszentmikl\u00f3son k\u00e9t strand is m\u0171k\u00f6d\u00f6tt, az \u00c1rp\u00e1d- \u00e9s az Ol\u00e1h strandok, mindkett\u0151 a Kis-Duna partj\u00e1n \u2013 de emellett a K\u00e9kt\u00f3 is k\u00edn\u00e1lt f\u00fcrd\u00e9si lehet\u0151s\u00e9get eg\u00e9szen 1969-es betemet\u00e9s\u00e9ig. L\u00e1ssuk, mi mindent gy\u0171jt\u00f6tt \u00f6ssze Imre b\u00e1csi a F\u00e9nysz\u00f3r\u00f3ban megjelent cikk\u00e9ben az 1980-as \u00e9vekben! A f\u00fcrd\u00e9s m\u00faltj\u00e1b\u00f3l Megkezd\u0151d\u00f6tt a f\u00fcrd\u00e9si szezon. A v\u00edzre \u00e9s napf\u00e9nyre v\u00e1gy\u00f3k zar\u00e1ndokolnak [&hellip;]<\/p>","protected":false},"author":1,"featured_media":752,"comment_status":"open","ping_status":"open","sticky":false,"template":"","format":"standard","meta":{"ub_ctt_via":"","ocean_post_layout":"","ocean_both_sidebars_style":"","ocean_both_sidebars_content_width":0,"ocean_both_sidebars_sidebars_width":0,"ocean_sidebar":"0","ocean_second_sidebar":"0","ocean_disable_margins":"enable","ocean_add_body_class":"","ocean_shortcode_before_top_bar":"","ocean_shortcode_after_top_bar":"","ocean_shortcode_before_header":"","ocean_shortcode_after_header":"","ocean_has_shortcode":"","ocean_shortcode_after_title":"","ocean_shortcode_before_footer_widgets":"","ocean_shortcode_after_footer_widgets":"","ocean_shortcode_before_footer_bottom":"","ocean_shortcode_after_footer_bottom":"","ocean_display_top_bar":"default","ocean_display_header":"default","ocean_header_style":"","ocean_center_header_left_menu":"0","ocean_custom_header_template":"0","ocean_custom_logo":0,"ocean_custom_retina_logo":0,"ocean_custom_logo_max_width":0,"ocean_custom_logo_tablet_max_width":0,"ocean_custom_logo_mobile_max_width":0,"ocean_custom_logo_max_height":0,"ocean_custom_logo_tablet_max_height":0,"ocean_custom_logo_mobile_max_height":0,"ocean_header_custom_menu":"0","ocean_menu_typo_font_family":"0","ocean_menu_typo_font_subset":"","ocean_menu_typo_font_size":0,"ocean_menu_typo_font_size_tablet":0,"ocean_menu_typo_font_size_mobile":0,"ocean_menu_typo_font_size_unit":"px","ocean_menu_typo_font_weight":"","ocean_menu_typo_font_weight_tablet":"","ocean_menu_typo_font_weight_mobile":"","ocean_menu_typo_transform":"","ocean_menu_typo_transform_tablet":"","ocean_menu_typo_transform_mobile":"","ocean_menu_typo_line_height":0,"ocean_menu_typo_line_height_tablet":0,"ocean_menu_typo_line_height_mobile":0,"ocean_menu_typo_line_height_unit":"","ocean_menu_typo_spacing":0,"ocean_menu_typo_spacing_tablet":0,"ocean_menu_typo_spacing_mobile":0,"ocean_menu_typo_spacing_unit":"","ocean_menu_link_color":"","ocean_menu_link_color_hover":"","ocean_menu_link_color_active":"","ocean_menu_link_background":"","ocean_menu_link_hover_background":"","ocean_menu_link_active_background":"","ocean_menu_social_links_bg":"","ocean_menu_social_hover_links_bg":"","ocean_menu_social_links_color":"","ocean_menu_social_hover_links_color":"","ocean_disable_title":"default","ocean_disable_heading":"default","ocean_post_title":"","ocean_post_subheading":"","ocean_post_title_style":"","ocean_post_title_background_color":"","ocean_post_title_background":0,"ocean_post_title_bg_image_position":"","ocean_post_title_bg_image_attachment":"","ocean_post_title_bg_image_repeat":"","ocean_post_title_bg_image_size":"","ocean_post_title_height":0,"ocean_post_title_bg_overlay":0.5,"ocean_post_title_bg_overlay_color":"","ocean_disable_breadcrumbs":"default","ocean_breadcrumbs_color":"","ocean_breadcrumbs_separator_color":"","ocean_breadcrumbs_links_color":"","ocean_breadcrumbs_links_hover_color":"","ocean_display_footer_widgets":"default","ocean_display_footer_bottom":"default","ocean_custom_footer_template":"0","ocean_post_oembed":"","ocean_post_self_hosted_media":"","ocean_post_video_embed":"","ocean_link_format":"","ocean_link_format_target":"self","ocean_quote_format":"","ocean_quote_format_link":"post","ocean_gallery_link_images":"off","ocean_gallery_id":[],"footnotes":""},"categories":[11],"tags":[42,44,12],"class_list":["post-751","post","type-post","status-publish","format-standard","has-post-thumbnail","hentry","category-blog","tag-idegenforgalom","tag-kis-duna","tag-voo-imre","entry","has-media"],"featured_image_src":"https:\/\/miklosimuzeum.hu\/wp-content\/uploads\/2022\/08\/27-1.jpg","author_info":{"display_name":"Miss N\u00e1ndor","author_link":"https:\/\/miklosimuzeum.hu\/en\/author\/admin\/"},"rttpg_featured_image_url":{"full":["https:\/\/miklosimuzeum.hu\/wp-content\/uploads\/2022\/08\/27-1.jpg",1200,767,false],"landscape":["https:\/\/miklosimuzeum.hu\/wp-content\/uploads\/2022\/08\/27-1.jpg",1200,767,false],"portraits":["https:\/\/miklosimuzeum.hu\/wp-content\/uploads\/2022\/08\/27-1.jpg",1200,767,false],"thumbnail":["https:\/\/miklosimuzeum.hu\/wp-content\/uploads\/2022\/08\/27-1-150x150.jpg",150,150,true],"medium":["https:\/\/miklosimuzeum.hu\/wp-content\/uploads\/2022\/08\/27-1-300x192.jpg",300,192,true],"large":["https:\/\/miklosimuzeum.hu\/wp-content\/uploads\/2022\/08\/27-1-1024x655.jpg",1024,655,true],"1536x1536":["https:\/\/miklosimuzeum.hu\/wp-content\/uploads\/2022\/08\/27-1.jpg",1200,767,false],"2048x2048":["https:\/\/miklosimuzeum.hu\/wp-content\/uploads\/2022\/08\/27-1.jpg",1200,767,false],"trp-custom-language-flag":["https:\/\/miklosimuzeum.hu\/wp-content\/uploads\/2022\/08\/27-1.jpg",18,12,false],"ocean-thumb-m":["https:\/\/miklosimuzeum.hu\/wp-content\/uploads\/2022\/08\/27-1-600x600.jpg",600,600,true],"ocean-thumb-ml":["https:\/\/miklosimuzeum.hu\/wp-content\/uploads\/2022\/08\/27-1-800x450.jpg",800,450,true],"ocean-thumb-l":["https:\/\/miklosimuzeum.hu\/wp-content\/uploads\/2022\/08\/27-1-1200x700.jpg",1200,700,true]},"rttpg_author":{"display_name":"Miss N\u00e1ndor","author_link":"https:\/\/miklosimuzeum.hu\/en\/author\/admin\/"},"rttpg_comment":0,"rttpg_category":"<a href=\"https:\/\/miklosimuzeum.hu\/en\/category\/blog\/\" rel=\"category tag\">Blog<\/a>","rttpg_excerpt":"R\u00e9gen Szigetszentmikl\u00f3son k\u00e9t strand is m\u0171k\u00f6d\u00f6tt, az \u00c1rp\u00e1d- \u00e9s az Ol\u00e1h strandok, mindkett\u0151 a Kis-Duna partj\u00e1n \u2013 de emellett a K\u00e9kt\u00f3 is k\u00edn\u00e1lt f\u00fcrd\u00e9si lehet\u0151s\u00e9get eg\u00e9szen 1969-es betemet\u00e9s\u00e9ig. L\u00e1ssuk, mi mindent gy\u0171jt\u00f6tt \u00f6ssze Imre b\u00e1csi a F\u00e9nysz\u00f3r\u00f3ban megjelent cikk\u00e9ben az 1980-as \u00e9vekben! A f\u00fcrd\u00e9s m\u00faltj\u00e1b\u00f3l Megkezd\u0151d\u00f6tt a f\u00fcrd\u00e9si szezon. A v\u00edzre \u00e9s napf\u00e9nyre v\u00e1gy\u00f3k zar\u00e1ndokolnak&hellip;","_links":{"self":[{"href":"https:\/\/miklosimuzeum.hu\/en\/wp-json\/wp\/v2\/posts\/751","targetHints":{"allow":["GET"]}}],"collection":[{"href":"https:\/\/miklosimuzeum.hu\/en\/wp-json\/wp\/v2\/posts"}],"about":[{"href":"https:\/\/miklosimuzeum.hu\/en\/wp-json\/wp\/v2\/types\/post"}],"author":[{"embeddable":true,"href":"https:\/\/miklosimuzeum.hu\/en\/wp-json\/wp\/v2\/users\/1"}],"replies":[{"embeddable":true,"href":"https:\/\/miklosimuzeum.hu\/en\/wp-json\/wp\/v2\/comments?post=751"}],"version-history":[{"count":1,"href":"https:\/\/miklosimuzeum.hu\/en\/wp-json\/wp\/v2\/posts\/751\/revisions"}],"predecessor-version":[{"id":754,"href":"https:\/\/miklosimuzeum.hu\/en\/wp-json\/wp\/v2\/posts\/751\/revisions\/754"}],"wp:featuredmedia":[{"embeddable":true,"href":"https:\/\/miklosimuzeum.hu\/en\/wp-json\/wp\/v2\/media\/752"}],"wp:attachment":[{"href":"https:\/\/miklosimuzeum.hu\/en\/wp-json\/wp\/v2\/media?parent=751"}],"wp:term":[{"taxonomy":"category","embeddable":true,"href":"https:\/\/miklosimuzeum.hu\/en\/wp-json\/wp\/v2\/categories?post=751"},{"taxonomy":"post_tag","embeddable":true,"href":"https:\/\/miklosimuzeum.hu\/en\/wp-json\/wp\/v2\/tags?post=751"}],"curies":[{"name":"wp","href":"https:\/\/api.w.org\/{rel}","templated":true}]}}