{"id":713,"date":"2021-05-06T13:35:50","date_gmt":"2021-05-06T13:35:50","guid":{"rendered":"https:\/\/mischdesign.hu\/miklosimuzeum\/?p=713"},"modified":"2022-08-18T15:33:49","modified_gmt":"2022-08-18T15:33:49","slug":"volt-egyszer-egy-sztk","status":"publish","type":"post","link":"https:\/\/miklosimuzeum.hu\/en\/2021\/05\/06\/volt-egyszer-egy-sztk\/","title":{"rendered":"Volt egyszer egy SZTK"},"content":{"rendered":"<p><strong>Szigetszentmikl\u00f3son a m\u00falt sz\u00e1zad els\u0151 \u00e9vtizedeiben alakult ki a szervezett sport\u00e9let, melyet a helyi sportegyes\u00fclet, az SZTK, vagyis a Szigetszentmikl\u00f3si Testgyakorl\u00f3k K\u00f6re fogta \u00f6ssze. A k\u00e9t vil\u00e1gh\u00e1bor\u00fa k\u00f6z\u00f6tti id\u0151ben nagy dolog volt \u00e1m az SZTK tagj\u00e1nak lenni! R\u00e1ad\u00e1sul nem csak sportol\u00e1si lehet\u0151s\u00e9get ny\u00fajtott az egyes\u00fclet: az \u00c1rp\u00e1d utcai Becz J\u00f3zsef-f\u00e9le kocsm\u00e1ban dal\u00e1rd\u00e1t \u00e9s sz\u00ednj\u00e1tsz\u00f3csoportot is m\u0171k\u00f6dtetett az egyes\u00fclet. V\u00f6\u0151 Imre \u00edgy foglalta \u00f6ssze a sportklub t\u00f6rt\u00e9net\u00e9t:<\/strong><\/p>\n\n\n<div class=\"wp-block-image\">\n<figure class=\"alignleft size-large is-resized\"><a href=\"https:\/\/mischdesign.hu\/miklosimuzeum\/wp-content\/uploads\/2022\/08\/06b-2.jpg\"><img fetchpriority=\"high\" decoding=\"async\" src=\"https:\/\/mischdesign.hu\/miklosimuzeum\/wp-content\/uploads\/2022\/08\/06b-2-1024x899.jpg\" alt=\"\" class=\"wp-image-714\" width=\"450\" height=\"395\"\/><\/a><figcaption>Az SZTK sz\u00ednj\u00e1tsz\u00f3i jelmezben a Csikesz-iskola udvar\u00e1n<\/figcaption><\/figure>\n<\/div>\n\n\n<p>Egybehangz\u00f3 elbesz\u00e9l\u00e9sek szerint az SZTK m\u00e9g 1919-ben, a Direkt\u00f3rium alatt kezdte a m\u0171k\u00f6d\u00e9s\u00e9t. Az els\u0151 labdar\u00fag\u00f3 m\u00e9rk\u0151z\u00e9st 1919. m\u00e1jus 1-j\u00e9n j\u00e1tszott\u00e1k a Pesterzs\u00e9beti H\u00fasos csapat\u00e1val, a vend\u00e9gek 3:2-re gy\u0151ztek. A focist\u00e1k els\u0151 felszerel\u00e9s\u00e9t V\u00e9rtes Lajos helybeli keresked\u0151 vette.<\/p>\n\n\n\n<p>Az SZTK alapokm\u00e1nyai \u00e9s a pecs\u00e9tje is m\u00e1r megvoltak 1922-ben, amikor felterjesztett\u00e9k az alapszab\u00e1lyt elfogad\u00e1sra, de a miniszt\u00e9rium visszautas\u00edtotta azzal, hogy megb\u00edzhatatlan emberek is vannak az egyletben. Az \u00fajra beadott alapszab\u00e1lyt 1923. j\u00fanius 17-\u00e9n \u00edrt\u00e1k al\u00e1 a Bel\u00fcgyminiszt\u00e9riumban. Az alakul\u00f3 k\u00f6zgy\u0171l\u00e9sen 33 tag volt jelen. Megalakult az SZTK 25 tag\u00fa vezet\u0151s\u00e9ge. Eln\u00f6ke J\u00f3zsa L\u0151rinc f\u0151jegyz\u0151, aleln\u00f6ke L\u0151wy P\u00e1l keresked\u0151 lett. \u0150k v\u00e1llaltak felel\u0151ss\u00e9get az egylet\u00e9rt.<\/p>\n\n\n\n<p>Hat\u00e1rozat sz\u00fcletett a tags\u00e1gi d\u00edjak fizet\u00e9s\u00e9re: a rendes tag havi 400 koron\u00e1t, a p\u00e1rtol\u00f3 tag 600 koron\u00e1t, az ifj\u00fas\u00e1gi tag havi 200 koron\u00e1t fizetett. (\u2026) Az egylet tagja lehetett minden feddhetetlen jellem\u0171, 16. \u00e9v\u00e9t bet\u00f6lt\u00f6tt magyar f\u00e9rfi vagy n\u0151. A bel\u00e9p\u00e9skor nyilatkozatot kellett a tagoknak al\u00e1\u00edrni.<\/p>\n\n\n\n<p>Az alapszab\u00e1ly szeirnt a K\u00f6r c\u00e9lja: tagjai testnevel\u00e9s\u00e9nek fejleszt\u00e9se, \u00e9s hogy tagjainak a t\u00e1rsas \u00e9rintkez\u00e9sre is teret ny\u00fajtson, m\u0171k\u00f6d\u00e9si k\u00f6r\u00e9b\u0151l azonban minden politikai tev\u00e9kenys\u00e9get kiz\u00e1r. A k\u00f6r c\u00e9ljainak megval\u00f3s\u00edt\u00e1s\u00e1ra a k\u00f6vetkez\u0151 oszt\u00e1lyok l\u00e9tes\u00fcltek: football oszt\u00e1ly, atl\u00e9tikai oszt\u00e1ly (fut\u00f3, s\u00falyemel\u0151, torna stb.), \u00f6nm\u0171vel\u0151d\u00e9si oszt\u00e1ly (sz\u00edn, cabarett el\u0151ad\u00e1sok, t\u00e1ncest\u00e9lyek rendez\u00e9se).<\/p>\n\n\n\n<p>Az SZTK egyletet nem a gazd\u00e1k hozt\u00e1k l\u00e9tre, hanem munk\u00e1sok, \u00e9rtelmis\u00e9giek, alkalmazottak, iparosok az alap\u00edt\u00f3 tagok. A vezet\u0151s\u00e9gnek csak k\u00e9t f\u00f6ldm\u0171ves tagja volt. K\u00e9s\u0151bb v\u00e1ltozott a k\u00e9p, az SZTK sz\u00ednj\u00e1tsz\u00f3 csoportj\u00e1ban szerepelni, a dal\u00e1rd\u00e1j\u00e1ban \u00e9nekelni, vagy a futball-csapatban j\u00e1tszani rangot jelentett a faluban.<\/p>\n\n\n<div class=\"wp-block-image\">\n<figure class=\"alignright size-large is-resized\"><a href=\"https:\/\/mischdesign.hu\/miklosimuzeum\/wp-content\/uploads\/2022\/08\/06c-1.jpg\"><img decoding=\"async\" src=\"https:\/\/mischdesign.hu\/miklosimuzeum\/wp-content\/uploads\/2022\/08\/06c-1-1024x811.jpg\" alt=\"\" class=\"wp-image-715\" width=\"362\" height=\"287\"\/><\/a><figcaption>SZTK-s sz\u00ednj\u00e1tsz\u00f3k 1924-ben<\/figcaption><\/figure>\n<\/div>\n\n\n<p>1924-ben a k\u00f6zs\u00e9gi Dal\u00e1rda \u00e1tadta vagyont\u00e1rgyait az SZTK-nak (pl. harm\u00f3niumot \u00e9s z\u00e1szl\u00f3t) \u00e9s beolvadt az SZTK-ba, a tov\u00e1bbiakban mint Polg\u00e1ri Dalk\u00f6r folytatta a m\u0171k\u00f6d\u00e9s\u00e9t \u2013 olvashat\u00f3 a jegyz\u0151k\u00f6nyvben. Az egyes\u00fcl\u00e9s kapcs\u00e1n rendezt\u00e9k a Polg\u00e1ri Dalk\u00f6r karmester\u00e9nek a fizet\u00e9s\u00e9t, a dalk\u00f6r m\u0171k\u00f6d\u00e9si rendj\u00e9t \u00e9s az \u00e9neksz\u00e1mok kiv\u00e1laszt\u00e1s\u00e1t.<\/p>\n\n\n\n<p>Az SZTK m\u0171kedvel\u0151 szakoszt\u00e1ly\u00e1nak vezet\u0151s\u00e9gi tagjait 1924-ben v\u00e1lasztott\u00e1k. Kincse J\u00f3zsef, Horv\u00e1th J\u00f3zsef, Fodor Ill\u00e9s, Mad\u00e1csi Imre, Vidinszki K\u00e1roly, Dolinay M\u00e1ty\u00e1s alkotja a vezet\u0151s\u00e9get \u00e9s a rendez\u0151: B\u00f3dizs Gyula.<\/p>\n\n\n\n<p>A m\u0171kedvel\u0151k vagy sz\u00ednj\u00e1tsz\u00f3k csoportja igen eredm\u00e9nyes k\u00e9t \u00e9vtizedet mondhat mag\u00e1\u00e9nak. B\u00f3dizs Gyula szervez\u0151 \u00e9rs rendez\u0151 tehets\u00e9ge miatt nagy n\u00e9pszer\u0171s\u00e9gre tettek szert. Az egy\u00fcttes el\u0151ad\u00e1sai esem\u00e9nynek sz\u00e1m\u00edtottak a faluban. T\u00f6rzshely\u00fck volt a Becz J\u00f3zsef-f\u00e9le vend\u00e9gl\u0151 (\u00c1rp\u00e1d u. 17.), ahol az SZTK a rendezv\u00e9nyeit tartotta. 1925 ut\u00e1n \u00e9vtizedekig N\u00e1dasdy J\u00e1nos, Fux M\u00e1ty\u00e1s \u00e9s Gere P\u00e1l volt az SZTK sz\u00ednpadfest\u0151je.<\/p>\n\n\n\n<p>A sz\u00ednj\u00e1tsz\u00f3 csoport reperto\u00e1rja az akkori id\u0151k f\u0151v\u00e1rosi \u00e9s vid\u00e9ki sz\u00ednpadokon t\u00f6megsikert aratott n\u00e9psz\u00ednm\u0171vekb\u0151l, irredenta jelenetekb\u0151l \u00e1llt. Nem is az el\u0151ad\u00e1s sz\u00ednvonala, hanem annak k\u00f6z\u00f6ss\u00e9gform\u00e1l\u00f3 ereje adta ezeknek a m\u0171kedvel\u0151 el\u0151ad\u00e1soknak az igazi \u00e9rt\u00e9k\u00e9t. \u0150szinte, tart\u00f3s bar\u00e1ts\u00e1gok, s\u0151t h\u00e1zass\u00e1gok k\u00f6t\u0151dtek a t\u00e1rsulaton bel\u00fcl. Az el\u0151ad\u00e1sok pedig hasznos id\u0151t\u00f6lt\u00e9st, j\u00f3 sz\u00f3rakoz\u00e1st jelentettek szerepl\u0151knek, n\u00e9z\u0151knek egyar\u00e1nt.<\/p>\n\n\n<div class=\"wp-block-image\">\n<figure class=\"alignleft size-large is-resized\"><a href=\"https:\/\/mischdesign.hu\/miklosimuzeum\/wp-content\/uploads\/2022\/08\/06a-2.jpg\"><img decoding=\"async\" src=\"https:\/\/mischdesign.hu\/miklosimuzeum\/wp-content\/uploads\/2022\/08\/06a-2-1024x660.jpg\" alt=\"\" class=\"wp-image-716\" width=\"366\" height=\"235\"\/><\/a><figcaption>Bemutat\u00f3 az SZTK sporttelep\u00e9n<\/figcaption><\/figure>\n<\/div>\n\n\n<p>Az SZTK tulajdonk\u00e9ppen az 1912-ben l\u00e9trej\u00f6tt Budapest-Szigetszentmikl\u00f3s Evez\u0151s Egyletb\u0151l, valamint az 1915-ben \u00e9letre h\u00edvott Ifj\u00fas\u00e1gi M\u0171kedvel\u0151 Egyes\u00fcletb\u0151l n\u0151tt ki. Az egyes\u00fclet sz\u00edne, \u00edgy z\u00e1szlaja is z\u00f6ld-feh\u00e9r lett. A korabeli \u00fajs\u00e1gok, plak\u00e1tok, d\u00edszes megh\u00edv\u00f3k az 1920-as \u00e9vek k\u00f6zep\u00e9t\u0151l a labdar\u00fag\u00f3csapat sikeres szerepl\u00e9seir\u0151l \u00edrnak. A Pest-k\u00f6rny\u00e9ki bajnoks\u00e1gban sikeresen szerepeltek, 1925-ben m\u00e1sodikak lettek. A csapat 1932-1937 k\u00f6z\u00f6tt \u00e9lte els\u0151 f\u00e9nykor\u00e1t.<\/p>\n\n\n\n<p>1945 ut\u00e1n t\u00f6bb neve volt az egyes\u00fcletnek, pl. 1948-ban \u201eKossuth EPOSZ T. E.\u201d n\u00e9ven m\u0171k\u00f6d\u00f6tt, majd 1953-t\u00f3l \u201eT\u00f6rekv\u00e9s K\u00f6zs\u00e9gi SK\u201d volt, 1956-ban r\u00f6vid ideig \u201eV\u00f6r\u00f6s Meteor\u201d. 1957. janu\u00e1rj\u00e1t\u00f3l \u00fajra az SZTK nevet haszn\u00e1lta. 1958-ban sporttelepet \u00e9p\u00edtettek, az egyes\u00fclet 1962-ben NB III-as csapat lett. 1945 ut\u00e1n csak a labdar\u00fag\u00f3 szakoszt\u00e1ly maradt az SZTK-ban, a t\u00f6bbi megsz\u0171nt, vagy m\u00e1shol m\u0171k\u00f6d\u00f6tt n\u00e9h\u00e1ny \u00e9vig.<\/p>","protected":false},"excerpt":{"rendered":"<p>Szigetszentmikl\u00f3son a m\u00falt sz\u00e1zad els\u0151 \u00e9vtizedeiben alakult ki a szervezett sport\u00e9let, melyet a helyi sportegyes\u00fclet, az SZTK, vagyis a Szigetszentmikl\u00f3si Testgyakorl\u00f3k K\u00f6re fogta \u00f6ssze. A k\u00e9t vil\u00e1gh\u00e1bor\u00fa k\u00f6z\u00f6tti id\u0151ben nagy dolog volt \u00e1m az SZTK tagj\u00e1nak lenni! R\u00e1ad\u00e1sul nem csak sportol\u00e1si lehet\u0151s\u00e9get ny\u00fajtott az egyes\u00fclet: az \u00c1rp\u00e1d utcai Becz J\u00f3zsef-f\u00e9le kocsm\u00e1ban dal\u00e1rd\u00e1t \u00e9s sz\u00ednj\u00e1tsz\u00f3csoportot is [&hellip;]<\/p>","protected":false},"author":1,"featured_media":714,"comment_status":"open","ping_status":"open","sticky":false,"template":"","format":"standard","meta":{"ub_ctt_via":"","ocean_post_layout":"","ocean_both_sidebars_style":"","ocean_both_sidebars_content_width":0,"ocean_both_sidebars_sidebars_width":0,"ocean_sidebar":"0","ocean_second_sidebar":"0","ocean_disable_margins":"enable","ocean_add_body_class":"","ocean_shortcode_before_top_bar":"","ocean_shortcode_after_top_bar":"","ocean_shortcode_before_header":"","ocean_shortcode_after_header":"","ocean_has_shortcode":"","ocean_shortcode_after_title":"","ocean_shortcode_before_footer_widgets":"","ocean_shortcode_after_footer_widgets":"","ocean_shortcode_before_footer_bottom":"","ocean_shortcode_after_footer_bottom":"","ocean_display_top_bar":"default","ocean_display_header":"default","ocean_header_style":"","ocean_center_header_left_menu":"0","ocean_custom_header_template":"0","ocean_custom_logo":0,"ocean_custom_retina_logo":0,"ocean_custom_logo_max_width":0,"ocean_custom_logo_tablet_max_width":0,"ocean_custom_logo_mobile_max_width":0,"ocean_custom_logo_max_height":0,"ocean_custom_logo_tablet_max_height":0,"ocean_custom_logo_mobile_max_height":0,"ocean_header_custom_menu":"0","ocean_menu_typo_font_family":"0","ocean_menu_typo_font_subset":"","ocean_menu_typo_font_size":0,"ocean_menu_typo_font_size_tablet":0,"ocean_menu_typo_font_size_mobile":0,"ocean_menu_typo_font_size_unit":"px","ocean_menu_typo_font_weight":"","ocean_menu_typo_font_weight_tablet":"","ocean_menu_typo_font_weight_mobile":"","ocean_menu_typo_transform":"","ocean_menu_typo_transform_tablet":"","ocean_menu_typo_transform_mobile":"","ocean_menu_typo_line_height":0,"ocean_menu_typo_line_height_tablet":0,"ocean_menu_typo_line_height_mobile":0,"ocean_menu_typo_line_height_unit":"","ocean_menu_typo_spacing":0,"ocean_menu_typo_spacing_tablet":0,"ocean_menu_typo_spacing_mobile":0,"ocean_menu_typo_spacing_unit":"","ocean_menu_link_color":"","ocean_menu_link_color_hover":"","ocean_menu_link_color_active":"","ocean_menu_link_background":"","ocean_menu_link_hover_background":"","ocean_menu_link_active_background":"","ocean_menu_social_links_bg":"","ocean_menu_social_hover_links_bg":"","ocean_menu_social_links_color":"","ocean_menu_social_hover_links_color":"","ocean_disable_title":"default","ocean_disable_heading":"default","ocean_post_title":"","ocean_post_subheading":"","ocean_post_title_style":"","ocean_post_title_background_color":"","ocean_post_title_background":0,"ocean_post_title_bg_image_position":"","ocean_post_title_bg_image_attachment":"","ocean_post_title_bg_image_repeat":"","ocean_post_title_bg_image_size":"","ocean_post_title_height":0,"ocean_post_title_bg_overlay":0.5,"ocean_post_title_bg_overlay_color":"","ocean_disable_breadcrumbs":"default","ocean_breadcrumbs_color":"","ocean_breadcrumbs_separator_color":"","ocean_breadcrumbs_links_color":"","ocean_breadcrumbs_links_hover_color":"","ocean_display_footer_widgets":"default","ocean_display_footer_bottom":"default","ocean_custom_footer_template":"0","ocean_post_oembed":"","ocean_post_self_hosted_media":"","ocean_post_video_embed":"","ocean_link_format":"","ocean_link_format_target":"self","ocean_quote_format":"","ocean_quote_format_link":"post","ocean_gallery_link_images":"off","ocean_gallery_id":[],"footnotes":""},"categories":[11],"tags":[41,40,12],"class_list":["post-713","post","type-post","status-publish","format-standard","has-post-thumbnail","hentry","category-blog","tag-sportelet","tag-sztk","tag-voo-imre","entry","has-media"],"featured_image_src":"https:\/\/miklosimuzeum.hu\/wp-content\/uploads\/2022\/08\/06b-2.jpg","author_info":{"display_name":"Miss N\u00e1ndor","author_link":"https:\/\/miklosimuzeum.hu\/en\/author\/admin\/"},"rttpg_featured_image_url":{"full":["https:\/\/miklosimuzeum.hu\/wp-content\/uploads\/2022\/08\/06b-2.jpg",1200,1053,false],"landscape":["https:\/\/miklosimuzeum.hu\/wp-content\/uploads\/2022\/08\/06b-2.jpg",1200,1053,false],"portraits":["https:\/\/miklosimuzeum.hu\/wp-content\/uploads\/2022\/08\/06b-2.jpg",1200,1053,false],"thumbnail":["https:\/\/miklosimuzeum.hu\/wp-content\/uploads\/2022\/08\/06b-2-150x150.jpg",150,150,true],"medium":["https:\/\/miklosimuzeum.hu\/wp-content\/uploads\/2022\/08\/06b-2-300x263.jpg",300,263,true],"large":["https:\/\/miklosimuzeum.hu\/wp-content\/uploads\/2022\/08\/06b-2-1024x899.jpg",1024,899,true],"1536x1536":["https:\/\/miklosimuzeum.hu\/wp-content\/uploads\/2022\/08\/06b-2.jpg",1200,1053,false],"2048x2048":["https:\/\/miklosimuzeum.hu\/wp-content\/uploads\/2022\/08\/06b-2.jpg",1200,1053,false],"trp-custom-language-flag":["https:\/\/miklosimuzeum.hu\/wp-content\/uploads\/2022\/08\/06b-2.jpg",14,12,false],"ocean-thumb-m":["https:\/\/miklosimuzeum.hu\/wp-content\/uploads\/2022\/08\/06b-2-600x600.jpg",600,600,true],"ocean-thumb-ml":["https:\/\/miklosimuzeum.hu\/wp-content\/uploads\/2022\/08\/06b-2-800x450.jpg",800,450,true],"ocean-thumb-l":["https:\/\/miklosimuzeum.hu\/wp-content\/uploads\/2022\/08\/06b-2-1200x700.jpg",1200,700,true]},"rttpg_author":{"display_name":"Miss N\u00e1ndor","author_link":"https:\/\/miklosimuzeum.hu\/en\/author\/admin\/"},"rttpg_comment":0,"rttpg_category":"<a href=\"https:\/\/miklosimuzeum.hu\/en\/category\/blog\/\" rel=\"category tag\">Blog<\/a>","rttpg_excerpt":"Szigetszentmikl\u00f3son a m\u00falt sz\u00e1zad els\u0151 \u00e9vtizedeiben alakult ki a szervezett sport\u00e9let, melyet a helyi sportegyes\u00fclet, az SZTK, vagyis a Szigetszentmikl\u00f3si Testgyakorl\u00f3k K\u00f6re fogta \u00f6ssze. A k\u00e9t vil\u00e1gh\u00e1bor\u00fa k\u00f6z\u00f6tti id\u0151ben nagy dolog volt \u00e1m az SZTK tagj\u00e1nak lenni! R\u00e1ad\u00e1sul nem csak sportol\u00e1si lehet\u0151s\u00e9get ny\u00fajtott az egyes\u00fclet: az \u00c1rp\u00e1d utcai Becz J\u00f3zsef-f\u00e9le kocsm\u00e1ban dal\u00e1rd\u00e1t \u00e9s sz\u00ednj\u00e1tsz\u00f3csoportot is&hellip;","_links":{"self":[{"href":"https:\/\/miklosimuzeum.hu\/en\/wp-json\/wp\/v2\/posts\/713","targetHints":{"allow":["GET"]}}],"collection":[{"href":"https:\/\/miklosimuzeum.hu\/en\/wp-json\/wp\/v2\/posts"}],"about":[{"href":"https:\/\/miklosimuzeum.hu\/en\/wp-json\/wp\/v2\/types\/post"}],"author":[{"embeddable":true,"href":"https:\/\/miklosimuzeum.hu\/en\/wp-json\/wp\/v2\/users\/1"}],"replies":[{"embeddable":true,"href":"https:\/\/miklosimuzeum.hu\/en\/wp-json\/wp\/v2\/comments?post=713"}],"version-history":[{"count":1,"href":"https:\/\/miklosimuzeum.hu\/en\/wp-json\/wp\/v2\/posts\/713\/revisions"}],"predecessor-version":[{"id":717,"href":"https:\/\/miklosimuzeum.hu\/en\/wp-json\/wp\/v2\/posts\/713\/revisions\/717"}],"wp:featuredmedia":[{"embeddable":true,"href":"https:\/\/miklosimuzeum.hu\/en\/wp-json\/wp\/v2\/media\/714"}],"wp:attachment":[{"href":"https:\/\/miklosimuzeum.hu\/en\/wp-json\/wp\/v2\/media?parent=713"}],"wp:term":[{"taxonomy":"category","embeddable":true,"href":"https:\/\/miklosimuzeum.hu\/en\/wp-json\/wp\/v2\/categories?post=713"},{"taxonomy":"post_tag","embeddable":true,"href":"https:\/\/miklosimuzeum.hu\/en\/wp-json\/wp\/v2\/tags?post=713"}],"curies":[{"name":"wp","href":"https:\/\/api.w.org\/{rel}","templated":true}]}}