{"id":505,"date":"2021-02-18T13:54:15","date_gmt":"2021-02-18T13:54:15","guid":{"rendered":"https:\/\/mischdesign.hu\/miklosimuzeum\/?p=505"},"modified":"2022-08-18T15:25:02","modified_gmt":"2022-08-18T15:25:02","slug":"dolinay-gyula-emlekere","status":"publish","type":"post","link":"https:\/\/miklosimuzeum.hu\/en\/2021\/02\/18\/dolinay-gyula-emlekere\/","title":{"rendered":"Dolinay Gyula eml\u00e9k\u00e9re"},"content":{"rendered":"<p><strong>Sz\u00e1zh\u00e1rom \u00e9ve hunyt el Dolinay Gyula, aki \u00e9lete utols\u00f3 \u00e9veit Szigetszentmikl\u00f3son t\u00f6lt\u00f6tte. A neves \u00fajs\u00e1g\u00edr\u00f3, \u00edr\u00f3 nev\u00e9hez sz\u00e1mos ifj\u00fas\u00e1gi lap megjelentet\u00e9se f\u0171z\u0151dik. \u00c9let\u00e9nek \u00e9rdekes esem\u00e9nyeit V\u00f6\u0151 Imre b\u00e1csi \u00edgy foglalta \u00f6ssze 1988-ban az egyik k\u00f6rny\u00e9kbeli \u00fajs\u00e1g has\u00e1bjain:<\/strong><\/p>\n\n\n<div class=\"wp-block-image\">\n<figure class=\"alignleft size-large is-resized\"><a href=\"https:\/\/mischdesign.hu\/miklosimuzeum\/wp-content\/uploads\/2022\/08\/18.jpg\"><img fetchpriority=\"high\" decoding=\"async\" src=\"https:\/\/mischdesign.hu\/miklosimuzeum\/wp-content\/uploads\/2022\/08\/18-641x1024.jpg\" alt=\"\" class=\"wp-image-506\" width=\"282\" height=\"450\"\/><\/a><\/figure>\n<\/div>\n\n\n<h2 class=\"wp-block-heading\">Dolinay Gyula eml\u00e9k\u00e9re<\/h2>\n\n\n\n<p>Hetven \u00e9vvel ezel\u0151tt halt meg Szigetszentmikl\u00f3son 68 \u00e9ves kor\u00e1ban Dolinay Gyula, kor\u00e1nak neves lapszerkeszt\u0151je \u00e9s \u00fajs\u00e1g\u00edr\u00f3ja. Nagyhars\u00e1nyban sz\u00fcletett 1850 aug. 14-\u00e9n. A budapesti egyetemen tanult, 1869-ben megind\u00edtotta a Tanul\u00f3k K\u00f6zl\u00f6nye c\u00edm\u0171 ifj\u00fas\u00e1gi lapot. Ett\u0151l kezdve kiz\u00e1r\u00f3lag \u00edr\u00f3i munk\u00e1ss\u00e1g\u00e1nak \u00e9lt. Sz\u00e1mos k\u00f6nyvet \u00edrt, \u00e9s lapot szerkesztett. K\u00f6zismert lapjai voltak 1870-t\u0151l megjelen\u0151 Kis \u00dajs\u00e1g, az 1873-1912 k\u00f6z\u00f6tt megjelen\u0151 Hasznos Mulattat\u00f3, \u00e9s a L\u00e1nyok Lapja c\u00edm\u0171 k\u00e9pes lapok. N\u00e9pszer\u0171s\u00e9g\u00e9t kor\u00e1n szerezte, el\u0151sz\u00f6r azzal, hogy egy\u00fctt lakott 1870-ben Pesten Pet\u0151fi Zolt\u00e1nnal, a nagy nemzeti k\u00f6lt\u0151nk h\u00e1nyattatott sors\u00fa fi\u00e1val. Pet\u0151fi Zolt\u00e1nt, ki sz\u00edn\u00e9szk\u00e9nt j\u00e1rta az orsz\u00e1got, akkor m\u00e1r s\u00falyos t\u00fcd\u0151baj sorvasztotta. Dolinay Gyula mag\u00e1hoz fogadta bar\u00e1tj\u00e1t, megosztva vele lak\u00e1s\u00e1t \u00e9s anyagilag t\u00e1mogatta. Zolt\u00e1n vers\u00edr\u00e1ssal is pr\u00f3b\u00e1lkozott, sajnos a t\u00fcd\u0151v\u00e9sz 22 \u00e9ves kor\u00e1ban elragadta az \u00e9l\u0151k sor\u00e1b\u00f3l. \u00cdr\u00f3asztalik, amelyen egy\u00fctt \u00edrt a k\u00e9t j\u00f3bar\u00e1t, ma a V\u00e1rosi M\u00fazeum tulajdona.<\/p>\n\n\n\n<p>M\u00e1sik nagyszer\u0171 esem\u00e9ny volt Dolinay Gyula \u00e9let\u00e9ben, hogy \u0151 szervezte meg 1899-ben Kossuth Lajoshoz zar\u00e1ndokl\u00f3 845 f\u0151nyi cegl\u00e9di kir\u00e1ndul\u00f3csoportot. A p\u00e1rizsi vil\u00e1gki\u00e1ll\u00edt\u00e1s ut\u00e1n a csoport felkereste a Turinban emigr\u00e1ci\u00f3ban \u00e9l\u0151 nagy magyart. Ennek a l\u00e1togat\u00e1snak eml\u00e9k\u00e9re Kossuth Ap\u00e1nk minden l\u00e1togat\u00f3j\u00e1nak egy id\u0151skori f\u00e9nyk\u00e9p\u00e9vel d\u00edsz\u00edtett, t\u00edzforintos nagys\u00e1g\u00fa med\u00e1lt adott. A hajdani orsz\u00e1gkorm\u00e1nyz\u00f3 (akit Szigetszentmikl\u00f3s el\u00f6lj\u00e1r\u00f3s\u00e1ga 1892-ben els\u0151 d\u00edszpolg\u00e1r\u00e1nak v\u00e1lasztott) 4 oldalas lev\u00e9lben k\u00f6sz\u00f6nte meg Dolinay Gyul\u00e1nak, a l\u00e1togat\u00e1st. Ennek a lev\u00e9lnek a m\u00e1solata is l\u00e1that\u00f3 a V\u00e1rosi M\u00fazeumban Kossuth f\u00e9nyk\u00e9pe mellett.<\/p>\n\n\n\n<p>A Honismereti Szakk\u00f6r az elm\u00falt \u00e9vtizedekben igyekezett \u00f6sszegy\u0171jteni Dolinay Gyula \u00edr\u00f3 eml\u00e9keit, \u00fajs\u00e1gjait. Siker\u00fclt az 1889. \u00e9vi Kossuth-l\u00e1togat\u00e1s f\u00e9nyk\u00e9p\u00e9b\u0151l is m\u00e1solatot szerezni a cegl\u00e9di Kossuth M\u00fazeumt\u00f3l.<\/p>\n\n\n\n<p>V\u00f6\u0151 Imre<\/p>","protected":false},"excerpt":{"rendered":"<p>Sz\u00e1zh\u00e1rom \u00e9ve hunyt el Dolinay Gyula, aki \u00e9lete utols\u00f3 \u00e9veit Szigetszentmikl\u00f3son t\u00f6lt\u00f6tte. A neves \u00fajs\u00e1g\u00edr\u00f3, \u00edr\u00f3 nev\u00e9hez sz\u00e1mos ifj\u00fas\u00e1gi lap megjelentet\u00e9se f\u0171z\u0151dik. \u00c9let\u00e9nek \u00e9rdekes esem\u00e9nyeit V\u00f6\u0151 Imre b\u00e1csi \u00edgy foglalta \u00f6ssze 1988-ban az egyik k\u00f6rny\u00e9kbeli \u00fajs\u00e1g has\u00e1bjain: Dolinay Gyula eml\u00e9k\u00e9re Hetven \u00e9vvel ezel\u0151tt halt meg Szigetszentmikl\u00f3son 68 \u00e9ves kor\u00e1ban Dolinay Gyula, kor\u00e1nak neves lapszerkeszt\u0151je \u00e9s [&hellip;]<\/p>","protected":false},"author":1,"featured_media":506,"comment_status":"open","ping_status":"open","sticky":false,"template":"","format":"standard","meta":{"ub_ctt_via":"","ocean_post_layout":"","ocean_both_sidebars_style":"","ocean_both_sidebars_content_width":0,"ocean_both_sidebars_sidebars_width":0,"ocean_sidebar":"0","ocean_second_sidebar":"0","ocean_disable_margins":"enable","ocean_add_body_class":"","ocean_shortcode_before_top_bar":"","ocean_shortcode_after_top_bar":"","ocean_shortcode_before_header":"","ocean_shortcode_after_header":"","ocean_has_shortcode":"","ocean_shortcode_after_title":"","ocean_shortcode_before_footer_widgets":"","ocean_shortcode_after_footer_widgets":"","ocean_shortcode_before_footer_bottom":"","ocean_shortcode_after_footer_bottom":"","ocean_display_top_bar":"default","ocean_display_header":"default","ocean_header_style":"","ocean_center_header_left_menu":"0","ocean_custom_header_template":"0","ocean_custom_logo":0,"ocean_custom_retina_logo":0,"ocean_custom_logo_max_width":0,"ocean_custom_logo_tablet_max_width":0,"ocean_custom_logo_mobile_max_width":0,"ocean_custom_logo_max_height":0,"ocean_custom_logo_tablet_max_height":0,"ocean_custom_logo_mobile_max_height":0,"ocean_header_custom_menu":"0","ocean_menu_typo_font_family":"0","ocean_menu_typo_font_subset":"","ocean_menu_typo_font_size":0,"ocean_menu_typo_font_size_tablet":0,"ocean_menu_typo_font_size_mobile":0,"ocean_menu_typo_font_size_unit":"px","ocean_menu_typo_font_weight":"","ocean_menu_typo_font_weight_tablet":"","ocean_menu_typo_font_weight_mobile":"","ocean_menu_typo_transform":"","ocean_menu_typo_transform_tablet":"","ocean_menu_typo_transform_mobile":"","ocean_menu_typo_line_height":0,"ocean_menu_typo_line_height_tablet":0,"ocean_menu_typo_line_height_mobile":0,"ocean_menu_typo_line_height_unit":"","ocean_menu_typo_spacing":0,"ocean_menu_typo_spacing_tablet":0,"ocean_menu_typo_spacing_mobile":0,"ocean_menu_typo_spacing_unit":"","ocean_menu_link_color":"","ocean_menu_link_color_hover":"","ocean_menu_link_color_active":"","ocean_menu_link_background":"","ocean_menu_link_hover_background":"","ocean_menu_link_active_background":"","ocean_menu_social_links_bg":"","ocean_menu_social_hover_links_bg":"","ocean_menu_social_links_color":"","ocean_menu_social_hover_links_color":"","ocean_disable_title":"default","ocean_disable_heading":"default","ocean_post_title":"","ocean_post_subheading":"","ocean_post_title_style":"","ocean_post_title_background_color":"","ocean_post_title_background":0,"ocean_post_title_bg_image_position":"","ocean_post_title_bg_image_attachment":"","ocean_post_title_bg_image_repeat":"","ocean_post_title_bg_image_size":"","ocean_post_title_height":0,"ocean_post_title_bg_overlay":0.5,"ocean_post_title_bg_overlay_color":"","ocean_disable_breadcrumbs":"default","ocean_breadcrumbs_color":"","ocean_breadcrumbs_separator_color":"","ocean_breadcrumbs_links_color":"","ocean_breadcrumbs_links_hover_color":"","ocean_display_footer_widgets":"default","ocean_display_footer_bottom":"default","ocean_custom_footer_template":"0","ocean_post_oembed":"","ocean_post_self_hosted_media":"","ocean_post_video_embed":"","ocean_link_format":"","ocean_link_format_target":"self","ocean_quote_format":"","ocean_quote_format_link":"post","ocean_gallery_link_images":"off","ocean_gallery_id":[],"footnotes":""},"categories":[11],"tags":[21,22,12],"class_list":["post-505","post","type-post","status-publish","format-standard","has-post-thumbnail","hentry","category-blog","tag-dolinay-gyula","tag-evfordulo","tag-voo-imre","entry","has-media"],"featured_image_src":"https:\/\/miklosimuzeum.hu\/wp-content\/uploads\/2022\/08\/18.jpg","author_info":{"display_name":"Miss N\u00e1ndor","author_link":"https:\/\/miklosimuzeum.hu\/en\/author\/admin\/"},"rttpg_featured_image_url":{"full":["https:\/\/miklosimuzeum.hu\/wp-content\/uploads\/2022\/08\/18.jpg",709,1133,false],"landscape":["https:\/\/miklosimuzeum.hu\/wp-content\/uploads\/2022\/08\/18.jpg",709,1133,false],"portraits":["https:\/\/miklosimuzeum.hu\/wp-content\/uploads\/2022\/08\/18.jpg",709,1133,false],"thumbnail":["https:\/\/miklosimuzeum.hu\/wp-content\/uploads\/2022\/08\/18-150x150.jpg",150,150,true],"medium":["https:\/\/miklosimuzeum.hu\/wp-content\/uploads\/2022\/08\/18-188x300.jpg",188,300,true],"large":["https:\/\/miklosimuzeum.hu\/wp-content\/uploads\/2022\/08\/18-641x1024.jpg",641,1024,true],"1536x1536":["https:\/\/miklosimuzeum.hu\/wp-content\/uploads\/2022\/08\/18.jpg",709,1133,false],"2048x2048":["https:\/\/miklosimuzeum.hu\/wp-content\/uploads\/2022\/08\/18.jpg",709,1133,false],"trp-custom-language-flag":["https:\/\/miklosimuzeum.hu\/wp-content\/uploads\/2022\/08\/18.jpg",8,12,false],"ocean-thumb-m":["https:\/\/miklosimuzeum.hu\/wp-content\/uploads\/2022\/08\/18-600x600.jpg",600,600,true],"ocean-thumb-ml":["https:\/\/miklosimuzeum.hu\/wp-content\/uploads\/2022\/08\/18-709x450.jpg",709,450,true],"ocean-thumb-l":["https:\/\/miklosimuzeum.hu\/wp-content\/uploads\/2022\/08\/18-709x700.jpg",709,700,true]},"rttpg_author":{"display_name":"Miss N\u00e1ndor","author_link":"https:\/\/miklosimuzeum.hu\/en\/author\/admin\/"},"rttpg_comment":0,"rttpg_category":"<a href=\"https:\/\/miklosimuzeum.hu\/en\/category\/blog\/\" rel=\"category tag\">Blog<\/a>","rttpg_excerpt":"Sz\u00e1zh\u00e1rom \u00e9ve hunyt el Dolinay Gyula, aki \u00e9lete utols\u00f3 \u00e9veit Szigetszentmikl\u00f3son t\u00f6lt\u00f6tte. A neves \u00fajs\u00e1g\u00edr\u00f3, \u00edr\u00f3 nev\u00e9hez sz\u00e1mos ifj\u00fas\u00e1gi lap megjelentet\u00e9se f\u0171z\u0151dik. \u00c9let\u00e9nek \u00e9rdekes esem\u00e9nyeit V\u00f6\u0151 Imre b\u00e1csi \u00edgy foglalta \u00f6ssze 1988-ban az egyik k\u00f6rny\u00e9kbeli \u00fajs\u00e1g has\u00e1bjain: Dolinay Gyula eml\u00e9k\u00e9re Hetven \u00e9vvel ezel\u0151tt halt meg Szigetszentmikl\u00f3son 68 \u00e9ves kor\u00e1ban Dolinay Gyula, kor\u00e1nak neves lapszerkeszt\u0151je \u00e9s&hellip;","_links":{"self":[{"href":"https:\/\/miklosimuzeum.hu\/en\/wp-json\/wp\/v2\/posts\/505","targetHints":{"allow":["GET"]}}],"collection":[{"href":"https:\/\/miklosimuzeum.hu\/en\/wp-json\/wp\/v2\/posts"}],"about":[{"href":"https:\/\/miklosimuzeum.hu\/en\/wp-json\/wp\/v2\/types\/post"}],"author":[{"embeddable":true,"href":"https:\/\/miklosimuzeum.hu\/en\/wp-json\/wp\/v2\/users\/1"}],"replies":[{"embeddable":true,"href":"https:\/\/miklosimuzeum.hu\/en\/wp-json\/wp\/v2\/comments?post=505"}],"version-history":[{"count":2,"href":"https:\/\/miklosimuzeum.hu\/en\/wp-json\/wp\/v2\/posts\/505\/revisions"}],"predecessor-version":[{"id":738,"href":"https:\/\/miklosimuzeum.hu\/en\/wp-json\/wp\/v2\/posts\/505\/revisions\/738"}],"wp:featuredmedia":[{"embeddable":true,"href":"https:\/\/miklosimuzeum.hu\/en\/wp-json\/wp\/v2\/media\/506"}],"wp:attachment":[{"href":"https:\/\/miklosimuzeum.hu\/en\/wp-json\/wp\/v2\/media?parent=505"}],"wp:term":[{"taxonomy":"category","embeddable":true,"href":"https:\/\/miklosimuzeum.hu\/en\/wp-json\/wp\/v2\/categories?post=505"},{"taxonomy":"post_tag","embeddable":true,"href":"https:\/\/miklosimuzeum.hu\/en\/wp-json\/wp\/v2\/tags?post=505"}],"curies":[{"name":"wp","href":"https:\/\/api.w.org\/{rel}","templated":true}]}}