{"id":2802,"date":"2026-02-09T16:36:03","date_gmt":"2026-02-09T16:36:03","guid":{"rendered":"https:\/\/miklosimuzeum.hu\/?p=2802"},"modified":"2026-02-10T16:29:10","modified_gmt":"2026-02-10T16:29:10","slug":"fenyszoro-a-csepel-autogyar-uzemi-lapja","status":"publish","type":"post","link":"https:\/\/miklosimuzeum.hu\/en\/2026\/02\/09\/fenyszoro-a-csepel-autogyar-uzemi-lapja\/","title":{"rendered":"F\u00e9nysz\u00f3r\u00f3 &#8211; a Csepel Aut\u00f3gy\u00e1r \u00fczemi lapja"},"content":{"rendered":"<style>.kadence-column2802_3db103-2d > .kt-inside-inner-col{display:flex;}.kadence-column2802_3db103-2d{max-width:700px;margin-left:auto;margin-right:auto;}.wp-block-kadence-column.kb-section-dir-horizontal:not(.kb-section-md-dir-vertical)>.kt-inside-inner-col>.kadence-column2802_3db103-2d{-webkit-flex:0 1 700px;flex:0 1 700px;max-width:unset;margin-left:unset;margin-right:unset;}.kadence-column2802_3db103-2d > .kt-inside-inner-col,.kadence-column2802_3db103-2d > .kt-inside-inner-col:before{border-top-left-radius:0px;border-top-right-radius:0px;border-bottom-right-radius:0px;border-bottom-left-radius:0px;}.kadence-column2802_3db103-2d > .kt-inside-inner-col{row-gap:var(--global-kb-gap-none, 0rem );column-gap:var(--global-kb-gap-sm, 1rem);}.kadence-column2802_3db103-2d > .kt-inside-inner-col{flex-direction:column;align-items:center;}.kadence-column2802_3db103-2d > .kt-inside-inner-col > .kb-image-is-ratio-size{align-self:stretch;}.kadence-column2802_3db103-2d > .kt-inside-inner-col > .wp-block-kadence-advancedgallery{align-self:stretch;}.kadence-column2802_3db103-2d > .kt-inside-inner-col > .aligncenter{width:100%;}.kadence-column2802_3db103-2d > .kt-inside-inner-col:before{opacity:0.3;}.kadence-column2802_3db103-2d{position:relative;}@media all and (min-width: 1025px){.wp-block-kadence-column.kb-section-dir-horizontal>.kt-inside-inner-col>.kadence-column2802_3db103-2d{-webkit-flex:0 1 700px;flex:0 1 700px;max-width:unset;margin-left:unset;margin-right:unset;}}@media all and (max-width: 1024px){.kadence-column2802_3db103-2d > .kt-inside-inner-col{flex-direction:column;align-items:center;}}@media all and (max-width: 767px){.wp-block-kadence-column.kb-section-sm-dir-vertical:not(.kb-section-sm-dir-horizontal):not(.kb-section-sm-dir-specificity)>.kt-inside-inner-col>.kadence-column2802_3db103-2d{max-width:700px;-webkit-flex:1;flex:1;margin-left:auto;margin-right:auto;}.kadence-column2802_3db103-2d > .kt-inside-inner-col{flex-direction:column;align-items:center;}}<\/style>\n<div class=\"wp-block-kadence-column kadence-column2802_3db103-2d\"><div class=\"kt-inside-inner-col\">\n<pre class=\"wp-block-verse\"><strong>\u00c9rt\u00e9kt\u00e1rba val\u00f3 felv\u00e9tel d\u00e1tuma:<\/strong> 2025.<br><strong>Felterjeszt\u0151k: <\/strong>De\u00e1k Oliv\u00e9r, Somhegyi M\u00e1rk, Telekesi D\u00e1niel<br>9. \u00e9vf., Kardos Istv\u00e1n \u00c1ltal\u00e1nos Iskola \u00e9s Gimn\u00e1zium<\/pre>\n<\/div><\/div>\n\n\n<div class=\"wp-block-image\">\n<figure class=\"alignleft size-full is-resized\"><a href=\"https:\/\/miklosimuzeum.hu\/wp-content\/uploads\/2026\/02\/villamhirado.jpeg\"><img fetchpriority=\"high\" decoding=\"async\" width=\"1811\" height=\"2338\" src=\"https:\/\/miklosimuzeum.hu\/wp-content\/uploads\/2026\/02\/villamhirado.jpeg\" alt=\"\" class=\"wp-image-2804\" style=\"width:300px\"\/><\/a><figcaption class=\"wp-element-caption\">Vill\u00e1mh\u00edrad\u00f3 &#8211; a F\u00e9nysz\u00f3r\u00f3 el\u0151dje 1950-b\u0151l<\/figcaption><\/figure>\n<\/div>\n\n\n<p>A Csepel Aut\u00f3gy\u00e1r a r\u00e9gi\u00f3 egyik legnagyobb \u00fczeme volt, f\u00e9nykor\u00e1ban mintegy t\u00edzezer dolgoz\u00f3t foglalkoztatott. Szinte v\u00e1ros a v\u00e1rosban: saj\u00e1t k\u00f6zm\u0171vekkel, int\u00e9zm\u00e9nyrendszerrel, s\u0151t saj\u00e1t ir\u00e1ny\u00edt\u00f3sz\u00e1mmal rendelkezett. Nem csoda h\u00e1t, ha \u00f6n\u00e1ll\u00f3 hetilappal is rendelkezett, ami e hatalmas komplexum napi t\u00f6rt\u00e9n\u00e9seir\u0151l adott h\u00edrt.<\/p>\n\n\n\n<p>A F\u00e9nysz\u00f3r\u00f3 c\u00edm\u0171 lap Vill\u00e1mh\u00edrad\u00f3 n\u00e9ven kezdte meg m\u0171k\u00f6d\u00e9s\u00e9t 1950. j\u00falius 11-\u00e9n. Az \u00fajs\u00e1g c\u00e9lja az olvas\u00f3k\u00f6z\u00f6ns\u00e9g sz\u00e1m\u00e1ra a gy\u00e1r mindennapi \u00e9let\u00e9r\u0151l val\u00f3 t\u00e1j\u00e9koztat\u00e1s ny\u00fajt\u00e1sa volt, azonban a szocializmus elv\u00e1r\u00e1sainak megfelel\u0151en val\u00f3j\u00e1ban els\u0151sorban propagandaeszk\u00f6zk\u00e9nt m\u0171k\u00f6d\u00f6tt. Az els\u0151 \u00e9vekben \u00fatkeres\u00e9s jellemezte az \u00fczemi lap munk\u00e1j\u00e1t. A Magyar Sajt\u00f3 egy 1955-\u00f6s sz\u00e1m\u00e1ban olvashatjuk Ritter Tibor, a F\u00e9nysz\u00f3r\u00f3 els\u0151 szerkeszt\u0151j\u00e9nek toll\u00e1b\u00f3l, hogy a lapban k\u00f6z\u00f6lt cikkekkel v\u00e1ltoz\u00e1st, fejl\u0151d\u00e9st k\u00edv\u00e1nnak el\u00e9rni. Nem el\u00e9g csup\u00e1n le\u00edrni a t\u00f6rt\u00e9n\u00e9seket, t\u00e9nyfelt\u00e1r\u00e1st kell v\u00e9gezni, \u00e9s az ilyen alapos munk\u00e1val k\u00e9sz\u00fclt cikkek tudnak \u00e9rdemi v\u00e1ltoz\u00e1st el\u00e9rni.<\/p>\n\n\n\n<p>A lap szerkeszt\u0151s\u00e9g\u00e9t rendszeresen \u00e9rtes\u00edtette a gy\u00e1rigazgat\u00f3s\u00e1g az \u00fczem viselt dolgaiban. Egy 1954-ben kapott fegyelmi \u00e9rtes\u00edt\u0151ben az szerepelt, hogy k\u00e9t munk\u00e1st felel\u0151ss\u00e9gre vontak a teheraut\u00f3k motorj\u00e1nak \u201cb\u00fctyk\u00f6l\u00e9s\u00e9\u00e9rt\u201d. A Motorgy\u00e1r k\u00e9t dolgoz\u00f3ja a pr\u00f3badarabokon \u00e9szlelt hib\u00e1kat \u00fagy \u201csz\u00fcntette meg\u201d, hogy motorfoly\u00e1s eset\u00e9n ronggyal t\u00f6m\u00edtett. Ezzel a m\u00f3dszerrel kij\u00e1tszott\u00e1k a min\u0151s\u00e9gi \u00e1tvev\u0151ket, de a rongy csak r\u00f6vid ideig alkalmas t\u00f6m\u00edt\u00e9sre. Az ilyen m\u00f3don megb\u00fctyk\u00f6lt motorok beker\u00fcltek a rakt\u00e1rba, a rakt\u00e1rb\u00f3l a J\u00e1rm\u0171gy\u00e1rba, onnan a TEFU-hoz vagy ak\u00e1r exportra. A t\u00f6m\u00edt\u0151 rongy azt\u00e1n szertefoszlott, \u00e9s azzal egy\u00fctt foszlott sz\u00e9t a Csepel motorok megb\u00edzhat\u00f3s\u00e1g\u00e1ba vett hit. A F\u00e9nysz\u00f3r\u00f3 meg\u00edrta az esetet, r\u00e1ir\u00e1ny\u00edtva a figyelmet a \u201ctechnol\u00f3giai fegyelem\u201d k\u00e9rd\u00e9s\u00e9re, ezzel vit\u00e1t ind\u00edtva a gy\u00e1ri dolgoz\u00f3k k\u00f6z\u00f6tt. Az ut\u00f3lag m\u00e1r nem der\u00fcl ki, hogy a \u201ctechnol\u00f3giai fegyelem\u201d helyre\u00e1ll\u00e1sa a k\u00e9t munk\u00e1s megb\u00fcntet\u00e9s\u00e9vel, vagy a F\u00e9nysz\u00f3r\u00f3ban megjelent cikkel old\u00f3dott meg.<\/p>\n\n\n<div class=\"wp-block-image\">\n<figure class=\"alignright size-full is-resized\"><a href=\"https:\/\/miklosimuzeum.hu\/wp-content\/uploads\/2026\/02\/25.-Turbek-Janos-ujsagiro-fenyszoro-foszerk.jpg\"><img decoding=\"async\" width=\"1164\" height=\"1620\" src=\"https:\/\/miklosimuzeum.hu\/wp-content\/uploads\/2026\/02\/25.-Turbek-Janos-ujsagiro-fenyszoro-foszerk.jpg\" alt=\"\" class=\"wp-image-2805\" style=\"width:300px\"\/><\/a><figcaption class=\"wp-element-caption\">Turb\u00e9k J\u00e1nos, a F\u00e9nysz\u00f3r\u00f3 f\u0151szerkeszt\u0151je<\/figcaption><\/figure>\n<\/div>\n\n\n<p>A F\u00e9nysz\u00f3r\u00f3 has\u00e1bjain a legfontosabb t\u00e9ma a politikai propaganda volt: a munkaversenyek, a szocialista \u00e9vfordul\u00f3k \u00fcnneps\u00e9gei vagy az \u201cimperialist\u00e1k t\u00f6rekv\u00e9seire\u201d v\u00e1laszk\u00e9pp v\u00e1llalt termel\u00e9sn\u00f6veked\u00e9sek jelentek meg a c\u00edmlapokon a legt\u00f6bbsz\u00f6r. Ugyanakkor a lap fontos forr\u00e1sa a gy\u00e1rtm\u00e1nyok fejl\u0151d\u00e9s\u00e9nek. Olvashatunk a k\u00fcl\u00f6nf\u00e9le teheraut\u00f3t\u00edpusok bemutat\u00e1s\u00e1r\u00f3l, az 1968-as ir\u00e1nyv\u00e1lt\u00e1s viszontags\u00e1gair\u00f3l, az aut\u00f3buszgy\u00e1rt\u00e1s megind\u00edt\u00e1s\u00e1r\u00f3l \u00e9s folyamat\u00e1r\u00f3l. Fontosak a besz\u00e1mol\u00f3k a gy\u00e1rtm\u00e1nyok sikereir\u0151l, \u00edgy r\u00e9szletesen lehet benne olvasni a tibeti \u00e9s a nyugat-afrikai exped\u00edci\u00f3kr\u00f3l, a k\u00fcl\u00f6nb\u00f6z\u0151 versenyekr\u0151l, ahol a Csepelek rendre j\u00f3 eredm\u00e9nyeket \u00e9rtek el a KGST-blokk teheraut\u00f3gy\u00e1rai k\u00f6z\u00f6tt.<\/p>\n\n\n\n<p>A lap a fontos, a gy\u00e1r alapvet\u0151 m\u0171k\u00f6d\u00e9s\u00e9t \u00e9rint\u0151 t\u00e9m\u00e1k mellett sz\u00e9les k\u00f6r\u0171en t\u00e1j\u00e9koztat a gy\u00e1r mindennapi \u00e9let\u00e9r\u0151l, a munk\u00e1sok viselt dolgair\u00f3l. Olvashatunk a Csepel Aut\u00f3gy\u00e1r M\u0171vel\u0151d\u00e9si H\u00e1zban zajl\u00f3 esem\u00e9nyekr\u0151l, ak\u00e1r nemzetk\u00f6zileg is elismert el\u0151ad\u00f3k estjeir\u0151l, a k\u00f6nyvt\u00e1r \u00e1llom\u00e1ny\u00e1r\u00f3l, \u00edr\u00f3-olvas\u00f3 tal\u00e1lkoz\u00f3kr\u00f3l, ki\u00e1ll\u00edt\u00e1sokr\u00f3l. Rendk\u00edv\u00fcl fontos r\u00e9sze az \u00fajs\u00e1gnak a sport, hiszen sz\u00e1mos sportcsapat m\u0171k\u00f6d\u00f6tt az Aut\u00f3gy\u00e1rban, legend\u00e1s volt p\u00e9ld\u00e1ul NB I-et is megj\u00e1rt v\u00edzilabda v\u00e1logatottja.<\/p>\n\n\n<div class=\"wp-block-image\">\n<figure class=\"alignleft size-full is-resized\"><a href=\"https:\/\/miklosimuzeum.hu\/wp-content\/uploads\/2026\/02\/45.-Illes-Ferenc-ujsagiro-balrol-riportot-ir.jpg\"><img decoding=\"async\" width=\"1744\" height=\"1144\" src=\"https:\/\/miklosimuzeum.hu\/wp-content\/uploads\/2026\/02\/45.-Illes-Ferenc-ujsagiro-balrol-riportot-ir.jpg\" alt=\"\" class=\"wp-image-2806\" style=\"width:300px\"\/><\/a><figcaption class=\"wp-element-caption\">Ill\u00e9s Ferenc \u00fajs\u00e1g\u00edr\u00f3 (b) riportot k\u00e9sz\u00edt<\/figcaption><\/figure>\n<\/div>\n\n\n<p>A F\u00e9nysz\u00f3r\u00f3 k\u00fcl\u00f6nleges helyet foglal el Szigetszentmikl\u00f3s helyt\u00f6rt\u00e9net\u00e9ben is, hiszen V\u00f6\u0151 Imre, a v\u00e1ros Honismereti Szakk\u00f6r\u00e9nek vezet\u0151je aut\u00f3gy\u00e1ri munk\u00e1ja mellett a F\u00e9nysz\u00f3r\u00f3 munkat\u00e1rsa is volt. Sz\u00e1mtalan cikket \u00edrt a lapba els\u0151sorban helyt\u00f6rt\u00e9neti t\u00e9m\u00e1kban, \u00edgy tud\u00f3s\u00edtott a falu hat\u00e1r\u00e1ban zajl\u00f3 r\u00e9g\u00e9szeti felt\u00e1r\u00e1sokr\u00f3l, vagy olyan neves esem\u00e9nyekr\u0151l, mint a falu fenn\u00e1ll\u00e1s\u00e1nak 700. \u00e9vfordul\u00f3ja alkalm\u00e1b\u00f3l tartott esem\u00e9nysorozatr\u00f3l 1964-ben, vagy az \u00c1d\u00e1m Jen\u0151 Eml\u00e9kh\u00e1z megnyit\u00e1s\u00e1r\u00f3l 1979-ben. Nem csup\u00e1n \u00fajs\u00e1g\u00edr\u00f3k\u00e9nt dolgozott a lapn\u00e1l, hanem a szerkeszt\u0151s\u00e9gt\u0151l kapott f\u00e9nyk\u00e9pez\u0151g\u00e9p\u00e9vel eg\u00e9sz p\u00e1lyafut\u00e1sa sor\u00e1n fot\u00f3zta Szigetszentmikl\u00f3s mindennapjait \u00e9s fejl\u0151d\u00e9s\u00e9t. Mintegy 22.000 fot\u00f3t tartalmaz\u00f3 negat\u00edvjait ma is \u0151rzi a Helyt\u00f6rt\u00e9neti Gy\u0171jtem\u00e9ny. A kollekci\u00f3 egyed\u00fcl\u00e1ll\u00f3 forr\u00e1sa v\u00e1rosunk fejl\u0151d\u00e9s\u00e9nek, hiszen bemutatja a J\u00f3zsef Attila lak\u00f3telep fel\u00e9p\u00edt\u00e9s\u00e9t\u0151l a r\u00e9gi falusi utc\u00e1k k\u00f6zm\u0171ves\u00edt\u00e9s\u00e9t, a falusi \u00e9letforma saj\u00e1toss\u00e1gait \u00e9s m\u00e9g sok m\u00e1s helyt\u00f6rt\u00e9neti kuri\u00f3zumot.<\/p>\n\n\n\n<p>A lap szerkeszt\u0151bizotts\u00e1g\u00e1t a Magyar \u00dajs\u00e1g\u00edr\u00f3k Orsz\u00e1gos Sz\u00f6vets\u00e9ge (M\u00daOSZ) fel\u00fcgyelte, munkat\u00e1rsai hivat\u00e1sos \u00fajs\u00e1g\u00edr\u00f3k voltak, kiad\u00f3ja pedig a H\u00edrlapkiad\u00f3 V\u00e1llalat volt. A F\u00e9nysz\u00f3r\u00f3 mindenkori f\u0151szerkeszt\u0151je a gy\u00e1r bizalmi munkat\u00e1rsa volt. A F\u00e9nysz\u00f3r\u00f3 a Csepel Aut\u00f3gy\u00e1r \u00f6sszeoml\u00e1s\u00e1val p\u00e1rhuzamosan sz\u0171nt meg a rendszerv\u00e1lt\u00e1skor, az utols\u00f3 lapsz\u00e1m, a XLI. \u00e9vfolyam 17. sz\u00e1ma 1990. j\u00fanius 20-\u00e1n jelent meg.<\/p>\n\n\n<div class=\"wp-block-image\">\n<figure class=\"aligncenter size-full is-resized\"><a href=\"https:\/\/miklosimuzeum.hu\/wp-content\/uploads\/2026\/02\/Beolvasott_20190814-21-scaled.jpg\"><img loading=\"lazy\" decoding=\"async\" width=\"1785\" height=\"2560\" src=\"https:\/\/miklosimuzeum.hu\/wp-content\/uploads\/2026\/02\/Beolvasott_20190814-21-scaled.jpg\" alt=\"\" class=\"wp-image-2807\" style=\"width:400px\"\/><\/a><figcaption class=\"wp-element-caption\">Visszaeml\u00e9kez\u00e9s az utols\u00f3 lapsz\u00e1m h\u00e1toldal\u00e1n<\/figcaption><\/figure>\n<\/div>\n\n<style>.kadence-column2802_f850a8-5c > .kt-inside-inner-col{display:flex;}.kadence-column2802_f850a8-5c{max-width:700px;margin-left:auto;margin-right:auto;}.wp-block-kadence-column.kb-section-dir-horizontal:not(.kb-section-md-dir-vertical)>.kt-inside-inner-col>.kadence-column2802_f850a8-5c{-webkit-flex:0 1 700px;flex:0 1 700px;max-width:unset;margin-left:unset;margin-right:unset;}.kadence-column2802_f850a8-5c > .kt-inside-inner-col,.kadence-column2802_f850a8-5c > .kt-inside-inner-col:before{border-top-left-radius:0px;border-top-right-radius:0px;border-bottom-right-radius:0px;border-bottom-left-radius:0px;}.kadence-column2802_f850a8-5c > .kt-inside-inner-col{row-gap:var(--global-kb-gap-none, 0rem );column-gap:var(--global-kb-gap-sm, 1rem);}.kadence-column2802_f850a8-5c > .kt-inside-inner-col{flex-direction:column;align-items:center;}.kadence-column2802_f850a8-5c > .kt-inside-inner-col > .kb-image-is-ratio-size{align-self:stretch;}.kadence-column2802_f850a8-5c > .kt-inside-inner-col > .wp-block-kadence-advancedgallery{align-self:stretch;}.kadence-column2802_f850a8-5c > .kt-inside-inner-col > .aligncenter{width:100%;}.kadence-column2802_f850a8-5c > .kt-inside-inner-col:before{opacity:0.3;}.kadence-column2802_f850a8-5c{position:relative;}@media all and (min-width: 1025px){.wp-block-kadence-column.kb-section-dir-horizontal>.kt-inside-inner-col>.kadence-column2802_f850a8-5c{-webkit-flex:0 1 700px;flex:0 1 700px;max-width:unset;margin-left:unset;margin-right:unset;}}@media all and (max-width: 1024px){.kadence-column2802_f850a8-5c > .kt-inside-inner-col{flex-direction:column;align-items:center;}}@media all and (max-width: 767px){.wp-block-kadence-column.kb-section-sm-dir-vertical:not(.kb-section-sm-dir-horizontal):not(.kb-section-sm-dir-specificity)>.kt-inside-inner-col>.kadence-column2802_f850a8-5c{max-width:700px;-webkit-flex:1;flex:1;margin-left:auto;margin-right:auto;}.kadence-column2802_f850a8-5c > .kt-inside-inner-col{flex-direction:column;align-items:center;}}<\/style>\n<div class=\"wp-block-kadence-column kadence-column2802_f850a8-5c\"><div class=\"kt-inside-inner-col\">\n<pre class=\"wp-block-verse\"><strong>Az el\u0151terjeszt\u0151k p\u00e1lyamunk\u00e1ja<\/strong><br>\u00c9rkezett a 2025-\u00f6s \u00c9rt\u00e9keink Nyom\u00e1ban c\u00edm\u0171 p\u00e1ly\u00e1zatra<\/pre>\n<\/div><\/div>\n\n\n<style>.kadence-column2802_d097ff-30{max-width:700px;margin-left:auto;margin-right:auto;}.wp-block-kadence-column.kb-section-dir-horizontal:not(.kb-section-md-dir-vertical)>.kt-inside-inner-col>.kadence-column2802_d097ff-30{-webkit-flex:0 1 700px;flex:0 1 700px;max-width:unset;margin-left:unset;margin-right:unset;}.kadence-column2802_d097ff-30 > .kt-inside-inner-col,.kadence-column2802_d097ff-30 > .kt-inside-inner-col:before{border-top-left-radius:0px;border-top-right-radius:0px;border-bottom-right-radius:0px;border-bottom-left-radius:0px;}.kadence-column2802_d097ff-30 > .kt-inside-inner-col{column-gap:var(--global-kb-gap-sm, 1rem);}.kadence-column2802_d097ff-30 > .kt-inside-inner-col{flex-direction:column;}.kadence-column2802_d097ff-30 > .kt-inside-inner-col > .aligncenter{width:100%;}.kadence-column2802_d097ff-30 > .kt-inside-inner-col:before{opacity:0.3;}.kadence-column2802_d097ff-30{position:relative;}@media all and (min-width: 1025px){.wp-block-kadence-column.kb-section-dir-horizontal>.kt-inside-inner-col>.kadence-column2802_d097ff-30{-webkit-flex:0 1 700px;flex:0 1 700px;max-width:unset;margin-left:unset;margin-right:unset;}}@media all and (max-width: 1024px){.kadence-column2802_d097ff-30 > .kt-inside-inner-col{flex-direction:column;}}@media all and (max-width: 767px){.wp-block-kadence-column.kb-section-sm-dir-vertical:not(.kb-section-sm-dir-horizontal):not(.kb-section-sm-dir-specificity)>.kt-inside-inner-col>.kadence-column2802_d097ff-30{max-width:700px;-webkit-flex:1;flex:1;margin-left:auto;margin-right:auto;}.kadence-column2802_d097ff-30 > .kt-inside-inner-col{flex-direction:column;}}<\/style>\n<div class=\"wp-block-kadence-column kadence-column2802_d097ff-30\"><div class=\"kt-inside-inner-col\">\n<div data-wp-interactive=\"core\/file\" class=\"wp-block-file\"><object data-wp-bind--hidden=\"!state.hasPdfPreview\" hidden class=\"wp-block-file__embed\" data=\"https:\/\/miklosimuzeum.hu\/wp-content\/uploads\/2026\/02\/14-Fenyszoro.pdf\" type=\"application\/pdf\" style=\"width:100%;height:600px\" aria-label=\"Embed of 14-Fe\u0301nyszo\u0301ro\u0301.\"><\/object><a id=\"wp-block-file--media-0aa79e0b-eb23-4f5c-8e41-951e014b5743\" href=\"https:\/\/miklosimuzeum.hu\/wp-content\/uploads\/2026\/02\/14-Fenyszoro.pdf\">14-Fe\u0301nyszo\u0301ro\u0301<\/a><a href=\"https:\/\/miklosimuzeum.hu\/wp-content\/uploads\/2026\/02\/14-Fenyszoro.pdf\" class=\"wp-block-file__button wp-element-button\" download aria-describedby=\"wp-block-file--media-0aa79e0b-eb23-4f5c-8e41-951e014b5743\">Let\u00f6lt\u00e9s<\/a><\/div>\n<\/div><\/div>","protected":false},"excerpt":{"rendered":"<p>\u00c9rt\u00e9kt\u00e1rba val\u00f3 felv\u00e9tel d\u00e1tuma: 2025.Felterjeszt\u0151k: De\u00e1k Oliv\u00e9r, Somhegyi M\u00e1rk, Telekesi D\u00e1niel9. \u00e9vf., Kardos Istv\u00e1n \u00c1ltal\u00e1nos Iskola \u00e9s Gimn\u00e1zium A Csepel Aut\u00f3gy\u00e1r a r\u00e9gi\u00f3 egyik legnagyobb \u00fczeme volt, f\u00e9nykor\u00e1ban mintegy t\u00edzezer dolgoz\u00f3t foglalkoztatott. Szinte v\u00e1ros a v\u00e1rosban: saj\u00e1t k\u00f6zm\u0171vekkel, int\u00e9zm\u00e9nyrendszerrel, s\u0151t saj\u00e1t ir\u00e1ny\u00edt\u00f3sz\u00e1mmal rendelkezett. Nem csoda h\u00e1t, ha \u00f6n\u00e1ll\u00f3 hetilappal is rendelkezett, ami e hatalmas komplexum [&hellip;]<\/p>","protected":false},"author":1,"featured_media":2809,"comment_status":"closed","ping_status":"open","sticky":false,"template":"","format":"standard","meta":{"ub_ctt_via":"","ocean_post_layout":"","ocean_both_sidebars_style":"","ocean_both_sidebars_content_width":0,"ocean_both_sidebars_sidebars_width":0,"ocean_sidebar":"","ocean_second_sidebar":"","ocean_disable_margins":"enable","ocean_add_body_class":"","ocean_shortcode_before_top_bar":"","ocean_shortcode_after_top_bar":"","ocean_shortcode_before_header":"","ocean_shortcode_after_header":"","ocean_has_shortcode":"","ocean_shortcode_after_title":"","ocean_shortcode_before_footer_widgets":"","ocean_shortcode_after_footer_widgets":"","ocean_shortcode_before_footer_bottom":"","ocean_shortcode_after_footer_bottom":"","ocean_display_top_bar":"default","ocean_display_header":"default","ocean_header_style":"","ocean_center_header_left_menu":"","ocean_custom_header_template":"","ocean_custom_logo":0,"ocean_custom_retina_logo":0,"ocean_custom_logo_max_width":0,"ocean_custom_logo_tablet_max_width":0,"ocean_custom_logo_mobile_max_width":0,"ocean_custom_logo_max_height":0,"ocean_custom_logo_tablet_max_height":0,"ocean_custom_logo_mobile_max_height":0,"ocean_header_custom_menu":"","ocean_menu_typo_font_family":"","ocean_menu_typo_font_subset":"","ocean_menu_typo_font_size":0,"ocean_menu_typo_font_size_tablet":0,"ocean_menu_typo_font_size_mobile":0,"ocean_menu_typo_font_size_unit":"px","ocean_menu_typo_font_weight":"","ocean_menu_typo_font_weight_tablet":"","ocean_menu_typo_font_weight_mobile":"","ocean_menu_typo_transform":"","ocean_menu_typo_transform_tablet":"","ocean_menu_typo_transform_mobile":"","ocean_menu_typo_line_height":0,"ocean_menu_typo_line_height_tablet":0,"ocean_menu_typo_line_height_mobile":0,"ocean_menu_typo_line_height_unit":"","ocean_menu_typo_spacing":0,"ocean_menu_typo_spacing_tablet":0,"ocean_menu_typo_spacing_mobile":0,"ocean_menu_typo_spacing_unit":"","ocean_menu_link_color":"","ocean_menu_link_color_hover":"","ocean_menu_link_color_active":"","ocean_menu_link_background":"","ocean_menu_link_hover_background":"","ocean_menu_link_active_background":"","ocean_menu_social_links_bg":"","ocean_menu_social_hover_links_bg":"","ocean_menu_social_links_color":"","ocean_menu_social_hover_links_color":"","ocean_disable_title":"default","ocean_disable_heading":"default","ocean_post_title":"","ocean_post_subheading":"","ocean_post_title_style":"","ocean_post_title_background_color":"","ocean_post_title_background":0,"ocean_post_title_bg_image_position":"","ocean_post_title_bg_image_attachment":"","ocean_post_title_bg_image_repeat":"","ocean_post_title_bg_image_size":"","ocean_post_title_height":0,"ocean_post_title_bg_overlay":0.5,"ocean_post_title_bg_overlay_color":"","ocean_disable_breadcrumbs":"default","ocean_breadcrumbs_color":"","ocean_breadcrumbs_separator_color":"","ocean_breadcrumbs_links_color":"","ocean_breadcrumbs_links_hover_color":"","ocean_display_footer_widgets":"default","ocean_display_footer_bottom":"default","ocean_custom_footer_template":"","ocean_post_oembed":"","ocean_post_self_hosted_media":"","ocean_post_video_embed":"","ocean_link_format":"","ocean_link_format_target":"self","ocean_quote_format":"","ocean_quote_format_link":"post","ocean_gallery_link_images":"on","ocean_gallery_id":[],"footnotes":""},"categories":[165],"tags":[167],"class_list":["post-2802","post","type-post","status-publish","format-standard","has-post-thumbnail","hentry","category-ertektar","tag-telepulesi-ertektar","entry","has-media"],"featured_image_src":"https:\/\/miklosimuzeum.hu\/wp-content\/uploads\/2026\/02\/14-cover.jpg","author_info":{"display_name":"Miss N\u00e1ndor","author_link":"https:\/\/miklosimuzeum.hu\/en\/author\/admin\/"},"rttpg_featured_image_url":{"full":["https:\/\/miklosimuzeum.hu\/wp-content\/uploads\/2026\/02\/14-cover.jpg",600,600,false],"landscape":["https:\/\/miklosimuzeum.hu\/wp-content\/uploads\/2026\/02\/14-cover.jpg",600,600,false],"portraits":["https:\/\/miklosimuzeum.hu\/wp-content\/uploads\/2026\/02\/14-cover.jpg",600,600,false],"thumbnail":["https:\/\/miklosimuzeum.hu\/wp-content\/uploads\/2026\/02\/14-cover-150x150.jpg",150,150,true],"medium":["https:\/\/miklosimuzeum.hu\/wp-content\/uploads\/2026\/02\/14-cover-300x300.jpg",300,300,true],"large":["https:\/\/miklosimuzeum.hu\/wp-content\/uploads\/2026\/02\/14-cover.jpg",600,600,false],"1536x1536":["https:\/\/miklosimuzeum.hu\/wp-content\/uploads\/2026\/02\/14-cover.jpg",600,600,false],"2048x2048":["https:\/\/miklosimuzeum.hu\/wp-content\/uploads\/2026\/02\/14-cover.jpg",600,600,false],"trp-custom-language-flag":["https:\/\/miklosimuzeum.hu\/wp-content\/uploads\/2026\/02\/14-cover-12x12.jpg",12,12,true],"ocean-thumb-m":["https:\/\/miklosimuzeum.hu\/wp-content\/uploads\/2026\/02\/14-cover.jpg",600,600,false],"ocean-thumb-ml":["https:\/\/miklosimuzeum.hu\/wp-content\/uploads\/2026\/02\/14-cover-600x450.jpg",600,450,true],"ocean-thumb-l":["https:\/\/miklosimuzeum.hu\/wp-content\/uploads\/2026\/02\/14-cover.jpg",600,600,false]},"rttpg_author":{"display_name":"Miss N\u00e1ndor","author_link":"https:\/\/miklosimuzeum.hu\/en\/author\/admin\/"},"rttpg_comment":0,"rttpg_category":"<a href=\"https:\/\/miklosimuzeum.hu\/en\/category\/ertektar\/\" rel=\"category tag\">\u00c9rt\u00e9kt\u00e1r<\/a>","rttpg_excerpt":"\u00c9rt\u00e9kt\u00e1rba val\u00f3 felv\u00e9tel d\u00e1tuma: 2025.Felterjeszt\u0151k: De\u00e1k Oliv\u00e9r, Somhegyi M\u00e1rk, Telekesi D\u00e1niel9. \u00e9vf., Kardos Istv\u00e1n \u00c1ltal\u00e1nos Iskola \u00e9s Gimn\u00e1zium A Csepel Aut\u00f3gy\u00e1r a r\u00e9gi\u00f3 egyik legnagyobb \u00fczeme volt, f\u00e9nykor\u00e1ban mintegy t\u00edzezer dolgoz\u00f3t foglalkoztatott. Szinte v\u00e1ros a v\u00e1rosban: saj\u00e1t k\u00f6zm\u0171vekkel, int\u00e9zm\u00e9nyrendszerrel, s\u0151t saj\u00e1t ir\u00e1ny\u00edt\u00f3sz\u00e1mmal rendelkezett. Nem csoda h\u00e1t, ha \u00f6n\u00e1ll\u00f3 hetilappal is rendelkezett, ami e hatalmas komplexum&hellip;","_links":{"self":[{"href":"https:\/\/miklosimuzeum.hu\/en\/wp-json\/wp\/v2\/posts\/2802","targetHints":{"allow":["GET"]}}],"collection":[{"href":"https:\/\/miklosimuzeum.hu\/en\/wp-json\/wp\/v2\/posts"}],"about":[{"href":"https:\/\/miklosimuzeum.hu\/en\/wp-json\/wp\/v2\/types\/post"}],"author":[{"embeddable":true,"href":"https:\/\/miklosimuzeum.hu\/en\/wp-json\/wp\/v2\/users\/1"}],"replies":[{"embeddable":true,"href":"https:\/\/miklosimuzeum.hu\/en\/wp-json\/wp\/v2\/comments?post=2802"}],"version-history":[{"count":2,"href":"https:\/\/miklosimuzeum.hu\/en\/wp-json\/wp\/v2\/posts\/2802\/revisions"}],"predecessor-version":[{"id":2850,"href":"https:\/\/miklosimuzeum.hu\/en\/wp-json\/wp\/v2\/posts\/2802\/revisions\/2850"}],"wp:featuredmedia":[{"embeddable":true,"href":"https:\/\/miklosimuzeum.hu\/en\/wp-json\/wp\/v2\/media\/2809"}],"wp:attachment":[{"href":"https:\/\/miklosimuzeum.hu\/en\/wp-json\/wp\/v2\/media?parent=2802"}],"wp:term":[{"taxonomy":"category","embeddable":true,"href":"https:\/\/miklosimuzeum.hu\/en\/wp-json\/wp\/v2\/categories?post=2802"},{"taxonomy":"post_tag","embeddable":true,"href":"https:\/\/miklosimuzeum.hu\/en\/wp-json\/wp\/v2\/tags?post=2802"}],"curies":[{"name":"wp","href":"https:\/\/api.w.org\/{rel}","templated":true}]}}