{"id":2792,"date":"2026-02-09T16:30:40","date_gmt":"2026-02-09T16:30:40","guid":{"rendered":"https:\/\/miklosimuzeum.hu\/?p=2792"},"modified":"2026-02-09T16:48:48","modified_gmt":"2026-02-09T16:48:48","slug":"voo-imre-szigetszentmiklos-helytortenesze","status":"publish","type":"post","link":"https:\/\/miklosimuzeum.hu\/en\/2026\/02\/09\/voo-imre-szigetszentmiklos-helytortenesze\/","title":{"rendered":"V\u00f6\u0151 Imre \u2013 Szigetszentmikl\u00f3s helyt\u00f6rt\u00e9n\u00e9sze"},"content":{"rendered":"<style>.kadence-column2792_90e145-a5 > .kt-inside-inner-col{display:flex;}.kadence-column2792_90e145-a5{max-width:700px;margin-left:auto;margin-right:auto;}.wp-block-kadence-column.kb-section-dir-horizontal:not(.kb-section-md-dir-vertical)>.kt-inside-inner-col>.kadence-column2792_90e145-a5{-webkit-flex:0 1 700px;flex:0 1 700px;max-width:unset;margin-left:unset;margin-right:unset;}.kadence-column2792_90e145-a5 > .kt-inside-inner-col,.kadence-column2792_90e145-a5 > .kt-inside-inner-col:before{border-top-left-radius:0px;border-top-right-radius:0px;border-bottom-right-radius:0px;border-bottom-left-radius:0px;}.kadence-column2792_90e145-a5 > .kt-inside-inner-col{row-gap:var(--global-kb-gap-none, 0rem );column-gap:var(--global-kb-gap-sm, 1rem);}.kadence-column2792_90e145-a5 > .kt-inside-inner-col{flex-direction:column;align-items:center;}.kadence-column2792_90e145-a5 > .kt-inside-inner-col > .kb-image-is-ratio-size{align-self:stretch;}.kadence-column2792_90e145-a5 > .kt-inside-inner-col > .wp-block-kadence-advancedgallery{align-self:stretch;}.kadence-column2792_90e145-a5 > .kt-inside-inner-col > .aligncenter{width:100%;}.kadence-column2792_90e145-a5 > .kt-inside-inner-col:before{opacity:0.3;}.kadence-column2792_90e145-a5{position:relative;}@media all and (min-width: 1025px){.wp-block-kadence-column.kb-section-dir-horizontal>.kt-inside-inner-col>.kadence-column2792_90e145-a5{-webkit-flex:0 1 700px;flex:0 1 700px;max-width:unset;margin-left:unset;margin-right:unset;}}@media all and (max-width: 1024px){.kadence-column2792_90e145-a5 > .kt-inside-inner-col{flex-direction:column;align-items:center;}}@media all and (max-width: 767px){.wp-block-kadence-column.kb-section-sm-dir-vertical:not(.kb-section-sm-dir-horizontal):not(.kb-section-sm-dir-specificity)>.kt-inside-inner-col>.kadence-column2792_90e145-a5{max-width:700px;-webkit-flex:1;flex:1;margin-left:auto;margin-right:auto;}.kadence-column2792_90e145-a5 > .kt-inside-inner-col{flex-direction:column;align-items:center;}}<\/style>\n<div class=\"wp-block-kadence-column kadence-column2792_90e145-a5\"><div class=\"kt-inside-inner-col\">\n<pre class=\"wp-block-verse\"><strong>\u00c9rt\u00e9kt\u00e1rba val\u00f3 felv\u00e9tel d\u00e1tuma:<\/strong> 2025.<br><strong>Felterjeszt\u0151k: <\/strong>Kasterski L\u00e9na, Karczagi-Farkas No\u00e9mi<br>0. \u00e9vf., Kardos Istv\u00e1n \u00c1ltal\u00e1nos Iskola \u00e9s Gimn\u00e1zium<\/pre>\n<\/div><\/div>\n\n\n<div class=\"wp-block-image\">\n<figure class=\"alignleft size-full is-resized\"><a href=\"https:\/\/miklosimuzeum.hu\/wp-content\/uploads\/2026\/02\/V_I.png\"><img fetchpriority=\"high\" decoding=\"async\" width=\"523\" height=\"700\" src=\"https:\/\/miklosimuzeum.hu\/wp-content\/uploads\/2026\/02\/V_I.png\" alt=\"\" class=\"wp-image-2793\" style=\"width:300px\"\/><\/a><\/figure>\n<\/div>\n\n\n<p>V\u00f6\u0151 Imre Szigetszentmikl\u00f3s kr\u00f3nik\u00e1sak\u00e9nt vonult be a telep\u00fcl\u00e9s kollekt\u00edv eml\u00e9kezet\u00e9be. P\u00e1lyafut\u00e1sa sor\u00e1n aut\u00f3gy\u00e1ri munk\u00e1ja mellett val\u00f3di szenved\u00e9llyel gy\u0171jt\u00f6tte, kutatta \u00e9s jegyezte v\u00e1lasztott otthona, Szigetszentmikl\u00f3s m\u00faltj\u00e1t \u00e9s jelen\u00e9t, melynek k\u00f6sz\u00f6nhet\u0151en tov\u00e1bb \u00e9l a falub\u00f3l v\u00e1ross\u00e1 lett telep\u00fcl\u00e9s m\u00faltja.<\/p>\n\n\n\n<p>Hercegsz\u00e1nt\u00f3n sz\u00fcletett parasztsz\u00fcl\u0151k harmadik gyermekek\u00e9nt 1934-ben. Szerette otthon\u00e1t, mindig meleg szavakkal eml\u00e9kezett vissza gyermekkor\u00e1ra. Itt j\u00e1rt elemi iskol\u00e1ba, itt focizott szomsz\u00e9dj\u00e1val, a kis Albert Fl\u00f3ri\u00e1nnal, \u00e9s itt szeretett bele \u00f6r\u00f6kre a r\u00e9g\u00e9szetbe, a t\u00f6rt\u00e9nelembe. Apja 14 \u00e9ves kor\u00e1ban r\u00e9gi p\u00e9nzekb\u0151l \u00e1ll\u00f3 kis gy\u0171jtem\u00e9nyt adott neki \u2013 ekkor hat\u00e1rozta el, hogy r\u00e9g\u00e9sz lesz, \u00e9s m\u00fazeumot l\u00e9tes\u00edt sz\u00fcl\u0151faluj\u00e1ban. Terveit azonban ekkor \u00e9s itt nem val\u00f3s\u00edthatta meg, mert k\u00f6zbesz\u00f3lt a t\u00f6rt\u00e9nelem.<\/p>\n\n\n\n<p>Apja m\u00f3dos textilkeresked\u0151 volt, csal\u00e1dj\u00e1t ez\u00e9rt kul\u00e1knak min\u0151s\u00edtett\u00e9k, \u00edgy a fiatal V\u00f6\u0151 Imre nem tanulhatott tov\u00e1bb. 1950 j\u00fanius\u00e1ban sz\u00fcleivel \u00e9s h\u00e1rom testv\u00e9r\u00e9vel egy\u00fctt kitelep\u00edtett\u00e9k. 39 h\u00f3napot t\u00f6lt\u00f6tt a Tiszab\u0151h\u00f6z k\u00f6zeli Korm\u00f3puszt\u00e1n l\u00e9tes\u00edtett intern\u00e1l\u00f3t\u00e1borban. A t\u00e1bori megpr\u00f3b\u00e1ltat\u00e1sokr\u00f3l a szigor\u00fa tilt\u00e1s ellen\u00e9re v\u00e9gig napl\u00f3t vezetett \u2013 kis f\u00fczeteinek nagy r\u00e9sze csod\u00e1val hat\u00e1ros m\u00f3don megmaradt. A t\u00e1borban magyarok, sok\u00e1cok, n\u00e9metek vegyesen voltak, \u00edgy itt v\u00e9gezte els\u0151 n\u00e9prajzi megfigyel\u00e9seit is.<\/p>\n\n\n<div class=\"wp-block-image\">\n<figure class=\"alignright size-full is-resized\"><a href=\"https:\/\/miklosimuzeum.hu\/wp-content\/uploads\/2026\/02\/Kormoi_kronika.png\"><img decoding=\"async\" width=\"493\" height=\"700\" src=\"https:\/\/miklosimuzeum.hu\/wp-content\/uploads\/2026\/02\/Kormoi_kronika.png\" alt=\"\" class=\"wp-image-2795\" style=\"width:300px\"\/><\/a><figcaption class=\"wp-element-caption\">1990 ut\u00e1n mag\u00e1nkiad\u00e1sban megjelenhetett a <a href=\"https:\/\/hszanto.com\/hercegszanto\/helytorteneti-irasok\/kormoi-kronika\/\">Korm\u00f3i kr\u00f3nika<\/a><\/figcaption><\/figure>\n<\/div>\n\n\n<p>1953-ban, a t\u00e1borb\u00f3l val\u00f3 szabadul\u00e1sa ut\u00e1n sorkatonai szolg\u00e1latra h\u00edvt\u00e1k be, melyet Budapesten t\u00f6lt\u00f6tt le \u2013 ez id\u0151 alatt ismerkedett meg a f\u0151v\u00e1ros m\u00fazeumaival, k\u00f6nyvt\u00e1raival, \u00e9s rengeteg tud\u00e1st sz\u00edvott mag\u00e1ba. Leszerel\u00e9se ut\u00e1n egy itt \u00e9l\u0151 katonat\u00e1rsa hozta Szigetszentmikl\u00f3sra egy r\u00f6vid l\u00e1togat\u00e1sra, ekkor ismerkedett meg Szab\u00f3 Jol\u00e1nnal, akit feles\u00e9g\u00fcl vett.<\/p>\n\n\n\n<p>F\u00e9szekrak\u00e1s ut\u00e1n tanul\u00e1shoz fogott. Mivel a r\u00e9g\u00e9sz-szakm\u00e1t nem tanulhatta ki, el\u0151bb k\u00f6sz\u00f6r\u0171s szakmunk\u00e1s lett, majd elv\u00e9gezte a g\u00e9pipari technikumot \u00e9s technol\u00f3gus lett a Csepel Aut\u00f3gy\u00e1rban, ahol azt\u00e1n 28 \u00e9vig dolgozott. Szabad idej\u00e9ben n\u00e9prajzot, r\u00e9g\u00e9szetet tanult, kutat\u00e1si t\u00e9m\u00e1t keresett. Imre b\u00e1csi \u00e9rdekl\u0151d\u00e9se a m\u00falt, a t\u00f6rt\u00e9nelem ut\u00e1n nem volt \u00f6nc\u00e9l\u00fa: \u201eaki nem ismeri m\u00faltj\u00e1t, nincs j\u00f6v\u0151je\u201d \u2013 mondta. A m\u00falt ut\u00e1n \u00e9rdekl\u0151d\u0151 mikl\u00f3si bar\u00e1tainak kis csoportj\u00e1val meg\u00e1llapodtak, hogy gy\u0171jteni fogj\u00e1k a r\u00e9gi holmikat, \u00e9s meg\u0151rzik \u0151ket az ut\u00f3kor sz\u00e1m\u00e1ra \u2013 egyik els\u0151 cselekedet\u00fck volt, hogy H\u00e1ros falu ter\u00fclet\u00e9n pr\u00f3ba\u00e1sat\u00e1st v\u00e9geztek a Nemzeti M\u00fazeum jelenl\u00e9t\u00e9ben. 1961-ben csatlakozott az alig egy \u00e9vvel kor\u00e1bban, Csiba Jol\u00e1n tan\u00e1rn\u0151 \u00e1ltal alap\u00edtott Honismereti Szakk\u00f6rh\u00f6z. C\u00e9lul t\u0171zt\u00e9k ki, hogy a falu fenn\u00e1ll\u00e1s\u00e1nak 700. \u00e9vfordul\u00f3j\u00e1ra, 1964-re \u00e1lland\u00f3 ki\u00e1ll\u00edt\u00e1st l\u00e9tes\u00edtenek Szigetszentmikl\u00f3s m\u00faltj\u00e1r\u00f3l. A terv siker\u00fclt, a szakk\u00f6r lelkes munk\u00e1j\u00e1nak eredm\u00e9nyek\u00e9pp 1964-ben megny\u00edlt a ki\u00e1ll\u00edt\u00e1s, mely egy \u00e9vvel k\u00e9s\u0151bb a K\u00e9kt\u00f3n saj\u00e1t \u00e9p\u00fcletbe k\u00f6lt\u00f6zhetett.<\/p>\n\n\n<div class=\"wp-block-image\">\n<figure class=\"alignleft size-full is-resized\"><a href=\"https:\/\/miklosimuzeum.hu\/wp-content\/uploads\/2026\/02\/Jegyzet-minta-1976.jpg\"><img decoding=\"async\" width=\"1200\" height=\"683\" src=\"https:\/\/miklosimuzeum.hu\/wp-content\/uploads\/2026\/02\/Jegyzet-minta-1976.jpg\" alt=\"\" class=\"wp-image-2794\" style=\"width:300px\"\/><\/a><figcaption class=\"wp-element-caption\">Kis r\u00e9szlet feljegyz\u00e9sei k\u00f6z\u00fcl<\/figcaption><\/figure>\n<\/div>\n\n\n<p>A Honismereti Szakk\u00f6r \u00e9s a m\u00fazeum elind\u00edt\u00e1s\u00e1val kezd\u0151d\u00f6tt meg az a munka, amely V\u00f6\u0151 Imre b\u00e1csi \u00e9let\u00e9t meghat\u00e1rozta. Gy\u0171jt\u0151 munk\u00e1ja sor\u00e1n felhalmozott hatalmas tud\u00e1sa megker\u00fclhetetlenn\u00e9 tette \u0151t, ha a falu m\u00faltj\u00e1r\u00f3l volt sz\u00f3 \u2013 di\u00e1kok, egyetemi hallgat\u00f3k \u00fajs\u00e1g\u00edr\u00f3k el\u0151sz\u00f6r hozz\u00e1 fordultak, ha a mikl\u00f3siak t\u00f6rt\u00e9net\u00e9r\u0151l \u00e9rdekl\u0151dtek.<\/p>\n\n\n\n<p>Kitart\u00f3 munk\u00e1ja meghozta gy\u00fcm\u00f6lcs\u00e9t. Folyamatos gy\u0171jt\u0151 munk\u00e1ja nem csup\u00e1n Szigetszentmikl\u00f3s sz\u00e1m\u00e1ra hozott dics\u0151s\u00e9get, a r\u00e9g\u00e9sz szakma is nagyon sokat k\u00f6sz\u00f6nhet neki. Azzal, hogy az ek\u00e9t tart\u00f3 gazd\u00e1kat figyelte \u2013 illetve nyomukban a bar\u00e1zd\u00e1t, sz\u00e1mos r\u00e9g\u00e9szeti lel\u0151helyre der\u00fclt f\u00e9ny, melyek eredm\u00e9nyeib\u0151l id\u0151nk\u00e9nt nagy m\u00fazeumok ki\u00e1ll\u00edt\u00e1sain is felbukkan egy-egy darab. Ilyen lel\u0151hely ker\u00fclt el\u0151 p\u00e9ld\u00e1ul a Fels\u0151tagban 1962-ben, ahol a r\u00e9g\u00e9szek 150 darab bronzkori urnas\u00edrt t\u00e1rtak fel, vagy az Als\u00f3buck\u00e1ban, ahol 1969-ben egy bronzkori temet\u0151t t\u00e1rtak fel \u2013 de az \u0151 figyelm\u00e9nek k\u00f6sz\u00f6nhet\u0151 az is, hogy felt\u00e1rt\u00e1k Sz\u0151ll\u0151s falu maradv\u00e1nyait 1989-ben.<\/p>\n\n\n<div class=\"wp-block-image\">\n<figure class=\"alignright size-full is-resized\"><a href=\"https:\/\/miklosimuzeum.hu\/wp-content\/uploads\/2026\/02\/46.-Voo-Imre.jpg\"><img loading=\"lazy\" decoding=\"async\" width=\"1586\" height=\"2335\" src=\"https:\/\/miklosimuzeum.hu\/wp-content\/uploads\/2026\/02\/46.-Voo-Imre.jpg\" alt=\"\" class=\"wp-image-2796\" style=\"width:300px\"\/><\/a><\/figure>\n<\/div>\n\n\n<p>A honfoglal\u00e1s el\u0151tti korok mellett megsz\u00e1llottan kutatta Szigetszentmikl\u00f3s m\u00faltj\u00e1t. Sz\u00e1mos t\u00e9m\u00e1t feldolgozott, saj\u00e1t szerkeszt\u00e9s\u0171, f\u00e9nyk\u00e9pekkel, m\u00e1solatokkal gazdagon illusztr\u00e1lt tanulm\u00e1nyokat \u00edrt, melyeket gondosan bek\u00f6t\u00f6tt. T\u00e9m\u00e1i k\u00f6z\u00e9 tartozott a falu reform\u00e1tus egyh\u00e1z\u00e1nak t\u00f6rt\u00e9nete, az oktat\u00e1s t\u00f6rt\u00e9nete, a t\u00f6r\u00f6k kor esem\u00e9nyei, de feldolgozta a faluban m\u0171k\u00f6d\u0151 egyletek, a katolikus gy\u00fclekezet \u00e9s m\u00e1s egyh\u00e1zak t\u00f6rt\u00e9net\u00e9t is. Sz\u00e1mos n\u00e9prajzi t\u00e9m\u00e1j\u00fa tanulm\u00e1nyt is k\u00e9sz\u00edtett: p\u00e9ld\u00e1ul a festett s\u00edrk\u00f6vek \u00e9s kopors\u00f3k, a f\u00f6ldrajzi nevek, a h\u00e1z\u00e9p\u00edt\u00e9s \u00e9s pince\u00e9p\u00edt\u00e9s m\u00f3djait is kutatta. Munk\u00e1inak nagy r\u00e9sz\u00e9t a Helyt\u00f6rt\u00e9neti Gy\u0171jtem\u00e9ny mellett p\u00e9ld\u00e1ul a Pest Megyei Lev\u00e9lt\u00e1r \u0151rzi.<\/p>\n\n\n\n<p>Nem csak a m\u00faltat, de a jelent is dokument\u00e1lta, Kardos Istv\u00e1nt k\u00f6vetve \u0151 maga is a falu kr\u00f3nik\u00e1s\u00e1v\u00e1 v\u00e1lt. Munk\u00e1ss\u00e1ga sor\u00e1n mintegy 11000 f\u00e9nyk\u00e9pet k\u00e9sz\u00edtett a l\u00e9legz\u0151, \u00e9l\u0151 falur\u00f3l \u2013 fot\u00f3zta az \u00e9p\u00edtkez\u00e9seket csak \u00fagy, mint a bont\u00e1sokat. Meg\u00f6r\u00f6k\u00edtette az \u00e9p\u00edtett k\u00f6rnyezetet, az emberek \u00e9let\u00e9t. F\u00e9nyk\u00e9pei egyed\u00fcl\u00e1ll\u00f3 m\u00f3don rajzolj\u00e1k meg a falu r\u00e9gi szok\u00e1sait, miel\u0151tt modern vil\u00e1gunk felem\u00e9sztette volna \u0151ket.<\/p>\n\n\n\n<p>Rengeteget \u00edrt. \u00c9rdekl\u0151d\u00e9ssel figyelte a k\u00f6r\u00fcl\u00f6tte zajl\u00f3 dolgokat, \u00e9s mindent feljegyzett. A jegyzetf\u00fczetek tartalm\u00e1t foly\u00f3 sz\u00f6vegg\u00e9 \u00e1ll\u00edtotta \u00f6ssze, kutat\u00e1saib\u00f3l cikkek, tanulm\u00e1nyok sz\u00fclettek. A k\u00f6z sz\u00e1m\u00e1ra t\u00f6rt\u00e9n\u0151 \u00edr\u00e1s a Csepel Aut\u00f3gy\u00e1r bels\u0151 \u00fajs\u00e1gj\u00e1val, a F\u00e9nysz\u00f3r\u00f3val kezd\u0151d\u00f6tt, melyr\u0151l \u0151 maga j\u00f3val k\u00e9s\u0151bb \u00edgy eml\u00e9kezett meg a nevezett lap has\u00e1bjain: \u201eEls\u0151 \u00edr\u00e1som a F\u00e9nysz\u00f3r\u00f3ban 1962 febru\u00e1rj\u00e1ban jelent meg. Abban az id\u0151ben m\u00e9g mindig megjelent az \u00fajs\u00e1gban: \u00edrd, olvasd \u00e9s terjeszd a F\u00e9nysz\u00f3r\u00f3t! No, gondoltam magamban meg\u00edrom a falu akkor \u201enagy\u201d esem\u00e9ny\u00e9t: megalakult a honismereti szakk\u00f6r. (\u2026) \u00cdr\u00e1somat bedobtam a f\u0151kapun\u00e1l lev\u0151 F\u00e9nysz\u00f3r\u00f3-l\u00e1d\u00e1ba \u2013 akkor m\u00e9g t\u00f6bb helyen voltak ilyen l\u00e1d\u00e1k elhelyezve, ahov\u00e1 a b\u00e1tortalan dolgoz\u00f3k \u00edr\u00e1saikat bedobhatt\u00e1k. Nagy meglepet\u00e9semre hamarosan k\u00f6z\u00f6lt\u00e9k \u00edr\u00e1somat.\u201d<\/p>\n\n\n<div class=\"wp-block-image\">\n<figure class=\"alignleft size-full is-resized\"><a href=\"https:\/\/miklosimuzeum.hu\/wp-content\/uploads\/2026\/02\/27.-Voo-Imre-scaled.jpg\"><img loading=\"lazy\" decoding=\"async\" width=\"2560\" height=\"1893\" src=\"https:\/\/miklosimuzeum.hu\/wp-content\/uploads\/2026\/02\/27.-Voo-Imre-scaled.jpg\" alt=\"\" class=\"wp-image-2800\" style=\"width:300px\"\/><\/a><\/figure>\n<\/div>\n\n\n<p>Ez volt a kezdet. 1986-ig, am\u00edg a Csepel Aut\u00f3gy\u00e1rban dolgozott, k\u00f6r\u00fclbel\u00fcl 1300 alkalommal jelent meg r\u00e9g\u00e9szeti, n\u00e9prajzi, helyt\u00f6rt\u00e9neti t\u00e9m\u00e1j\u00fa \u00edr\u00e1sa a F\u00e9nysz\u00f3r\u00f3ban. Sok m\u00e1s \u00fajs\u00e1gban is publik\u00e1lt, \u00edgy sokszor l\u00e1thatt\u00e1k nev\u00e9t az olvas\u00f3k a Pest Megyei H\u00edrlapt\u00f3l eg\u00e9szen a Honismeret c\u00edm\u0171 \u00fajs\u00e1gig. A Mikl\u00f3si \u00dajs\u00e1got nem is igaz\u00e1n lehet elk\u00e9pzelni az \u0151 \u00edr\u00e1sai n\u00e9lk\u00fcl \u2013 eg\u00e9szen \u00e9lete v\u00e9g\u00e9ig publik\u00e1lt a lapban, kiv\u00e9tel n\u00e9lk\u00fcl minden h\u00f3napban jelent meg \u00edr\u00e1sa.<\/p>\n\n\n<div class=\"wp-block-image\">\n<figure class=\"alignright size-full is-resized\"><a href=\"https:\/\/miklosimuzeum.hu\/wp-content\/uploads\/2026\/02\/SZHGY_AJ_F_46.0026.jpg\"><img loading=\"lazy\" decoding=\"async\" width=\"1071\" height=\"1664\" src=\"https:\/\/miklosimuzeum.hu\/wp-content\/uploads\/2026\/02\/SZHGY_AJ_F_46.0026.jpg\" alt=\"\" class=\"wp-image-2798\" style=\"width:300px\"\/><\/a><figcaption class=\"wp-element-caption\">Az \u00c1d\u00e1m Jen\u0151 Eml\u00e9kh\u00e1z megnyit\u00f3j\u00e1n \u00c1d\u00e1m Jen\u0151 t\u00e1rsas\u00e1g\u00e1ban<\/figcaption><\/figure>\n<\/div>\n\n\n<p>Kutat\u00e1sait \u00fajs\u00e1gcikkek mellett honismereti, n\u00e9prajzi p\u00e1ly\u00e1zatokon is publik\u00e1lta. P\u00e1ly\u00e1zati anyagb\u00f3l sz\u00fcletett \u201eAz egyletek m\u0171k\u00f6d\u00e9se Szigetszentmikl\u00f3son\u201d c\u00edm\u0171 k\u00f6nyve, de p\u00e1ly\u00e1zatra k\u00e9sz\u00fclt a Korm\u00f3i kr\u00f3nika is, mely kitelep\u00edt\u00e9s\u00e9nek t\u00f6rt\u00e9net\u00e9t mondja el, \u00e9s melyet csak 1990-ben vethetett pap\u00edrra.<\/p>\n\n\n\n<p>R\u00e9szt vett Szigetszentmikl\u00f3s pezsg\u0151 kultur\u00e1lis \u00e9let\u00e9ben: alap\u00edt\u00f3 tagja volt a V\u00e1rosi K\u00f3rusnak, melynek pr\u00f3b\u00e1in \u00e9s fell\u00e9p\u00e9sein nyugd\u00edjasan, betegen is r\u00e9szt vett. Orgonist\u00e1ja volt a Baptista Gy\u00fclekezetnek, a templom pinc\u00e9j\u00e9ben saj\u00e1t szorgalm\u00e1b\u00f3l egy kis helyt\u00f6rt\u00e9neti ki\u00e1ll\u00edt\u00e1st is berendezett.<\/p>\n\n\n\n<p>Munk\u00e1ja, kutat\u00e1sai nem korl\u00e1toz\u00f3dtak Szigetszentmikl\u00f3sra. A Csepel-sziget t\u00f6bb telep\u00fcl\u00e9s\u00e9n is szeretettel gondolnak az \u0151 nev\u00e9re, b\u00e1b\u00e1skodott Szigethalom helyt\u00f6rt\u00e9neti gy\u0171jtem\u00e9ny\u00e9nek l\u00e9trej\u00f6tt\u00e9n\u00e9l, de T\u00f6k\u00f6l, Sziget\u00fajfalu, \u00e9s m\u00e9g Csepel helyt\u00f6rt\u00e9neti ki\u00e1ll\u00edt\u00e1sainak l\u00e9trehoz\u00e1s\u00e1ban is seg\u00edtett.<\/p>\n\n\n\n<p>Fontos \u00e9rdeme, hogy kitart\u00f3an levelezett Szigetszentmikl\u00f3s Kossuth-d\u00edjas sz\u00fcl\u00f6tt\u00e9vel, \u00c1d\u00e1m Jen\u0151vel, \u00e9s az \u00e9vek alatt gondos munk\u00e1val kialak\u00edtott bar\u00e1ts\u00e1guk eredm\u00e9nyek\u00e9pp d\u00f6nt\u00f6tt \u00fagy az id\u0151s mester, hogy zenei hagyat\u00e9k\u00e1t sz\u00fcl\u0151faluj\u00e1nak adom\u00e1nyozza. V\u00f6\u0151 Imre \u00f6tlete \u00e9s munk\u00e1ja volt az is, hogy a tan\u00e1cs megv\u00e1s\u00e1rolta \u00c1d\u00e1m Jen\u0151 sz\u00fcl\u0151h\u00e1z\u00e1t, \u00e9s 1979-ben m\u00e9g az \u0151 jelenl\u00e9t\u00e9ben avatt\u00e1k fel eml\u00e9kh\u00e1z\u00e1t.<\/p>\n\n\n\n<p>Imre b\u00e1csi elhivatotts\u00e1ga, kitart\u00e1sa p\u00e9ldamutat\u00f3 lehet mindannyiunk sz\u00e1m\u00e1ra. Hivatalosan nem gyakorolhatta azt a hivat\u00e1st, amit sz\u00edve dikt\u00e1lt, amat\u0151r helyt\u00f6rt\u00e9n\u00e9sz lett. Az, hogy Szigetszentmikl\u00f3s Helyt\u00f6rt\u00e9neti Gy\u0171jtem\u00e9ny\u00e9nek gazdags\u00e1ga kiv\u00edvta a muzeol\u00f3gus szakma elismer\u00e9s\u00e9t, neki k\u00f6sz\u00f6nhet\u0151.<\/p>\n\n\n<style>.kadence-column2792_c9d776-6c > .kt-inside-inner-col{display:flex;}.kadence-column2792_c9d776-6c{max-width:700px;margin-left:auto;margin-right:auto;}.wp-block-kadence-column.kb-section-dir-horizontal:not(.kb-section-md-dir-vertical)>.kt-inside-inner-col>.kadence-column2792_c9d776-6c{-webkit-flex:0 1 700px;flex:0 1 700px;max-width:unset;margin-left:unset;margin-right:unset;}.kadence-column2792_c9d776-6c > .kt-inside-inner-col,.kadence-column2792_c9d776-6c > .kt-inside-inner-col:before{border-top-left-radius:0px;border-top-right-radius:0px;border-bottom-right-radius:0px;border-bottom-left-radius:0px;}.kadence-column2792_c9d776-6c > .kt-inside-inner-col{row-gap:var(--global-kb-gap-none, 0rem );column-gap:var(--global-kb-gap-sm, 1rem);}.kadence-column2792_c9d776-6c > .kt-inside-inner-col{flex-direction:column;align-items:center;}.kadence-column2792_c9d776-6c > .kt-inside-inner-col > .kb-image-is-ratio-size{align-self:stretch;}.kadence-column2792_c9d776-6c > .kt-inside-inner-col > .wp-block-kadence-advancedgallery{align-self:stretch;}.kadence-column2792_c9d776-6c > .kt-inside-inner-col > .aligncenter{width:100%;}.kadence-column2792_c9d776-6c > .kt-inside-inner-col:before{opacity:0.3;}.kadence-column2792_c9d776-6c{position:relative;}@media all and (min-width: 1025px){.wp-block-kadence-column.kb-section-dir-horizontal>.kt-inside-inner-col>.kadence-column2792_c9d776-6c{-webkit-flex:0 1 700px;flex:0 1 700px;max-width:unset;margin-left:unset;margin-right:unset;}}@media all and (max-width: 1024px){.kadence-column2792_c9d776-6c > .kt-inside-inner-col{flex-direction:column;align-items:center;}}@media all and (max-width: 767px){.wp-block-kadence-column.kb-section-sm-dir-vertical:not(.kb-section-sm-dir-horizontal):not(.kb-section-sm-dir-specificity)>.kt-inside-inner-col>.kadence-column2792_c9d776-6c{max-width:700px;-webkit-flex:1;flex:1;margin-left:auto;margin-right:auto;}.kadence-column2792_c9d776-6c > .kt-inside-inner-col{flex-direction:column;align-items:center;}}<\/style>\n<div class=\"wp-block-kadence-column kadence-column2792_c9d776-6c\"><div class=\"kt-inside-inner-col\">\n<pre class=\"wp-block-verse\"><strong>Az el\u0151terjeszt\u0151k p\u00e1lyamunk\u00e1ja<\/strong><br>\u00c9rkezett a 2025-\u00f6s \u00c9rt\u00e9keink Nyom\u00e1ban c\u00edm\u0171 p\u00e1ly\u00e1zatra<\/pre>\n<\/div><\/div>\n\n\n<style>.kadence-column2792_9e642b-62{max-width:700px;margin-left:auto;margin-right:auto;}.wp-block-kadence-column.kb-section-dir-horizontal:not(.kb-section-md-dir-vertical)>.kt-inside-inner-col>.kadence-column2792_9e642b-62{-webkit-flex:0 1 700px;flex:0 1 700px;max-width:unset;margin-left:unset;margin-right:unset;}.kadence-column2792_9e642b-62 > .kt-inside-inner-col,.kadence-column2792_9e642b-62 > .kt-inside-inner-col:before{border-top-left-radius:0px;border-top-right-radius:0px;border-bottom-right-radius:0px;border-bottom-left-radius:0px;}.kadence-column2792_9e642b-62 > .kt-inside-inner-col{column-gap:var(--global-kb-gap-sm, 1rem);}.kadence-column2792_9e642b-62 > .kt-inside-inner-col{flex-direction:column;}.kadence-column2792_9e642b-62 > .kt-inside-inner-col > .aligncenter{width:100%;}.kadence-column2792_9e642b-62 > .kt-inside-inner-col:before{opacity:0.3;}.kadence-column2792_9e642b-62{position:relative;}@media all and (min-width: 1025px){.wp-block-kadence-column.kb-section-dir-horizontal>.kt-inside-inner-col>.kadence-column2792_9e642b-62{-webkit-flex:0 1 700px;flex:0 1 700px;max-width:unset;margin-left:unset;margin-right:unset;}}@media all and (max-width: 1024px){.kadence-column2792_9e642b-62 > .kt-inside-inner-col{flex-direction:column;}}@media all and (max-width: 767px){.wp-block-kadence-column.kb-section-sm-dir-vertical:not(.kb-section-sm-dir-horizontal):not(.kb-section-sm-dir-specificity)>.kt-inside-inner-col>.kadence-column2792_9e642b-62{max-width:700px;-webkit-flex:1;flex:1;margin-left:auto;margin-right:auto;}.kadence-column2792_9e642b-62 > .kt-inside-inner-col{flex-direction:column;}}<\/style>\n<div class=\"wp-block-kadence-column kadence-column2792_9e642b-62\"><div class=\"kt-inside-inner-col\">\n<div data-wp-interactive=\"core\/file\" class=\"wp-block-file\"><object data-wp-bind--hidden=\"!state.hasPdfPreview\" hidden class=\"wp-block-file__embed\" data=\"https:\/\/miklosimuzeum.hu\/wp-content\/uploads\/2026\/02\/13-Voo-Imre.pdf\" type=\"application\/pdf\" style=\"width:100%;height:600px\" aria-label=\"Embed of 13-Vo\u0308o\u030b Imre.\"><\/object><a id=\"wp-block-file--media-91dae15d-35a2-4b43-97cc-f9d743bd6b18\" href=\"https:\/\/miklosimuzeum.hu\/wp-content\/uploads\/2026\/02\/13-Voo-Imre.pdf\">13-Vo\u0308o\u030b Imre<\/a><a href=\"https:\/\/miklosimuzeum.hu\/wp-content\/uploads\/2026\/02\/13-Voo-Imre.pdf\" class=\"wp-block-file__button wp-element-button\" download aria-describedby=\"wp-block-file--media-91dae15d-35a2-4b43-97cc-f9d743bd6b18\">Let\u00f6lt\u00e9s<\/a><\/div>\n<\/div><\/div>","protected":false},"excerpt":{"rendered":"<p>\u00c9rt\u00e9kt\u00e1rba val\u00f3 felv\u00e9tel d\u00e1tuma: 2025.Felterjeszt\u0151k: Kasterski L\u00e9na, Karczagi-Farkas No\u00e9mi0. \u00e9vf., Kardos Istv\u00e1n \u00c1ltal\u00e1nos Iskola \u00e9s Gimn\u00e1zium V\u00f6\u0151 Imre Szigetszentmikl\u00f3s kr\u00f3nik\u00e1sak\u00e9nt vonult be a telep\u00fcl\u00e9s kollekt\u00edv eml\u00e9kezet\u00e9be. P\u00e1lyafut\u00e1sa sor\u00e1n aut\u00f3gy\u00e1ri munk\u00e1ja mellett val\u00f3di szenved\u00e9llyel gy\u0171jt\u00f6tte, kutatta \u00e9s jegyezte v\u00e1lasztott otthona, Szigetszentmikl\u00f3s m\u00faltj\u00e1t \u00e9s jelen\u00e9t, melynek k\u00f6sz\u00f6nhet\u0151en tov\u00e1bb \u00e9l a falub\u00f3l v\u00e1ross\u00e1 lett telep\u00fcl\u00e9s m\u00faltja. Hercegsz\u00e1nt\u00f3n sz\u00fcletett [&hellip;]<\/p>","protected":false},"author":1,"featured_media":2810,"comment_status":"closed","ping_status":"open","sticky":false,"template":"","format":"standard","meta":{"ub_ctt_via":"","ocean_post_layout":"","ocean_both_sidebars_style":"","ocean_both_sidebars_content_width":0,"ocean_both_sidebars_sidebars_width":0,"ocean_sidebar":"","ocean_second_sidebar":"","ocean_disable_margins":"enable","ocean_add_body_class":"","ocean_shortcode_before_top_bar":"","ocean_shortcode_after_top_bar":"","ocean_shortcode_before_header":"","ocean_shortcode_after_header":"","ocean_has_shortcode":"","ocean_shortcode_after_title":"","ocean_shortcode_before_footer_widgets":"","ocean_shortcode_after_footer_widgets":"","ocean_shortcode_before_footer_bottom":"","ocean_shortcode_after_footer_bottom":"","ocean_display_top_bar":"default","ocean_display_header":"default","ocean_header_style":"","ocean_center_header_left_menu":"","ocean_custom_header_template":"","ocean_custom_logo":0,"ocean_custom_retina_logo":0,"ocean_custom_logo_max_width":0,"ocean_custom_logo_tablet_max_width":0,"ocean_custom_logo_mobile_max_width":0,"ocean_custom_logo_max_height":0,"ocean_custom_logo_tablet_max_height":0,"ocean_custom_logo_mobile_max_height":0,"ocean_header_custom_menu":"","ocean_menu_typo_font_family":"","ocean_menu_typo_font_subset":"","ocean_menu_typo_font_size":0,"ocean_menu_typo_font_size_tablet":0,"ocean_menu_typo_font_size_mobile":0,"ocean_menu_typo_font_size_unit":"px","ocean_menu_typo_font_weight":"","ocean_menu_typo_font_weight_tablet":"","ocean_menu_typo_font_weight_mobile":"","ocean_menu_typo_transform":"","ocean_menu_typo_transform_tablet":"","ocean_menu_typo_transform_mobile":"","ocean_menu_typo_line_height":0,"ocean_menu_typo_line_height_tablet":0,"ocean_menu_typo_line_height_mobile":0,"ocean_menu_typo_line_height_unit":"","ocean_menu_typo_spacing":0,"ocean_menu_typo_spacing_tablet":0,"ocean_menu_typo_spacing_mobile":0,"ocean_menu_typo_spacing_unit":"","ocean_menu_link_color":"","ocean_menu_link_color_hover":"","ocean_menu_link_color_active":"","ocean_menu_link_background":"","ocean_menu_link_hover_background":"","ocean_menu_link_active_background":"","ocean_menu_social_links_bg":"","ocean_menu_social_hover_links_bg":"","ocean_menu_social_links_color":"","ocean_menu_social_hover_links_color":"","ocean_disable_title":"default","ocean_disable_heading":"default","ocean_post_title":"","ocean_post_subheading":"","ocean_post_title_style":"","ocean_post_title_background_color":"","ocean_post_title_background":0,"ocean_post_title_bg_image_position":"","ocean_post_title_bg_image_attachment":"","ocean_post_title_bg_image_repeat":"","ocean_post_title_bg_image_size":"","ocean_post_title_height":0,"ocean_post_title_bg_overlay":0.5,"ocean_post_title_bg_overlay_color":"","ocean_disable_breadcrumbs":"default","ocean_breadcrumbs_color":"","ocean_breadcrumbs_separator_color":"","ocean_breadcrumbs_links_color":"","ocean_breadcrumbs_links_hover_color":"","ocean_display_footer_widgets":"default","ocean_display_footer_bottom":"default","ocean_custom_footer_template":"","ocean_post_oembed":"","ocean_post_self_hosted_media":"","ocean_post_video_embed":"","ocean_link_format":"","ocean_link_format_target":"self","ocean_quote_format":"","ocean_quote_format_link":"post","ocean_gallery_link_images":"on","ocean_gallery_id":[],"footnotes":""},"categories":[165],"tags":[167],"class_list":["post-2792","post","type-post","status-publish","format-standard","has-post-thumbnail","hentry","category-ertektar","tag-telepulesi-ertektar","entry","has-media"],"featured_image_src":"https:\/\/miklosimuzeum.hu\/wp-content\/uploads\/2026\/02\/13-cover.jpg","author_info":{"display_name":"Miss N\u00e1ndor","author_link":"https:\/\/miklosimuzeum.hu\/en\/author\/admin\/"},"rttpg_featured_image_url":{"full":["https:\/\/miklosimuzeum.hu\/wp-content\/uploads\/2026\/02\/13-cover.jpg",600,600,false],"landscape":["https:\/\/miklosimuzeum.hu\/wp-content\/uploads\/2026\/02\/13-cover.jpg",600,600,false],"portraits":["https:\/\/miklosimuzeum.hu\/wp-content\/uploads\/2026\/02\/13-cover.jpg",600,600,false],"thumbnail":["https:\/\/miklosimuzeum.hu\/wp-content\/uploads\/2026\/02\/13-cover-150x150.jpg",150,150,true],"medium":["https:\/\/miklosimuzeum.hu\/wp-content\/uploads\/2026\/02\/13-cover-300x300.jpg",300,300,true],"large":["https:\/\/miklosimuzeum.hu\/wp-content\/uploads\/2026\/02\/13-cover.jpg",600,600,false],"1536x1536":["https:\/\/miklosimuzeum.hu\/wp-content\/uploads\/2026\/02\/13-cover.jpg",600,600,false],"2048x2048":["https:\/\/miklosimuzeum.hu\/wp-content\/uploads\/2026\/02\/13-cover.jpg",600,600,false],"trp-custom-language-flag":["https:\/\/miklosimuzeum.hu\/wp-content\/uploads\/2026\/02\/13-cover-12x12.jpg",12,12,true],"ocean-thumb-m":["https:\/\/miklosimuzeum.hu\/wp-content\/uploads\/2026\/02\/13-cover.jpg",600,600,false],"ocean-thumb-ml":["https:\/\/miklosimuzeum.hu\/wp-content\/uploads\/2026\/02\/13-cover-600x450.jpg",600,450,true],"ocean-thumb-l":["https:\/\/miklosimuzeum.hu\/wp-content\/uploads\/2026\/02\/13-cover.jpg",600,600,false]},"rttpg_author":{"display_name":"Miss N\u00e1ndor","author_link":"https:\/\/miklosimuzeum.hu\/en\/author\/admin\/"},"rttpg_comment":0,"rttpg_category":"<a href=\"https:\/\/miklosimuzeum.hu\/en\/category\/ertektar\/\" rel=\"category tag\">\u00c9rt\u00e9kt\u00e1r<\/a>","rttpg_excerpt":"\u00c9rt\u00e9kt\u00e1rba val\u00f3 felv\u00e9tel d\u00e1tuma: 2025.Felterjeszt\u0151k: Kasterski L\u00e9na, Karczagi-Farkas No\u00e9mi0. \u00e9vf., Kardos Istv\u00e1n \u00c1ltal\u00e1nos Iskola \u00e9s Gimn\u00e1zium V\u00f6\u0151 Imre Szigetszentmikl\u00f3s kr\u00f3nik\u00e1sak\u00e9nt vonult be a telep\u00fcl\u00e9s kollekt\u00edv eml\u00e9kezet\u00e9be. P\u00e1lyafut\u00e1sa sor\u00e1n aut\u00f3gy\u00e1ri munk\u00e1ja mellett val\u00f3di szenved\u00e9llyel gy\u0171jt\u00f6tte, kutatta \u00e9s jegyezte v\u00e1lasztott otthona, Szigetszentmikl\u00f3s m\u00faltj\u00e1t \u00e9s jelen\u00e9t, melynek k\u00f6sz\u00f6nhet\u0151en tov\u00e1bb \u00e9l a falub\u00f3l v\u00e1ross\u00e1 lett telep\u00fcl\u00e9s m\u00faltja. Hercegsz\u00e1nt\u00f3n sz\u00fcletett&hellip;","_links":{"self":[{"href":"https:\/\/miklosimuzeum.hu\/en\/wp-json\/wp\/v2\/posts\/2792","targetHints":{"allow":["GET"]}}],"collection":[{"href":"https:\/\/miklosimuzeum.hu\/en\/wp-json\/wp\/v2\/posts"}],"about":[{"href":"https:\/\/miklosimuzeum.hu\/en\/wp-json\/wp\/v2\/types\/post"}],"author":[{"embeddable":true,"href":"https:\/\/miklosimuzeum.hu\/en\/wp-json\/wp\/v2\/users\/1"}],"replies":[{"embeddable":true,"href":"https:\/\/miklosimuzeum.hu\/en\/wp-json\/wp\/v2\/comments?post=2792"}],"version-history":[{"count":1,"href":"https:\/\/miklosimuzeum.hu\/en\/wp-json\/wp\/v2\/posts\/2792\/revisions"}],"predecessor-version":[{"id":2801,"href":"https:\/\/miklosimuzeum.hu\/en\/wp-json\/wp\/v2\/posts\/2792\/revisions\/2801"}],"wp:featuredmedia":[{"embeddable":true,"href":"https:\/\/miklosimuzeum.hu\/en\/wp-json\/wp\/v2\/media\/2810"}],"wp:attachment":[{"href":"https:\/\/miklosimuzeum.hu\/en\/wp-json\/wp\/v2\/media?parent=2792"}],"wp:term":[{"taxonomy":"category","embeddable":true,"href":"https:\/\/miklosimuzeum.hu\/en\/wp-json\/wp\/v2\/categories?post=2792"},{"taxonomy":"post_tag","embeddable":true,"href":"https:\/\/miklosimuzeum.hu\/en\/wp-json\/wp\/v2\/tags?post=2792"}],"curies":[{"name":"wp","href":"https:\/\/api.w.org\/{rel}","templated":true}]}}