{"id":2787,"date":"2026-02-09T16:23:50","date_gmt":"2026-02-09T16:23:50","guid":{"rendered":"https:\/\/miklosimuzeum.hu\/?p=2787"},"modified":"2026-02-10T16:49:57","modified_gmt":"2026-02-10T16:49:57","slug":"a-molnar-imre-citeragyujtemeny","status":"publish","type":"post","link":"https:\/\/miklosimuzeum.hu\/en\/2026\/02\/09\/a-molnar-imre-citeragyujtemeny\/","title":{"rendered":"A Moln\u00e1r Imre Citeragy\u0171jtem\u00e9ny"},"content":{"rendered":"<style>.kadence-column2787_b3fbd9-48 > .kt-inside-inner-col{display:flex;}.kadence-column2787_b3fbd9-48{max-width:700px;margin-left:auto;margin-right:auto;}.wp-block-kadence-column.kb-section-dir-horizontal:not(.kb-section-md-dir-vertical)>.kt-inside-inner-col>.kadence-column2787_b3fbd9-48{-webkit-flex:0 1 700px;flex:0 1 700px;max-width:unset;margin-left:unset;margin-right:unset;}.kadence-column2787_b3fbd9-48 > .kt-inside-inner-col,.kadence-column2787_b3fbd9-48 > .kt-inside-inner-col:before{border-top-left-radius:0px;border-top-right-radius:0px;border-bottom-right-radius:0px;border-bottom-left-radius:0px;}.kadence-column2787_b3fbd9-48 > .kt-inside-inner-col{row-gap:var(--global-kb-gap-none, 0rem );column-gap:var(--global-kb-gap-sm, 1rem);}.kadence-column2787_b3fbd9-48 > .kt-inside-inner-col{flex-direction:column;align-items:center;}.kadence-column2787_b3fbd9-48 > .kt-inside-inner-col > .kb-image-is-ratio-size{align-self:stretch;}.kadence-column2787_b3fbd9-48 > .kt-inside-inner-col > .wp-block-kadence-advancedgallery{align-self:stretch;}.kadence-column2787_b3fbd9-48 > .kt-inside-inner-col > .aligncenter{width:100%;}.kadence-column2787_b3fbd9-48 > .kt-inside-inner-col:before{opacity:0.3;}.kadence-column2787_b3fbd9-48{position:relative;}@media all and (min-width: 1025px){.wp-block-kadence-column.kb-section-dir-horizontal>.kt-inside-inner-col>.kadence-column2787_b3fbd9-48{-webkit-flex:0 1 700px;flex:0 1 700px;max-width:unset;margin-left:unset;margin-right:unset;}}@media all and (max-width: 1024px){.kadence-column2787_b3fbd9-48 > .kt-inside-inner-col{flex-direction:column;align-items:center;}}@media all and (max-width: 767px){.wp-block-kadence-column.kb-section-sm-dir-vertical:not(.kb-section-sm-dir-horizontal):not(.kb-section-sm-dir-specificity)>.kt-inside-inner-col>.kadence-column2787_b3fbd9-48{max-width:700px;-webkit-flex:1;flex:1;margin-left:auto;margin-right:auto;}.kadence-column2787_b3fbd9-48 > .kt-inside-inner-col{flex-direction:column;align-items:center;}}<\/style>\n<div class=\"wp-block-kadence-column kadence-column2787_b3fbd9-48\"><div class=\"kt-inside-inner-col\">\n<pre class=\"wp-block-verse\"><strong>\u00c9rt\u00e9kt\u00e1rba val\u00f3 felv\u00e9tel d\u00e1tuma:<\/strong> 2025.<br><strong>Felterjeszt\u0151k: <\/strong>Lakatos El\u0151d, Lakatos Barnab\u00e1s, Riesz Levente<br>9. \u00e9vf., Kardos Istv\u00e1n \u00c1ltal\u00e1nos Iskola \u00e9s Gimn\u00e1zium<\/pre>\n<\/div><\/div>\n\n\n<div class=\"wp-block-image\">\n<figure class=\"alignleft size-full is-resized\"><a href=\"https:\/\/miklosimuzeum.hu\/wp-content\/uploads\/2026\/02\/MolnarImre.jpg\"><img fetchpriority=\"high\" decoding=\"async\" width=\"1430\" height=\"1957\" src=\"https:\/\/miklosimuzeum.hu\/wp-content\/uploads\/2026\/02\/MolnarImre.jpg\" alt=\"\" class=\"wp-image-2788\" style=\"width:200px\"\/><\/a><figcaption class=\"wp-element-caption\">Moln\u00e1r Imre<\/figcaption><\/figure>\n<\/div>\n\n\n<p>Moln\u00e1r Imre \u00e9let\u00e9ben a citera kiemelked\u0151 szerepet j\u00e1tszott: p\u00e1lyafut\u00e1s\u00e1nak jelent\u0151s r\u00e9sz\u00e9t a hangszer k\u00e9sz\u00edt\u00e9se, megsz\u00f3laltat\u00e1sa \u00e9s alapos megismer\u00e9se hat\u00e1rozta meg. A citera magyar n\u00e9pi penget\u0151s hangszer, hossz\u00fak\u00e1s, f\u00e1b\u00f3l k\u00e9sz\u00fclt testtel, amelyen kifesz\u00edtett h\u00farok sz\u00f3lalnak meg. Eredete feltehet\u0151en K\u00f6z\u00e9p-\u00c1zsi\u00e1ba vagy az \u00f3kori keleti kult\u00far\u00e1k \u2013 p\u00e9ld\u00e1ul Mezopot\u00e1mia \u2013 hangszerk\u00e9sz\u00edt\u00e9si hagyom\u00e1nyaihoz vezethet\u0151 vissza, \u00e9s a magyarok v\u00e1ndorl\u00e1saik sor\u00e1n hozhatt\u00e1k magukkal Eur\u00f3p\u00e1ba. Mai form\u00e1ja azonban Magyarorsz\u00e1gon alakult ki, ez\u00e9rt joggal tekinthet\u0151 igazi magyar n\u00e9pi hangszernek.<\/p>\n\n\n\n<p>A legkor\u00e1bbi citeraf\u00e9l\u00e9k a 16\u201317. sz\u00e1zadb\u00f3l ismertek, de a hangszer sz\u00e9les k\u00f6r\u0171 elterjed\u00e9se a 19\u201320. sz\u00e1zadban t\u00f6rt\u00e9nt meg, els\u0151sorban a falusi k\u00f6z\u00f6ss\u00e9gekben. P\u00e1sztorok, parasztok \u00e9s n\u00e9pzen\u00e9szek haszn\u00e1lt\u00e1k, mivel egyszer\u0171en elk\u00e9sz\u00edthet\u0151 volt, \u00e9s viszonylag k\u00f6nnyen el lehetett saj\u00e1t\u00edtani a rajta val\u00f3 j\u00e1t\u00e9kot. A citera \u00edgy \u0151si gy\u00f6kerekkel rendelkez\u0151 hangszer, amelyet a magyar n\u00e9pi kult\u00fara form\u00e1lt olyann\u00e1, amilyennek ma ismerj\u00fck. Sz\u00e1mos t\u00edpusa alakult ki, t\u00f6bbek k\u00f6z\u00f6tt a st\u00e1jer citera, a dun\u00e1nt\u00fali hasas citera, az alf\u00f6ldi k\u00f6ly\u00f6kfejes citera \u00e9s a v\u00e1ly\u00fa citera. Moln\u00e1r Imre maga is k\u00eds\u00e9rletezett \u00faj form\u00e1kkal, p\u00e9ld\u00e1ul elektromos citera k\u00e9sz\u00edt\u00e9s\u00e9vel.<\/p>\n\n\n<div class=\"wp-block-image\">\n<figure class=\"alignright size-full is-resized\"><a href=\"https:\/\/miklosimuzeum.hu\/wp-content\/uploads\/2026\/02\/18.-Molnar-Imre-citerakszito-citerai-aug.20-scaled.jpg\"><img decoding=\"async\" width=\"1657\" height=\"2560\" src=\"https:\/\/miklosimuzeum.hu\/wp-content\/uploads\/2026\/02\/18.-Molnar-Imre-citerakszito-citerai-aug.20-scaled.jpg\" alt=\"\" class=\"wp-image-2789\" style=\"width:300px\"\/><\/a><\/figure>\n<\/div>\n\n\n<p>Moln\u00e1r Imre 1921-ben sz\u00fcletett S\u00e1rr\u00e9tudvariban. \u00c9desapja citer\u00e1kat k\u00e9sz\u00edtett, \u00e9s kiv\u00e1l\u00f3an j\u00e1tszott is rajtuk, \u00edgy m\u00e1r gyerekkor\u00e1ban megszerette e n\u00e9pi hangszert. A kor saj\u00e1toss\u00e1gai miatt a hangszerk\u00e9sz\u00edt\u00e9s nem ny\u00fajthatott sz\u00e1m\u00e1ra meg\u00e9lhet\u00e9st. M\u00e9rn\u00f6ki v\u00e9gzetts\u00e9g\u00e9t kamatoztatva a Csepel Aut\u00f3gy\u00e1rban dolgozott f\u0151m\u0171vezet\u0151k\u00e9nt, ahol prec\u00edz \u00e9s felel\u0151ss\u00e9gteljes munk\u00e1t v\u00e9gzett, mik\u00f6zben v\u00e9gig megmaradt \u00e9rdekl\u0151d\u00e9se a zene \u00e9s a k\u00e9zm\u0171vess\u00e9g ir\u00e1nt. Az 1960-as \u00e9vekben tal\u00e1lkozott Budai S\u00e1ndorral, a \u201eN\u00e9pm\u0171v\u00e9szet mester\u00e9vel\u201d, aki arra biztatta, hogy t\u00e9rjen vissza r\u00e9gi szenved\u00e9ly\u00e9hez, a citerak\u00e9sz\u00edt\u00e9shez.<\/p>\n\n\n\n<p>Ezt k\u00f6vet\u0151en Moln\u00e1r Imre \u00fajra citer\u00e1kat kezdett k\u00e9sz\u00edteni saj\u00e1t, kis h\u00e1zi m\u0171hely\u00e9ben, ahol szabadidej\u00e9ben nagy odaad\u00e1ssal dolgozott minden egyes hangszeren. Nemcsak k\u00e9sz\u00edtette, hanem gy\u0171jt\u00f6tte is a r\u00e9gi \u00e9s az \u00faj citer\u00e1kat, mert fontosnak tartotta a hangszer t\u00f6rt\u00e9net\u00e9nek \u00e9s fejl\u0151d\u00e9s\u00e9nek meg\u0151rz\u00e9s\u00e9t. Gy\u0171jt\u0151munk\u00e1ja nem korl\u00e1toz\u00f3dott Magyarorsz\u00e1gra: a vil\u00e1g sz\u00e1mos orsz\u00e1g\u00e1ban j\u00e1rt, t\u00f6bbek k\u00f6z\u00f6tt Jap\u00e1nban, az Egyes\u00fclt \u00c1llamokban, Kanad\u00e1ban \u00e9s Ausztri\u00e1ban. Hangszerbemutat\u00f3kon Eur\u00f3pa tizenegy orsz\u00e1g\u00e1ban ismertette meg a citer\u00e1t, \u00e9s ezzel nemcsak saj\u00e1t munk\u00e1ss\u00e1g\u00e1nak, hanem a magyar hangszerk\u00e9sz\u00edt\u00e9snek is nemzetk\u00f6zi elismerts\u00e9get szerzett. Ezeken az alkalmakon gyakran mutatta be kedvelt hangszert\u00edpusait, p\u00e9ld\u00e1ul a dun\u00e1nt\u00fali citer\u00e1t.<\/p>\n\n\n\n<p>A dun\u00e1nt\u00fali citera \u2013 m\u00e1s n\u00e9ven hasas citera \u2013 Magyarorsz\u00e1g legelterjedtebb \u00e9s legismertebb citerafajt\u00e1ja. Nev\u00e9t enyh\u00e9n dombor\u00fa, \u201ehasas\u201d testform\u00e1j\u00e1r\u00f3l kapta, amely nemcsak eszt\u00e9tikai saj\u00e1toss\u00e1g, hanem a hangszer hangz\u00e1s\u00e1t is meghat\u00e1rozza. A dombor\u00fa test gazdagabb, m\u00e9lyebb \u00e9s teltebb rezonanci\u00e1t biztos\u00edt, \u00edgy hangja zeng\u0151, meleg \u00e9s kifejez\u0151. Leggyakrabban k\u00eds\u00e9r\u0151hangszerk\u00e9nt haszn\u00e1lj\u00e1k n\u00e9pdalok, t\u00e1nch\u00e1zak \u00e9s falusi mulats\u00e1gok sor\u00e1n, de egyszer\u0171 dallamok sz\u00f3l\u00f3 megsz\u00f3laltat\u00e1s\u00e1ra is alkalmas. Tradicion\u00e1lis form\u00e1ja \u00e9s hangz\u00e1sa r\u00e9v\u00e9n a magyar n\u00e9pzene egyik jellegzetes \u00e9s n\u00e9lk\u00fcl\u00f6zhetetlen hangszer\u00e9v\u00e9 v\u00e1lt.<\/p>\n\n\n<div class=\"wp-block-image\">\n<figure class=\"aligncenter size-full is-resized\"><a href=\"https:\/\/miklosimuzeum.hu\/wp-content\/uploads\/2026\/02\/VKK_0675-\u2013-nagy.jpeg\"><img decoding=\"async\" width=\"1280\" height=\"853\" src=\"https:\/\/miklosimuzeum.hu\/wp-content\/uploads\/2026\/02\/VKK_0675-\u2013-nagy.jpeg\" alt=\"\" class=\"wp-image-2790\" style=\"width:400px\"\/><\/a><\/figure>\n<\/div>\n\n\n<p>Moln\u00e1r Imre kiterjedt citeragy\u0171jtem\u00e9ny\u00e9t m\u00e1r a 90-es \u00e9vekben is ki\u00e1ll\u00edtotta Szigetszentmikl\u00f3son. Gy\u0171jtem\u00e9ny\u00e9nek nagy r\u00e9sz\u00e9t a v\u00e1rosra hagyta, \u00e9s a t\u00f6bb mint \u00f6tven darabos kollekci\u00f3 m\u00e1ig a szigetszentmikl\u00f3si V\u00e1rosi K\u00f6nyvt\u00e1r \u00e9s K\u00f6z\u00f6ss\u00e9gi H\u00e1zban tekinthet\u0151 meg. Moln\u00e1r Imre c\u00e9lja az volt, hogy a citera \u00e9l\u0151 hangszer maradjon a mindennapokban, ez\u00e9rt szorgalmazta az oktat\u00e1sba val\u00f3 bevon\u00e1s\u00e1t is. Munk\u00e1j\u00e1nak k\u00f6sz\u00f6nhet\u0151, hogy v\u00e1rosunkban a mai napig nagy hagyom\u00e1nya van a citeraoktat\u00e1snak, a zen\u00e9lni v\u00e1gy\u00f3 gyerekek k\u00f6z\u00f6tt most is n\u00e9pszer\u0171 az \u00c1d\u00e1m Jen\u0151 \u00c1ltal\u00e1nos Iskola \u00e9s AMI citeraoktat\u00e1sa, de van lehet\u0151s\u00e9g a hangszeren j\u00e1tszani a Kardos Istv\u00e1n \u00c1ltal\u00e1nos Iskola \u00e9s Gimn\u00e1ziumban is.<\/p>\n\n\n\n<p>Moln\u00e1r Imre eg\u00e9sz \u00e9let\u00e9t a citera szeretet\u00e9nek, meg\u0151rz\u00e9s\u00e9nek \u00e9s tov\u00e1bbad\u00e1s\u00e1nak szentelte. K\u00e9sz\u00edt\u0151munk\u00e1j\u00e1val, gy\u0171jt\u0151tev\u00e9kenys\u00e9g\u00e9vel \u00e9s az ifj\u00fas\u00e1g zenei nevel\u00e9s\u00e9nek t\u00e1mogat\u00e1s\u00e1val hozz\u00e1j\u00e1rult ahhoz, hogy ez a k\u00fcl\u00f6nleges magyar hangszer ne mer\u00fclj\u00f6n feled\u00e9sbe, hanem tov\u00e1bb \u00e9ljen a k\u00f6vetkez\u0151 nemzed\u00e9kek zen\u00e9j\u00e9ben \u00e9s mindennapjaiban, gazdag\u00edtva a magyar n\u00e9pi kult\u00far\u00e1t \u00e9s hagyom\u00e1nyt.<\/p>\n\n\n\n<div class=\"wp-block-buttons is-content-justification-center is-layout-flex wp-container-core-buttons-is-layout-16018d1d wp-block-buttons-is-layout-flex\">\n<div class=\"wp-block-button\"><a class=\"wp-block-button__link wp-element-button\" href=\"https:\/\/miklosimuzeum.hu\/en\/molnar-imre-citeragyujtemeny\/\">A Citeragy\u0171jtem\u00e9nyr\u0151l<\/a><\/div>\n<\/div>\n\n\n<style>.kadence-column2787_059bbf-a3 > .kt-inside-inner-col{display:flex;}.kadence-column2787_059bbf-a3{max-width:700px;margin-left:auto;margin-right:auto;}.wp-block-kadence-column.kb-section-dir-horizontal:not(.kb-section-md-dir-vertical)>.kt-inside-inner-col>.kadence-column2787_059bbf-a3{-webkit-flex:0 1 700px;flex:0 1 700px;max-width:unset;margin-left:unset;margin-right:unset;}.kadence-column2787_059bbf-a3 > .kt-inside-inner-col,.kadence-column2787_059bbf-a3 > .kt-inside-inner-col:before{border-top-left-radius:0px;border-top-right-radius:0px;border-bottom-right-radius:0px;border-bottom-left-radius:0px;}.kadence-column2787_059bbf-a3 > .kt-inside-inner-col{row-gap:var(--global-kb-gap-none, 0rem );column-gap:var(--global-kb-gap-sm, 1rem);}.kadence-column2787_059bbf-a3 > .kt-inside-inner-col{flex-direction:column;align-items:center;}.kadence-column2787_059bbf-a3 > .kt-inside-inner-col > .kb-image-is-ratio-size{align-self:stretch;}.kadence-column2787_059bbf-a3 > .kt-inside-inner-col > .wp-block-kadence-advancedgallery{align-self:stretch;}.kadence-column2787_059bbf-a3 > .kt-inside-inner-col > .aligncenter{width:100%;}.kadence-column2787_059bbf-a3 > .kt-inside-inner-col:before{opacity:0.3;}.kadence-column2787_059bbf-a3{position:relative;}@media all and (min-width: 1025px){.wp-block-kadence-column.kb-section-dir-horizontal>.kt-inside-inner-col>.kadence-column2787_059bbf-a3{-webkit-flex:0 1 700px;flex:0 1 700px;max-width:unset;margin-left:unset;margin-right:unset;}}@media all and (max-width: 1024px){.kadence-column2787_059bbf-a3 > .kt-inside-inner-col{flex-direction:column;align-items:center;}}@media all and (max-width: 767px){.wp-block-kadence-column.kb-section-sm-dir-vertical:not(.kb-section-sm-dir-horizontal):not(.kb-section-sm-dir-specificity)>.kt-inside-inner-col>.kadence-column2787_059bbf-a3{max-width:700px;-webkit-flex:1;flex:1;margin-left:auto;margin-right:auto;}.kadence-column2787_059bbf-a3 > .kt-inside-inner-col{flex-direction:column;align-items:center;}}<\/style>\n<div class=\"wp-block-kadence-column kadence-column2787_059bbf-a3\"><div class=\"kt-inside-inner-col\">\n<pre class=\"wp-block-verse\"><strong>Az el\u0151terjeszt\u0151k p\u00e1lyamunk\u00e1ja<\/strong><br>\u00c9rkezett a 2025-\u00f6s \u00c9rt\u00e9keink Nyom\u00e1ban c\u00edm\u0171 p\u00e1ly\u00e1zatra<\/pre>\n<\/div><\/div>\n\n\n\n<figure class=\"wp-block-embed is-type-video is-provider-youtube wp-block-embed-youtube wp-embed-aspect-16-9 wp-has-aspect-ratio\"><div class=\"wp-block-embed__wrapper\">\n<p class=\"responsive-video-wrap clr\"><iframe title=\"\u00c9rt\u00e9keink Nyom\u00e1ban p\u00e1ly\u00e1zat: A Moln\u00e1r Imre Citeragy\u0171jtem\u00e9ny\" width=\"1200\" height=\"675\" src=\"https:\/\/www.youtube.com\/embed\/ugr_TXzNMvk?feature=oembed\" frameborder=\"0\" allow=\"accelerometer; autoplay; clipboard-write; encrypted-media; gyroscope; picture-in-picture; web-share\" referrerpolicy=\"strict-origin-when-cross-origin\" allowfullscreen><\/iframe><\/p>\n<\/div><\/figure>","protected":false},"excerpt":{"rendered":"<p>\u00c9rt\u00e9kt\u00e1rba val\u00f3 felv\u00e9tel d\u00e1tuma: 2025.Felterjeszt\u0151k: Lakatos El\u0151d, Lakatos Barnab\u00e1s, Riesz Levente9. \u00e9vf., Kardos Istv\u00e1n \u00c1ltal\u00e1nos Iskola \u00e9s Gimn\u00e1zium Moln\u00e1r Imre \u00e9let\u00e9ben a citera kiemelked\u0151 szerepet j\u00e1tszott: p\u00e1lyafut\u00e1s\u00e1nak jelent\u0151s r\u00e9sz\u00e9t a hangszer k\u00e9sz\u00edt\u00e9se, megsz\u00f3laltat\u00e1sa \u00e9s alapos megismer\u00e9se hat\u00e1rozta meg. A citera magyar n\u00e9pi penget\u0151s hangszer, hossz\u00fak\u00e1s, f\u00e1b\u00f3l k\u00e9sz\u00fclt testtel, amelyen kifesz\u00edtett h\u00farok sz\u00f3lalnak meg. Eredete feltehet\u0151en [&hellip;]<\/p>","protected":false},"author":1,"featured_media":2811,"comment_status":"closed","ping_status":"open","sticky":false,"template":"","format":"standard","meta":{"ub_ctt_via":"","ocean_post_layout":"","ocean_both_sidebars_style":"","ocean_both_sidebars_content_width":0,"ocean_both_sidebars_sidebars_width":0,"ocean_sidebar":"","ocean_second_sidebar":"","ocean_disable_margins":"enable","ocean_add_body_class":"","ocean_shortcode_before_top_bar":"","ocean_shortcode_after_top_bar":"","ocean_shortcode_before_header":"","ocean_shortcode_after_header":"","ocean_has_shortcode":"","ocean_shortcode_after_title":"","ocean_shortcode_before_footer_widgets":"","ocean_shortcode_after_footer_widgets":"","ocean_shortcode_before_footer_bottom":"","ocean_shortcode_after_footer_bottom":"","ocean_display_top_bar":"default","ocean_display_header":"default","ocean_header_style":"","ocean_center_header_left_menu":"","ocean_custom_header_template":"","ocean_custom_logo":0,"ocean_custom_retina_logo":0,"ocean_custom_logo_max_width":0,"ocean_custom_logo_tablet_max_width":0,"ocean_custom_logo_mobile_max_width":0,"ocean_custom_logo_max_height":0,"ocean_custom_logo_tablet_max_height":0,"ocean_custom_logo_mobile_max_height":0,"ocean_header_custom_menu":"","ocean_menu_typo_font_family":"","ocean_menu_typo_font_subset":"","ocean_menu_typo_font_size":0,"ocean_menu_typo_font_size_tablet":0,"ocean_menu_typo_font_size_mobile":0,"ocean_menu_typo_font_size_unit":"px","ocean_menu_typo_font_weight":"","ocean_menu_typo_font_weight_tablet":"","ocean_menu_typo_font_weight_mobile":"","ocean_menu_typo_transform":"","ocean_menu_typo_transform_tablet":"","ocean_menu_typo_transform_mobile":"","ocean_menu_typo_line_height":0,"ocean_menu_typo_line_height_tablet":0,"ocean_menu_typo_line_height_mobile":0,"ocean_menu_typo_line_height_unit":"","ocean_menu_typo_spacing":0,"ocean_menu_typo_spacing_tablet":0,"ocean_menu_typo_spacing_mobile":0,"ocean_menu_typo_spacing_unit":"","ocean_menu_link_color":"","ocean_menu_link_color_hover":"","ocean_menu_link_color_active":"","ocean_menu_link_background":"","ocean_menu_link_hover_background":"","ocean_menu_link_active_background":"","ocean_menu_social_links_bg":"","ocean_menu_social_hover_links_bg":"","ocean_menu_social_links_color":"","ocean_menu_social_hover_links_color":"","ocean_disable_title":"default","ocean_disable_heading":"default","ocean_post_title":"","ocean_post_subheading":"","ocean_post_title_style":"","ocean_post_title_background_color":"","ocean_post_title_background":0,"ocean_post_title_bg_image_position":"","ocean_post_title_bg_image_attachment":"","ocean_post_title_bg_image_repeat":"","ocean_post_title_bg_image_size":"","ocean_post_title_height":0,"ocean_post_title_bg_overlay":0.5,"ocean_post_title_bg_overlay_color":"","ocean_disable_breadcrumbs":"default","ocean_breadcrumbs_color":"","ocean_breadcrumbs_separator_color":"","ocean_breadcrumbs_links_color":"","ocean_breadcrumbs_links_hover_color":"","ocean_display_footer_widgets":"default","ocean_display_footer_bottom":"default","ocean_custom_footer_template":"","ocean_post_oembed":"","ocean_post_self_hosted_media":"","ocean_post_video_embed":"","ocean_link_format":"","ocean_link_format_target":"self","ocean_quote_format":"","ocean_quote_format_link":"post","ocean_gallery_link_images":"on","ocean_gallery_id":[],"footnotes":""},"categories":[165],"tags":[167],"class_list":["post-2787","post","type-post","status-publish","format-standard","has-post-thumbnail","hentry","category-ertektar","tag-telepulesi-ertektar","entry","has-media"],"featured_image_src":"https:\/\/miklosimuzeum.hu\/wp-content\/uploads\/2026\/02\/12-cover.jpg","author_info":{"display_name":"Miss N\u00e1ndor","author_link":"https:\/\/miklosimuzeum.hu\/en\/author\/admin\/"},"rttpg_featured_image_url":{"full":["https:\/\/miklosimuzeum.hu\/wp-content\/uploads\/2026\/02\/12-cover.jpg",600,600,false],"landscape":["https:\/\/miklosimuzeum.hu\/wp-content\/uploads\/2026\/02\/12-cover.jpg",600,600,false],"portraits":["https:\/\/miklosimuzeum.hu\/wp-content\/uploads\/2026\/02\/12-cover.jpg",600,600,false],"thumbnail":["https:\/\/miklosimuzeum.hu\/wp-content\/uploads\/2026\/02\/12-cover-150x150.jpg",150,150,true],"medium":["https:\/\/miklosimuzeum.hu\/wp-content\/uploads\/2026\/02\/12-cover-300x300.jpg",300,300,true],"large":["https:\/\/miklosimuzeum.hu\/wp-content\/uploads\/2026\/02\/12-cover.jpg",600,600,false],"1536x1536":["https:\/\/miklosimuzeum.hu\/wp-content\/uploads\/2026\/02\/12-cover.jpg",600,600,false],"2048x2048":["https:\/\/miklosimuzeum.hu\/wp-content\/uploads\/2026\/02\/12-cover.jpg",600,600,false],"trp-custom-language-flag":["https:\/\/miklosimuzeum.hu\/wp-content\/uploads\/2026\/02\/12-cover-12x12.jpg",12,12,true],"ocean-thumb-m":["https:\/\/miklosimuzeum.hu\/wp-content\/uploads\/2026\/02\/12-cover.jpg",600,600,false],"ocean-thumb-ml":["https:\/\/miklosimuzeum.hu\/wp-content\/uploads\/2026\/02\/12-cover-600x450.jpg",600,450,true],"ocean-thumb-l":["https:\/\/miklosimuzeum.hu\/wp-content\/uploads\/2026\/02\/12-cover.jpg",600,600,false]},"rttpg_author":{"display_name":"Miss N\u00e1ndor","author_link":"https:\/\/miklosimuzeum.hu\/en\/author\/admin\/"},"rttpg_comment":0,"rttpg_category":"<a href=\"https:\/\/miklosimuzeum.hu\/en\/category\/ertektar\/\" rel=\"category tag\">\u00c9rt\u00e9kt\u00e1r<\/a>","rttpg_excerpt":"\u00c9rt\u00e9kt\u00e1rba val\u00f3 felv\u00e9tel d\u00e1tuma: 2025.Felterjeszt\u0151k: Lakatos El\u0151d, Lakatos Barnab\u00e1s, Riesz Levente9. \u00e9vf., Kardos Istv\u00e1n \u00c1ltal\u00e1nos Iskola \u00e9s Gimn\u00e1zium Moln\u00e1r Imre \u00e9let\u00e9ben a citera kiemelked\u0151 szerepet j\u00e1tszott: p\u00e1lyafut\u00e1s\u00e1nak jelent\u0151s r\u00e9sz\u00e9t a hangszer k\u00e9sz\u00edt\u00e9se, megsz\u00f3laltat\u00e1sa \u00e9s alapos megismer\u00e9se hat\u00e1rozta meg. A citera magyar n\u00e9pi penget\u0151s hangszer, hossz\u00fak\u00e1s, f\u00e1b\u00f3l k\u00e9sz\u00fclt testtel, amelyen kifesz\u00edtett h\u00farok sz\u00f3lalnak meg. Eredete feltehet\u0151en&hellip;","_links":{"self":[{"href":"https:\/\/miklosimuzeum.hu\/en\/wp-json\/wp\/v2\/posts\/2787","targetHints":{"allow":["GET"]}}],"collection":[{"href":"https:\/\/miklosimuzeum.hu\/en\/wp-json\/wp\/v2\/posts"}],"about":[{"href":"https:\/\/miklosimuzeum.hu\/en\/wp-json\/wp\/v2\/types\/post"}],"author":[{"embeddable":true,"href":"https:\/\/miklosimuzeum.hu\/en\/wp-json\/wp\/v2\/users\/1"}],"replies":[{"embeddable":true,"href":"https:\/\/miklosimuzeum.hu\/en\/wp-json\/wp\/v2\/comments?post=2787"}],"version-history":[{"count":2,"href":"https:\/\/miklosimuzeum.hu\/en\/wp-json\/wp\/v2\/posts\/2787\/revisions"}],"predecessor-version":[{"id":2854,"href":"https:\/\/miklosimuzeum.hu\/en\/wp-json\/wp\/v2\/posts\/2787\/revisions\/2854"}],"wp:featuredmedia":[{"embeddable":true,"href":"https:\/\/miklosimuzeum.hu\/en\/wp-json\/wp\/v2\/media\/2811"}],"wp:attachment":[{"href":"https:\/\/miklosimuzeum.hu\/en\/wp-json\/wp\/v2\/media?parent=2787"}],"wp:term":[{"taxonomy":"category","embeddable":true,"href":"https:\/\/miklosimuzeum.hu\/en\/wp-json\/wp\/v2\/categories?post=2787"},{"taxonomy":"post_tag","embeddable":true,"href":"https:\/\/miklosimuzeum.hu\/en\/wp-json\/wp\/v2\/tags?post=2787"}],"curies":[{"name":"wp","href":"https:\/\/api.w.org\/{rel}","templated":true}]}}