{"id":2781,"date":"2026-02-09T16:17:22","date_gmt":"2026-02-09T16:17:22","guid":{"rendered":"https:\/\/miklosimuzeum.hu\/?p=2781"},"modified":"2026-02-09T16:49:19","modified_gmt":"2026-02-09T16:49:19","slug":"a-nadasdy-filmszinhaz","status":"publish","type":"post","link":"https:\/\/miklosimuzeum.hu\/en\/2026\/02\/09\/a-nadasdy-filmszinhaz\/","title":{"rendered":"A N\u00e1dasdy Filmsz\u00ednh\u00e1z"},"content":{"rendered":"<style>.kadence-column2781_0baeee-f3 > .kt-inside-inner-col{display:flex;}.kadence-column2781_0baeee-f3{max-width:700px;margin-left:auto;margin-right:auto;}.wp-block-kadence-column.kb-section-dir-horizontal:not(.kb-section-md-dir-vertical)>.kt-inside-inner-col>.kadence-column2781_0baeee-f3{-webkit-flex:0 1 700px;flex:0 1 700px;max-width:unset;margin-left:unset;margin-right:unset;}.kadence-column2781_0baeee-f3 > .kt-inside-inner-col,.kadence-column2781_0baeee-f3 > .kt-inside-inner-col:before{border-top-left-radius:0px;border-top-right-radius:0px;border-bottom-right-radius:0px;border-bottom-left-radius:0px;}.kadence-column2781_0baeee-f3 > .kt-inside-inner-col{row-gap:var(--global-kb-gap-none, 0rem );column-gap:var(--global-kb-gap-sm, 1rem);}.kadence-column2781_0baeee-f3 > .kt-inside-inner-col{flex-direction:column;align-items:center;}.kadence-column2781_0baeee-f3 > .kt-inside-inner-col > .kb-image-is-ratio-size{align-self:stretch;}.kadence-column2781_0baeee-f3 > .kt-inside-inner-col > .wp-block-kadence-advancedgallery{align-self:stretch;}.kadence-column2781_0baeee-f3 > .kt-inside-inner-col > .aligncenter{width:100%;}.kadence-column2781_0baeee-f3 > .kt-inside-inner-col:before{opacity:0.3;}.kadence-column2781_0baeee-f3{position:relative;}@media all and (min-width: 1025px){.wp-block-kadence-column.kb-section-dir-horizontal>.kt-inside-inner-col>.kadence-column2781_0baeee-f3{-webkit-flex:0 1 700px;flex:0 1 700px;max-width:unset;margin-left:unset;margin-right:unset;}}@media all and (max-width: 1024px){.kadence-column2781_0baeee-f3 > .kt-inside-inner-col{flex-direction:column;align-items:center;}}@media all and (max-width: 767px){.wp-block-kadence-column.kb-section-sm-dir-vertical:not(.kb-section-sm-dir-horizontal):not(.kb-section-sm-dir-specificity)>.kt-inside-inner-col>.kadence-column2781_0baeee-f3{max-width:700px;-webkit-flex:1;flex:1;margin-left:auto;margin-right:auto;}.kadence-column2781_0baeee-f3 > .kt-inside-inner-col{flex-direction:column;align-items:center;}}<\/style>\n<div class=\"wp-block-kadence-column kadence-column2781_0baeee-f3\"><div class=\"kt-inside-inner-col\">\n<pre class=\"wp-block-verse\"><strong>\u00c9rt\u00e9kt\u00e1rba val\u00f3 felv\u00e9tel d\u00e1tuma:<\/strong> 2025.<br><strong>Felterjeszt\u0151k: <\/strong>Pawlik Bence, Dunai Bence, G\u00e1rdonyi Z\u00e9t\u00e9ny<br>9. \u00e9vf., Kardos Istv\u00e1n \u00c1ltal\u00e1nos Iskola \u00e9s Gimn\u00e1zium<\/pre>\n<\/div><\/div>\n\n\n<div class=\"wp-block-image\">\n<figure class=\"alignleft size-full is-resized\"><a href=\"https:\/\/miklosimuzeum.hu\/wp-content\/uploads\/2026\/02\/02.jpeg\"><img fetchpriority=\"high\" decoding=\"async\" width=\"714\" height=\"931\" src=\"https:\/\/miklosimuzeum.hu\/wp-content\/uploads\/2026\/02\/02.jpeg\" alt=\"\" class=\"wp-image-2782\" style=\"width:300px\"\/><\/a><figcaption class=\"wp-element-caption\">A falu els\u0151 filmsz\u00ednh\u00e1za a Kerekes csal\u00e1d \u00fczemeltet\u00e9s\u00e9ben<\/figcaption><\/figure>\n<\/div>\n\n\n<p>A N\u00e1dasdy Filmsz\u00ednh\u00e1z t\u00f6rt\u00e9nete N\u00e1dasdy J\u00e1nos fest\u0151m\u0171v\u00e9sszel kezd\u0151d\u00f6tt, aki Szigetszentmikl\u00f3si gyerek volt, majd elv\u00e9gezte a Kisk\u00e9pz\u0151t. Sportolt az els\u0151 szigetszentmikl\u00f3si tornaklubban, az SZTK-ban center csat\u00e1rk\u00e9nt. Feles\u00e9ge, akit Kerekes Kat\u00f3 n\u00e9nik\u00e9nt ismerte a falu, eredetileg a Kossuth Lajos utc\u00e1ban lakott a Buga Iskola mellett. Kat\u00f3 n\u00e9ni polg\u00e1ri csal\u00e1db\u00f3l sz\u00e1rmazott, fiatal kor\u00e1ban nagyon szerette a sz\u00ednh\u00e1zat, \u00e9s sz\u00edn\u00e9szn\u00f6nek k\u00e9sz\u00fclt. M\u0171kedvel\u0151 el\u0151ad\u00e1sokat is sz\u00edvesen szervezett. \u00c9desapja, Kerekes Lajos mozg\u00f3k\u00e9p sz\u00ednh\u00e1zi el\u0151ad\u00e1saiban is seg\u00e9dkezett. A n\u00e9mafilm kor\u00e1ban \u0151 is zongor\u00e1zott a filmek alatt. Mivel nem volt hang, \u00edgy oldott\u00e1k meg, hogy az el\u0151ad\u00e1s humoros vagy tragikus hangulat\u00e1t kifejezz\u00e9k.<\/p>\n\n\n\n<p>Miut\u00e1n N\u00e1dasdy J\u00e1nos \u00e9s Kerekes Kat\u00f3 \u00f6sszeh\u00e1zasodtak, Kerekes Lajos mozij\u00e1t vett\u00e9k p\u00e9ld\u00e1nak, amikor elhat\u00e1rozt\u00e1k, hogy \u0151k is \u00e9p\u00edtenek egy mozit. Nagy p\u00e9nzb\u0151l, sok hitelb\u0151l \u00e9s nagy neh\u00e9zs\u00e9gek \u00e1r\u00e1n \u00e9p\u00edtett\u00e9k fel a csal\u00e1di mozit, ami ma is ugyanott \u00e1ll. Az els\u0151 el\u0151ad\u00e1sok nagyon sikerek voltak, sokszot nem p\u00e9nzzel, hanem toj\u00e1ssal, csirk\u00e9vel, kolb\u00e1sszal, \u00e9lelmiszerrel fizettek a sz\u00f3rakozni v\u00e1gy\u00f3k. T\u00f6bbnyire magyar filmek \u00e9s hangosfilmek mentek akkoriban, az akkor ismert nagy sz\u00edn\u00e9szekkel, J\u00e1vor P\u00e1llal, P\u00e1ger Antallal, Tolnai Kl\u00e1rival.<\/p>\n\n\n<div class=\"wp-block-image\">\n<figure class=\"alignright size-full is-resized\"><a href=\"https:\/\/miklosimuzeum.hu\/wp-content\/uploads\/2026\/02\/01.jpeg\"><img decoding=\"async\" width=\"801\" height=\"986\" src=\"https:\/\/miklosimuzeum.hu\/wp-content\/uploads\/2026\/02\/01.jpeg\" alt=\"\" class=\"wp-image-2783\" style=\"width:300px\"\/><\/a><figcaption class=\"wp-element-caption\">Id. N\u00e1dasdy J\u00e1nos \u00e9s feles\u00e9ge, Kerekes Kat\u00f3 az \u00e9p\u00fcl\u0151 filmsz\u00ednh\u00e1zban<\/figcaption><\/figure>\n<\/div>\n\n\n<p>A m\u00e1sodik vil\u00e1gh\u00e1bor\u00fa idej\u00e9n el\u0151sz\u00f6r n\u00e9met, majd a szovjet megsz\u00e1ll\u00e1s ut\u00e1n orosz propagandafilmeket vet\u00edtettek a megsz\u00e1ll\u00f3 katon\u00e1knak. A vil\u00e1gh\u00e1bor\u00fas front meg\u00e9rkez\u00e9se ut\u00e1n k\u00f3rh\u00e1zz\u00e1 alak\u00edtott\u00e1k a mozitermet, a mozis lak\u00e1ssal egybe\u00e9p\u00edtve m\u0171k\u00f6d\u00f6tt, a r\u00e9gi lak\u00e1s volt a m\u0171t\u0151.<\/p>\n\n\n\n<p>A h\u00e1bor\u00faban elpusztult a falu reform\u00e1tus temploma, \u00edgy a mozi volt a reform\u00e1tus istentiszteletek helysz\u00edne \u2013 a vas\u00e1rnapi szertart\u00e1sok ut\u00e1n a kegyt\u00e1rgyakat f\u00e9lret\u00e9ve folytat\u00f3dtak a vet\u00edt\u00e9sek.<\/p>\n\n\n\n<p>Az 1950-es \u00e9vekben \u00e1llamos\u00edtott\u00e1k a mozit, vagyis megfosztott\u00e1k a csal\u00e1dot a tulajdon\u00e1t\u00f3l. A N\u00e1dasdy csal\u00e1d kul\u00e1klist\u00e1ra ker\u00fclt, vagyis lehetetlenn\u00e9 tett\u00e9k az \u00e9let\u00fcket. N\u00e1dasdy J\u00e1nos nem tudta folytatni fest\u0151m\u0171v\u00e9sz p\u00e1ly\u00e1j\u00e1t, a mozit pedig nem \u00fczemeltett\u00e9k, \u00edgy nagyon nehezen tudtak meg\u00e9lni. A fiatal fest\u0151m\u0171v\u00e9sz seg\u00e9dmunk\u00e1sk\u00e9nt dolgozott a Csepel Aut\u00f3gy\u00e1rban. Kerekes Kat\u00f3 n\u00e9ni pedig a Kis-Duna partj\u00e1n lev\u0151 \u00c1rp\u00e1d strandon volt \u00fasz\u00f3mester, \u00edgy pr\u00f3b\u00e1lt\u00e1k fenntartani a csal\u00e1djukat.<\/p>\n\n\n<div class=\"wp-block-image\">\n<figure class=\"alignleft size-full is-resized\"><a href=\"https:\/\/miklosimuzeum.hu\/wp-content\/uploads\/2026\/02\/04.jpeg\"><img decoding=\"async\" width=\"1045\" height=\"784\" src=\"https:\/\/miklosimuzeum.hu\/wp-content\/uploads\/2026\/02\/04.jpeg\" alt=\"\" class=\"wp-image-2784\" style=\"width:300px\"\/><\/a><figcaption class=\"wp-element-caption\">A &#8222;Falu rossza&#8221; c\u00edm\u0171 sz\u00edndarab bemutat\u00f3ja az 1940-es \u00e9vekben<\/figcaption><\/figure>\n<\/div>\n\n\n<p>Az 50-es \u00e9vekben a Pest Megyei Mozi\u00fczemi V\u00e1llalat kez\u00e9ben volt a mozi, \u00e9s v\u00e9g\u00fclis megengedt\u00e9k, hogy a csal\u00e1d alkalmazottk\u00e9nt m\u0171k\u00f6dtethesse a mozit. Akkoriban Kat\u00f3 n\u00e9ni nem csak a mozi vezet\u0151je volt, hanem az akkori tan\u00e1cs k\u00e9r\u00e9s\u00e9re szervezte Szigetszentmikl\u00f3s kultur\u00e1lis \u00e9let\u00e9t: \u00e9nekkart, t\u00e1nccsoportot, sz\u00ednh\u00e1zi csoportot, m\u0171kedvel\u0151 el\u0151ad\u00e1sokat szervezett, de dolgozott sz\u00fcreti b\u00e1lon, sv\u00e1bb\u00e1lon, cig\u00e1nyb\u00e1lon is, ezek mind nagyon sikeresek voltak.<\/p>\n\n\n\n<p>N\u00e1dasdy J\u00e1nosnak h\u00e1rom fia sz\u00fcletett. J\u00e1nos fia k\u00e9pz\u0151m\u0171v\u00e9sz, aki jelenleg N\u00e9metorsz\u00e1gban \u00e9l \u00e9s alkot. N\u00e1dasdy Lajos fia t\u00e1ncm\u0171v\u00e9sz volt, n\u00e9pt\u00e1nccal foglalkozott, de sajnos nagyon fiatalon meghalt. Az \u0151 fia N\u00e1dasdy Andr\u00e1s balettm\u0171v\u00e9sz, koreogr\u00e1fus, aki ma is Szigetszentmikl\u00f3son dolgozik. Harmadik fia N\u00e1dasdy Andr\u00e1s, aki a mozi m\u00f6g\u00f6tti h\u00e1zban sz\u00fcletett 1948-ban. A m\u0171veszthez val\u00f3 ind\u00edttat\u00e1s\u00e1t \u00e9desapj\u00e1t\u00f3l \u00f6r\u00f6k\u00f6lte. Munk\u00e1i nagyban f\u00fcggtek a k\u00f6r\u00fcl\u00f6tte lev\u0151 vil\u00e1g megismer\u00e9s\u00e9t\u0151l \u00e9s ez\u00e1ltal k\u00e9peivel be tudta mutatni, hogy milyen vil\u00e1gban \u00e9l\u00fcnk, mi zajlik k\u00f6r\u00fcl\u00f6tt\u00fcnk. K\u00e9pei t\u00e9m\u00e1it nagyban befoly\u00e1solta a mozi.<\/p>\n\n\n<div class=\"wp-block-image\">\n<figure class=\"alignright size-full is-resized\"><img loading=\"lazy\" decoding=\"async\" width=\"1001\" height=\"789\" src=\"https:\/\/miklosimuzeum.hu\/wp-content\/uploads\/2026\/02\/03.jpeg\" alt=\"\" class=\"wp-image-2785\" style=\"width:300px\"\/><figcaption class=\"wp-element-caption\">A Kossuth-Filmsz\u00ednh\u00e1z n\u00e9ven \u00e1llamos\u00edtott mozi az \u00fczemeltet\u0151 csal\u00e1ddal<\/figcaption><\/figure>\n<\/div>\n\n\n<p>\u00c9desapja hal\u00e1la ut\u00e1n N\u00e1dasdy Andr\u00e1s \u00e9s feles\u00e9ge megpr\u00f3b\u00e1lt\u00e1k visszaszerezni a mozit \u2013 csal\u00e1di t\u00e1mogat\u00e1ssal siker\u00fclt megv\u00e1s\u00e1rolni az akkorra m\u00e1r leamortiz\u00e1l\u00f3dott \u00e9p\u00fcletet. A 90-es \u00e9vekben elkezdt\u00e9k az \u00e9p\u00fclet renov\u00e1l\u00e1s\u00e1t, folytatva a sz\u00fcleik \u00e1ltal r\u00e1juk hagyott munk\u00e1t. Az els\u0151 csal\u00e1di vet\u00edt\u00e9sre 1991 m\u00e1jus elsej\u00e9n ker\u00fclt sor, ami egy gyerekfilm volt, a \u201eH\u00e1rom kis bocs\u201d. Innent\u0151l kezdve gener\u00e1ci\u00f3k l\u00e1togatt\u00e1k a filmsz\u00ednh\u00e1zat, hogy a legnagyobb filmklasszikusokat n\u00e9zz\u00e9k meg, mint a Csillagok h\u00e1bor\u00faja, vagy a Jurassic Park.<\/p>\n\n\n\n<p>Ma is csal\u00e1di tulajdonban van a mozi, ami els\u0151sorban art mozik\u00e9nt \u00fczemel, de n\u00e9pszer\u0171 el\u0151ad\u00e1sok is vannak benne. Sz\u00ednh\u00e1z, zene, k\u00fcl\u00f6nb\u00f6z\u0151 nemzettudat-\u00e9p\u00edt\u0151 el\u0151ad\u00e1sokaz szerveznek.<\/p>\n\n\n\n<p>A 90-es \u00e9vekt\u0151l kezdve k\u00f6z\u00f6ss\u00e9gi el\u0151ad\u00e1sok is vannak, p\u00e9ld\u00e1ul b\u00e1bsz\u00ednh\u00e1z, filmklubok, k\u00f6nyvbemutat\u00f3k, de a nagysiker\u0171 Dumasz\u00ednh\u00e1z is rendszeres vend\u00e9g, legk\u00f6zelebb B\u00f6d\u0151cs Tibor el\u0151ad\u00f3m\u0171v\u00e9sz fog fell\u00e9pni. A N\u00e1dasdy Filmsz\u00ednh\u00e1zban t\u00e1ncfesztiv\u00e1lok, zenei bemutat\u00f3k, ifj\u00fas\u00e1gi kisfilm-fesztiv\u00e1lok is voltak m\u00e1r.<\/p>\n\n\n\n<p>A N\u00e1dasdy csal\u00e1d tov\u00e1bb folytatja misszi\u00f3s munk\u00e1j\u00e1t a kult\u00fara \u00e9s m\u0171v\u00e9szet jegy\u00e9ben.<\/p>\n\n\n<style>.kadence-column2781_df46c3-66 > .kt-inside-inner-col{display:flex;}.kadence-column2781_df46c3-66{max-width:700px;margin-left:auto;margin-right:auto;}.wp-block-kadence-column.kb-section-dir-horizontal:not(.kb-section-md-dir-vertical)>.kt-inside-inner-col>.kadence-column2781_df46c3-66{-webkit-flex:0 1 700px;flex:0 1 700px;max-width:unset;margin-left:unset;margin-right:unset;}.kadence-column2781_df46c3-66 > .kt-inside-inner-col,.kadence-column2781_df46c3-66 > .kt-inside-inner-col:before{border-top-left-radius:0px;border-top-right-radius:0px;border-bottom-right-radius:0px;border-bottom-left-radius:0px;}.kadence-column2781_df46c3-66 > .kt-inside-inner-col{row-gap:var(--global-kb-gap-none, 0rem );column-gap:var(--global-kb-gap-sm, 1rem);}.kadence-column2781_df46c3-66 > .kt-inside-inner-col{flex-direction:column;align-items:center;}.kadence-column2781_df46c3-66 > .kt-inside-inner-col > .kb-image-is-ratio-size{align-self:stretch;}.kadence-column2781_df46c3-66 > .kt-inside-inner-col > .wp-block-kadence-advancedgallery{align-self:stretch;}.kadence-column2781_df46c3-66 > .kt-inside-inner-col > .aligncenter{width:100%;}.kadence-column2781_df46c3-66 > .kt-inside-inner-col:before{opacity:0.3;}.kadence-column2781_df46c3-66{position:relative;}@media all and (min-width: 1025px){.wp-block-kadence-column.kb-section-dir-horizontal>.kt-inside-inner-col>.kadence-column2781_df46c3-66{-webkit-flex:0 1 700px;flex:0 1 700px;max-width:unset;margin-left:unset;margin-right:unset;}}@media all and (max-width: 1024px){.kadence-column2781_df46c3-66 > .kt-inside-inner-col{flex-direction:column;align-items:center;}}@media all and (max-width: 767px){.wp-block-kadence-column.kb-section-sm-dir-vertical:not(.kb-section-sm-dir-horizontal):not(.kb-section-sm-dir-specificity)>.kt-inside-inner-col>.kadence-column2781_df46c3-66{max-width:700px;-webkit-flex:1;flex:1;margin-left:auto;margin-right:auto;}.kadence-column2781_df46c3-66 > .kt-inside-inner-col{flex-direction:column;align-items:center;}}<\/style>\n<div class=\"wp-block-kadence-column kadence-column2781_df46c3-66\"><div class=\"kt-inside-inner-col\">\n<pre class=\"wp-block-verse\"><strong>Az el\u0151terjeszt\u0151k p\u00e1lyamunk\u00e1ja<\/strong><br>\u00c9rkezett a 2025-\u00f6s \u00c9rt\u00e9keink Nyom\u00e1ban c\u00edm\u0171 p\u00e1ly\u00e1zatra<\/pre>\n<\/div><\/div>\n\n\n\n<figure class=\"wp-block-embed is-type-video is-provider-youtube wp-block-embed-youtube wp-embed-aspect-16-9 wp-has-aspect-ratio\"><div class=\"wp-block-embed__wrapper\">\n<p class=\"responsive-video-wrap clr\"><iframe title=\"\u00c9rt\u00e9keink Nyom\u00e1ban p\u00e1ly\u00e1zat: A N\u00e1dasdy Filmsz\u00ednh\u00e1z\" width=\"1200\" height=\"675\" src=\"https:\/\/www.youtube.com\/embed\/CnT_Cb7ndxw?feature=oembed\" frameborder=\"0\" allow=\"accelerometer; autoplay; clipboard-write; encrypted-media; gyroscope; picture-in-picture; web-share\" referrerpolicy=\"strict-origin-when-cross-origin\" allowfullscreen><\/iframe><\/p>\n<\/div><\/figure>","protected":false},"excerpt":{"rendered":"<p>\u00c9rt\u00e9kt\u00e1rba val\u00f3 felv\u00e9tel d\u00e1tuma: 2025.Felterjeszt\u0151k: Pawlik Bence, Dunai Bence, G\u00e1rdonyi Z\u00e9t\u00e9ny9. \u00e9vf., Kardos Istv\u00e1n \u00c1ltal\u00e1nos Iskola \u00e9s Gimn\u00e1zium A N\u00e1dasdy Filmsz\u00ednh\u00e1z t\u00f6rt\u00e9nete N\u00e1dasdy J\u00e1nos fest\u0151m\u0171v\u00e9sszel kezd\u0151d\u00f6tt, aki Szigetszentmikl\u00f3si gyerek volt, majd elv\u00e9gezte a Kisk\u00e9pz\u0151t. Sportolt az els\u0151 szigetszentmikl\u00f3si tornaklubban, az SZTK-ban center csat\u00e1rk\u00e9nt. Feles\u00e9ge, akit Kerekes Kat\u00f3 n\u00e9nik\u00e9nt ismerte a falu, eredetileg a Kossuth Lajos [&hellip;]<\/p>","protected":false},"author":1,"featured_media":2812,"comment_status":"closed","ping_status":"open","sticky":false,"template":"","format":"standard","meta":{"ub_ctt_via":"","ocean_post_layout":"","ocean_both_sidebars_style":"","ocean_both_sidebars_content_width":0,"ocean_both_sidebars_sidebars_width":0,"ocean_sidebar":"","ocean_second_sidebar":"","ocean_disable_margins":"enable","ocean_add_body_class":"","ocean_shortcode_before_top_bar":"","ocean_shortcode_after_top_bar":"","ocean_shortcode_before_header":"","ocean_shortcode_after_header":"","ocean_has_shortcode":"","ocean_shortcode_after_title":"","ocean_shortcode_before_footer_widgets":"","ocean_shortcode_after_footer_widgets":"","ocean_shortcode_before_footer_bottom":"","ocean_shortcode_after_footer_bottom":"","ocean_display_top_bar":"default","ocean_display_header":"default","ocean_header_style":"","ocean_center_header_left_menu":"","ocean_custom_header_template":"","ocean_custom_logo":0,"ocean_custom_retina_logo":0,"ocean_custom_logo_max_width":0,"ocean_custom_logo_tablet_max_width":0,"ocean_custom_logo_mobile_max_width":0,"ocean_custom_logo_max_height":0,"ocean_custom_logo_tablet_max_height":0,"ocean_custom_logo_mobile_max_height":0,"ocean_header_custom_menu":"","ocean_menu_typo_font_family":"","ocean_menu_typo_font_subset":"","ocean_menu_typo_font_size":0,"ocean_menu_typo_font_size_tablet":0,"ocean_menu_typo_font_size_mobile":0,"ocean_menu_typo_font_size_unit":"px","ocean_menu_typo_font_weight":"","ocean_menu_typo_font_weight_tablet":"","ocean_menu_typo_font_weight_mobile":"","ocean_menu_typo_transform":"","ocean_menu_typo_transform_tablet":"","ocean_menu_typo_transform_mobile":"","ocean_menu_typo_line_height":0,"ocean_menu_typo_line_height_tablet":0,"ocean_menu_typo_line_height_mobile":0,"ocean_menu_typo_line_height_unit":"","ocean_menu_typo_spacing":0,"ocean_menu_typo_spacing_tablet":0,"ocean_menu_typo_spacing_mobile":0,"ocean_menu_typo_spacing_unit":"","ocean_menu_link_color":"","ocean_menu_link_color_hover":"","ocean_menu_link_color_active":"","ocean_menu_link_background":"","ocean_menu_link_hover_background":"","ocean_menu_link_active_background":"","ocean_menu_social_links_bg":"","ocean_menu_social_hover_links_bg":"","ocean_menu_social_links_color":"","ocean_menu_social_hover_links_color":"","ocean_disable_title":"default","ocean_disable_heading":"default","ocean_post_title":"","ocean_post_subheading":"","ocean_post_title_style":"","ocean_post_title_background_color":"","ocean_post_title_background":0,"ocean_post_title_bg_image_position":"","ocean_post_title_bg_image_attachment":"","ocean_post_title_bg_image_repeat":"","ocean_post_title_bg_image_size":"","ocean_post_title_height":0,"ocean_post_title_bg_overlay":0.5,"ocean_post_title_bg_overlay_color":"","ocean_disable_breadcrumbs":"default","ocean_breadcrumbs_color":"","ocean_breadcrumbs_separator_color":"","ocean_breadcrumbs_links_color":"","ocean_breadcrumbs_links_hover_color":"","ocean_display_footer_widgets":"default","ocean_display_footer_bottom":"default","ocean_custom_footer_template":"","ocean_post_oembed":"","ocean_post_self_hosted_media":"","ocean_post_video_embed":"","ocean_link_format":"","ocean_link_format_target":"self","ocean_quote_format":"","ocean_quote_format_link":"post","ocean_gallery_link_images":"on","ocean_gallery_id":[],"footnotes":""},"categories":[165],"tags":[167],"class_list":["post-2781","post","type-post","status-publish","format-standard","has-post-thumbnail","hentry","category-ertektar","tag-telepulesi-ertektar","entry","has-media"],"featured_image_src":"https:\/\/miklosimuzeum.hu\/wp-content\/uploads\/2026\/02\/11-cover.jpg","author_info":{"display_name":"Miss N\u00e1ndor","author_link":"https:\/\/miklosimuzeum.hu\/en\/author\/admin\/"},"rttpg_featured_image_url":{"full":["https:\/\/miklosimuzeum.hu\/wp-content\/uploads\/2026\/02\/11-cover.jpg",600,600,false],"landscape":["https:\/\/miklosimuzeum.hu\/wp-content\/uploads\/2026\/02\/11-cover.jpg",600,600,false],"portraits":["https:\/\/miklosimuzeum.hu\/wp-content\/uploads\/2026\/02\/11-cover.jpg",600,600,false],"thumbnail":["https:\/\/miklosimuzeum.hu\/wp-content\/uploads\/2026\/02\/11-cover-150x150.jpg",150,150,true],"medium":["https:\/\/miklosimuzeum.hu\/wp-content\/uploads\/2026\/02\/11-cover-300x300.jpg",300,300,true],"large":["https:\/\/miklosimuzeum.hu\/wp-content\/uploads\/2026\/02\/11-cover.jpg",600,600,false],"1536x1536":["https:\/\/miklosimuzeum.hu\/wp-content\/uploads\/2026\/02\/11-cover.jpg",600,600,false],"2048x2048":["https:\/\/miklosimuzeum.hu\/wp-content\/uploads\/2026\/02\/11-cover.jpg",600,600,false],"trp-custom-language-flag":["https:\/\/miklosimuzeum.hu\/wp-content\/uploads\/2026\/02\/11-cover-12x12.jpg",12,12,true],"ocean-thumb-m":["https:\/\/miklosimuzeum.hu\/wp-content\/uploads\/2026\/02\/11-cover.jpg",600,600,false],"ocean-thumb-ml":["https:\/\/miklosimuzeum.hu\/wp-content\/uploads\/2026\/02\/11-cover-600x450.jpg",600,450,true],"ocean-thumb-l":["https:\/\/miklosimuzeum.hu\/wp-content\/uploads\/2026\/02\/11-cover.jpg",600,600,false]},"rttpg_author":{"display_name":"Miss N\u00e1ndor","author_link":"https:\/\/miklosimuzeum.hu\/en\/author\/admin\/"},"rttpg_comment":0,"rttpg_category":"<a href=\"https:\/\/miklosimuzeum.hu\/en\/category\/ertektar\/\" rel=\"category tag\">\u00c9rt\u00e9kt\u00e1r<\/a>","rttpg_excerpt":"\u00c9rt\u00e9kt\u00e1rba val\u00f3 felv\u00e9tel d\u00e1tuma: 2025.Felterjeszt\u0151k: Pawlik Bence, Dunai Bence, G\u00e1rdonyi Z\u00e9t\u00e9ny9. \u00e9vf., Kardos Istv\u00e1n \u00c1ltal\u00e1nos Iskola \u00e9s Gimn\u00e1zium A N\u00e1dasdy Filmsz\u00ednh\u00e1z t\u00f6rt\u00e9nete N\u00e1dasdy J\u00e1nos fest\u0151m\u0171v\u00e9sszel kezd\u0151d\u00f6tt, aki Szigetszentmikl\u00f3si gyerek volt, majd elv\u00e9gezte a Kisk\u00e9pz\u0151t. Sportolt az els\u0151 szigetszentmikl\u00f3si tornaklubban, az SZTK-ban center csat\u00e1rk\u00e9nt. Feles\u00e9ge, akit Kerekes Kat\u00f3 n\u00e9nik\u00e9nt ismerte a falu, eredetileg a Kossuth Lajos&hellip;","_links":{"self":[{"href":"https:\/\/miklosimuzeum.hu\/en\/wp-json\/wp\/v2\/posts\/2781","targetHints":{"allow":["GET"]}}],"collection":[{"href":"https:\/\/miklosimuzeum.hu\/en\/wp-json\/wp\/v2\/posts"}],"about":[{"href":"https:\/\/miklosimuzeum.hu\/en\/wp-json\/wp\/v2\/types\/post"}],"author":[{"embeddable":true,"href":"https:\/\/miklosimuzeum.hu\/en\/wp-json\/wp\/v2\/users\/1"}],"replies":[{"embeddable":true,"href":"https:\/\/miklosimuzeum.hu\/en\/wp-json\/wp\/v2\/comments?post=2781"}],"version-history":[{"count":1,"href":"https:\/\/miklosimuzeum.hu\/en\/wp-json\/wp\/v2\/posts\/2781\/revisions"}],"predecessor-version":[{"id":2786,"href":"https:\/\/miklosimuzeum.hu\/en\/wp-json\/wp\/v2\/posts\/2781\/revisions\/2786"}],"wp:featuredmedia":[{"embeddable":true,"href":"https:\/\/miklosimuzeum.hu\/en\/wp-json\/wp\/v2\/media\/2812"}],"wp:attachment":[{"href":"https:\/\/miklosimuzeum.hu\/en\/wp-json\/wp\/v2\/media?parent=2781"}],"wp:term":[{"taxonomy":"category","embeddable":true,"href":"https:\/\/miklosimuzeum.hu\/en\/wp-json\/wp\/v2\/categories?post=2781"},{"taxonomy":"post_tag","embeddable":true,"href":"https:\/\/miklosimuzeum.hu\/en\/wp-json\/wp\/v2\/tags?post=2781"}],"curies":[{"name":"wp","href":"https:\/\/api.w.org\/{rel}","templated":true}]}}