{"id":2755,"date":"2026-02-09T16:05:40","date_gmt":"2026-02-09T16:05:40","guid":{"rendered":"https:\/\/miklosimuzeum.hu\/?p=2755"},"modified":"2026-02-09T16:50:12","modified_gmt":"2026-02-09T16:50:12","slug":"insula-szigetszentmiklosi-alkotomuveszek-egyesulete","status":"publish","type":"post","link":"https:\/\/miklosimuzeum.hu\/en\/2026\/02\/09\/insula-szigetszentmiklosi-alkotomuveszek-egyesulete\/","title":{"rendered":"Insula &#8211; Szigetszentmikl\u00f3si Alkot\u00f3m\u0171v\u00e9szek Egyes\u00fclete"},"content":{"rendered":"<style>.kadence-column2755_bce6ed-6c > .kt-inside-inner-col{display:flex;}.kadence-column2755_bce6ed-6c{max-width:700px;margin-left:auto;margin-right:auto;}.wp-block-kadence-column.kb-section-dir-horizontal:not(.kb-section-md-dir-vertical)>.kt-inside-inner-col>.kadence-column2755_bce6ed-6c{-webkit-flex:0 1 700px;flex:0 1 700px;max-width:unset;margin-left:unset;margin-right:unset;}.kadence-column2755_bce6ed-6c > .kt-inside-inner-col,.kadence-column2755_bce6ed-6c > .kt-inside-inner-col:before{border-top-left-radius:0px;border-top-right-radius:0px;border-bottom-right-radius:0px;border-bottom-left-radius:0px;}.kadence-column2755_bce6ed-6c > .kt-inside-inner-col{row-gap:var(--global-kb-gap-none, 0rem );column-gap:var(--global-kb-gap-sm, 1rem);}.kadence-column2755_bce6ed-6c > .kt-inside-inner-col{flex-direction:column;align-items:center;}.kadence-column2755_bce6ed-6c > .kt-inside-inner-col > .kb-image-is-ratio-size{align-self:stretch;}.kadence-column2755_bce6ed-6c > .kt-inside-inner-col > .wp-block-kadence-advancedgallery{align-self:stretch;}.kadence-column2755_bce6ed-6c > .kt-inside-inner-col > .aligncenter{width:100%;}.kadence-column2755_bce6ed-6c > .kt-inside-inner-col:before{opacity:0.3;}.kadence-column2755_bce6ed-6c{position:relative;}@media all and (min-width: 1025px){.wp-block-kadence-column.kb-section-dir-horizontal>.kt-inside-inner-col>.kadence-column2755_bce6ed-6c{-webkit-flex:0 1 700px;flex:0 1 700px;max-width:unset;margin-left:unset;margin-right:unset;}}@media all and (max-width: 1024px){.kadence-column2755_bce6ed-6c > .kt-inside-inner-col{flex-direction:column;align-items:center;}}@media all and (max-width: 767px){.wp-block-kadence-column.kb-section-sm-dir-vertical:not(.kb-section-sm-dir-horizontal):not(.kb-section-sm-dir-specificity)>.kt-inside-inner-col>.kadence-column2755_bce6ed-6c{max-width:700px;-webkit-flex:1;flex:1;margin-left:auto;margin-right:auto;}.kadence-column2755_bce6ed-6c > .kt-inside-inner-col{flex-direction:column;align-items:center;}}<\/style>\n<div class=\"wp-block-kadence-column kadence-column2755_bce6ed-6c\"><div class=\"kt-inside-inner-col\">\n<pre class=\"wp-block-verse\"><strong>\u00c9rt\u00e9kt\u00e1rba val\u00f3 felv\u00e9tel d\u00e1tuma:<\/strong> 2025.<br><strong>Felterjeszt\u0151: <\/strong>Tar Darinka<br>9. \u00e9vf., Kardos Istv\u00e1n \u00c1ltal\u00e1nos Iskola \u00e9s Gimn\u00e1zium<\/pre>\n<\/div><\/div>\n\n\n\n<p>Szigetszentmikl\u00f3s nev\u00e9t belf\u00f6ld\u00f6n \u00e9s k\u00fclf\u00f6ld\u00f6n egyar\u00e1nt rengeteg helyen ismerik a t\u00f6bb mint 40 \u00e9ve m\u0171k\u00f6d\u0151 m\u0171v\u00e9szk\u00f6z\u00f6ss\u00e9gnek k\u00f6sz\u00f6nhet\u0151en. A mai napig akt\u00edv Insula Alkot\u00f3m\u0171v\u00e9szek Csoportja 1982 \u00f3ta \u00f6nszervez\u0151d\u0151 alapon m\u0171k\u00f6dik, \u00e9s lehet\u0151s\u00e9get biztos\u00edt a helyi m\u0171v\u00e9szek sz\u00e1m\u00e1ra tehets\u00e9g\u00fck kibontakoztat\u00e1s\u00e1ra.<\/p>\n\n\n\n<p>A csoport tagjai Id. N\u00e1dasdy J\u00e1nost \u00e9s Kocsis L\u00e1szl\u00f3t tekintik p\u00e9ldak\u00e9peiknek, az \u0151 m\u0171v\u00e9szet\u00fck alapozta meg az Insula \u00e1ltal k\u00e9pviselt \u00e9rt\u00e9keket.<\/p>\n\n\n\n<h2 class=\"wp-block-heading\">Az alap\u00edt\u00f3k<\/h2>\n\n\n\n<figure class=\"wp-block-gallery has-nested-images columns-default is-cropped wp-block-gallery-1 is-layout-flex wp-block-gallery-is-layout-flex\">\n<figure class=\"wp-block-image size-large is-resized\"><a href=\"https:\/\/miklosimuzeum.hu\/wp-content\/uploads\/2026\/02\/Zsin-Judit-Id-Nadasdy-Janos-portreja-scaled.jpeg\"><img fetchpriority=\"high\" decoding=\"async\" width=\"2034\" height=\"2560\" data-id=\"2757\" src=\"https:\/\/miklosimuzeum.hu\/wp-content\/uploads\/2026\/02\/Zsin-Judit-Id-Nadasdy-Janos-portreja-scaled.jpeg\" alt=\"\" class=\"wp-image-2757\" style=\"width:300px\"\/><\/a><figcaption class=\"wp-element-caption\">Zsin Judit: Id. N\u00e1dasdy J\u00e1nos portr\u00e9ja<\/figcaption><\/figure>\n\n\n\n<figure class=\"wp-block-image size-large\"><a href=\"https:\/\/miklosimuzeum.hu\/wp-content\/uploads\/2026\/02\/Nadasdy-Janos-Kossuth-Lajos-utca-scaled.jpeg\"><img decoding=\"async\" width=\"2560\" height=\"1771\" data-id=\"2758\" src=\"https:\/\/miklosimuzeum.hu\/wp-content\/uploads\/2026\/02\/Nadasdy-Janos-Kossuth-Lajos-utca-scaled.jpeg\" alt=\"\" class=\"wp-image-2758\"\/><\/a><figcaption class=\"wp-element-caption\">N\u00e1dasdy J\u00e1nos: A Kossuth Lajos utca<\/figcaption><\/figure>\n\n\n\n<figure class=\"wp-block-image size-large\"><a href=\"https:\/\/miklosimuzeum.hu\/wp-content\/uploads\/2026\/02\/Nadasdy-Janos-Kisvaros-scaled.jpeg\"><img decoding=\"async\" width=\"2560\" height=\"1822\" data-id=\"2759\" src=\"https:\/\/miklosimuzeum.hu\/wp-content\/uploads\/2026\/02\/Nadasdy-Janos-Kisvaros-scaled.jpeg\" alt=\"\" class=\"wp-image-2759\"\/><\/a><figcaption class=\"wp-element-caption\">N\u00e1dasdy J\u00e1nos: Kisv\u00e1ros<\/figcaption><\/figure>\n<\/figure>\n\n\n\n<p>Id. N\u00e1dasdy J\u00e1nos a Budapesti K\u00e9pz\u0151m\u0171v\u00e9szeti F\u0151iskol\u00e1n v\u00e9gezte tanulm\u00e1nyait, ahol 1931-ben Nemes Marcel-d\u00edjban r\u00e9szes\u00fclt. Korai m\u0171v\u00e9szet\u00e9ben Szigetszentmikl\u00f3s falusi hangulat\u00e1t realisztikus m\u00f3don \u00e1br\u00e1zolta, de azt\u00e1n a k\u00e9t vil\u00e1gh\u00e1bor\u00fa k\u00f6z\u00f6tti politikai helyzet nyom\u00e1n abbahagyta a fest\u00e9szetet, \u00e9s ink\u00e1bb a feles\u00e9g\u00e9vel, Kerekes Katalinnal k\u00f6z\u00f6sen mozite\u00e1trum \u00e9p\u00edt\u00e9s\u00e9be kezdett. Fest\u00e9szet\u00e9t az 1950-es \u00e9vekben onnan folytatta, ahol abbahagyta \u2013 munk\u00e1j\u00e1t Szigetszentmikl\u00f3s intenz\u00edv v\u00e1ltozata ind\u00edtotta \u00fajra, \u00e9s a v\u00e1rosiasod\u00e1s fel\u00e9 halad\u00f3 telep\u00fcl\u00e9st a kor\u00e1bbiakt\u00f3l mer\u0151ben elt\u00e9r\u0151 st\u00edlusban kezdte feldolgozni.<\/p>\n\n\n\n<figure class=\"wp-block-gallery has-nested-images columns-default is-cropped wp-block-gallery-2 is-layout-flex wp-block-gallery-is-layout-flex\">\n<figure class=\"wp-block-image size-large is-resized\"><a href=\"https:\/\/miklosimuzeum.hu\/wp-content\/uploads\/2026\/02\/Kocsis-Laszlo.jpeg\"><img loading=\"lazy\" decoding=\"async\" width=\"1450\" height=\"1977\" data-id=\"2760\" src=\"https:\/\/miklosimuzeum.hu\/wp-content\/uploads\/2026\/02\/Kocsis-Laszlo.jpeg\" alt=\"\" class=\"wp-image-2760\" style=\"width:300px\"\/><\/a><figcaption class=\"wp-element-caption\">Kocsis L\u00e1szl\u00f3<\/figcaption><\/figure>\n\n\n\n<figure class=\"wp-block-image size-large\"><a href=\"https:\/\/miklosimuzeum.hu\/wp-content\/uploads\/2026\/02\/Kocsis-Laszlo-Balatoni-taj-scaled.jpeg\"><img loading=\"lazy\" decoding=\"async\" width=\"2560\" height=\"2013\" data-id=\"2761\" src=\"https:\/\/miklosimuzeum.hu\/wp-content\/uploads\/2026\/02\/Kocsis-Laszlo-Balatoni-taj-scaled.jpeg\" alt=\"\" class=\"wp-image-2761\"\/><\/a><figcaption class=\"wp-element-caption\">Kocsis L\u00e1szl\u00f3: Balatoni t\u00e1j<\/figcaption><\/figure>\n\n\n\n<figure class=\"wp-block-image size-large\"><a href=\"https:\/\/miklosimuzeum.hu\/wp-content\/uploads\/2026\/02\/Kocsis-Laszlo-Asszonyok-scaled.jpeg\"><img loading=\"lazy\" decoding=\"async\" width=\"2560\" height=\"1625\" data-id=\"2764\" src=\"https:\/\/miklosimuzeum.hu\/wp-content\/uploads\/2026\/02\/Kocsis-Laszlo-Asszonyok-scaled.jpeg\" alt=\"\" class=\"wp-image-2764\"\/><\/a><figcaption class=\"wp-element-caption\">Kocsis L\u00e1szl\u00f3: Asszonyok<\/figcaption><\/figure>\n<\/figure>\n\n\n\n<p>Kocsis L\u00e1szl\u00f3 szint\u00e9n a Budapesti K\u00e9pz\u0151m\u0171v\u00e9szeti F\u0151iskol\u00e1n tanult, \u00e9s rajztan\u00e1rk\u00e9nt dolgozott el\u0151sz\u00f6r Szentendr\u00e9n, majd Szigetszentmikl\u00f3son az I-es sz. \u00c1ltal\u00e1nos Iskol\u00e1ban. Sikeres m\u0171v\u00e9sz volt, Zebeg\u00e9nyben az ottani szabadiskol\u00e1ban korrig\u00e1lt, \u00e9s megh\u00edvt\u00e1k oktat\u00f3nak a rajzpedag\u00f3gusi tansz\u00e9kre a K\u00e9pz\u0151m\u0171v\u00e9szeti F\u0151iskol\u00e1ra. Az 1950-es \u00e9vek v\u00e9g\u00e9t\u0151l rendszeresen szerepelt ki\u00e1ll\u00edt\u00e1sokon: Szigetszentmikl\u00f3son 1957-ben \u00e9s 1972-ben volt \u00f6n\u00e1ll\u00f3 t\u00e1rlata, de R\u00e1ckev\u00e9n \u00e9s sok m\u00e1s helyen is voltak ki\u00e1ll\u00edt\u00e1sai.<\/p>\n\n\n\n<p>Az Insula csoport megalakul\u00e1s\u00e1ban sok helyi m\u0171v\u00e9sz r\u00e9szt vett, \u00e9s az eltelt t\u00f6bb mint negyven \u00e9v alatt sokak sz\u00e1m\u00e1ra jelentett lehet\u0151s\u00e9get a m\u0171v\u00e9szcsoportban val\u00f3 munka.<\/p>\n\n\n\n<p>Az els\u0151 eln\u00f6k N\u00e1dasdy J\u00e1nos volt, aki \u00f6r\u00f6k\u00f6lte apja tehets\u00e9g\u00e9t. Emigr\u00e1lt, el\u0151sz\u00f6r Uruguayban \u00e9lt, majd N\u00e9metorsz\u00e1gban telepedett le, ahol az\u00f3ta is alkot. M\u0171veit t\u00f6bb eur\u00f3pai orsz\u00e1gban \u00e9s az USA-ban is ki\u00e1ll\u00edtotta. Alkot\u00e1sait kort\u00e1rs t\u00e9m\u00e1k, az identit\u00e1s \u00e9s az eml\u00e9kezet k\u00e9rd\u00e9sei ir\u00e1ny\u00edtj\u00e1k.<\/p>\n\n\n\n<h2 class=\"wp-block-heading\">A tags\u00e1g<\/h2>\n\n\n\n<div class=\"wp-block-group is-nowrap is-layout-flex wp-container-core-group-is-layout-ad2f72ca wp-block-group-is-layout-flex\">\n<p>Somogyi Gy\u00f6rgy csaknem 25 \u00e9ven kereszt\u00fcl vezette a m\u0171v\u00e9szcsoportot. Kocsis L\u00e1szl\u00f3 tan\u00edtv\u00e1nya \u00e9s j\u00f3 bar\u00e1tja volt. Szegeden rajztan\u00e1rk\u00e9nt diplom\u00e1zott, \u00e9s Szigetszentmikl\u00f3son a J\u00f3zsef Attila \u00c1ltal\u00e1nos Iskol\u00e1ban tan\u00edtott, valamint szabadiskol\u00e1t vezetett a V\u00e1rosi K\u00f6nyvt\u00e1r \u00e9s K\u00f6z\u00f6ss\u00e9gi H\u00e1zban. Sz\u00e1mos d\u00edjat elnyert, K\u00f6zm\u0171vel\u0151d\u00e9si d\u00edjat, Pro Urbe d\u00edjat kapott Szigetszentmikl\u00f3son, 2012-ben pedig Munk\u00e1csy-d\u00edjban r\u00e9szes\u00fclt kiemelked\u0151 k\u00e9pz\u0151m\u0171v\u00e9szeti munk\u00e1ss\u00e1g\u00e1\u00e9rt. El\u0151sz\u00f6r kur\u00e1tori munk\u00e1j\u00e1val t\u00e1mogatta a V\u00e1rosi Gal\u00e9ri\u00e1t, majd f\u0151\u00e1ll\u00e1s\u00fa vezet\u0151je lett az int\u00e9zm\u00e9nynek, \u00edgy er\u0151s\u00edtve v\u00e1rosunk m\u0171v\u00e9szeti \u00e9let\u00e9t. Fel\u00fcln\u00e9zeti \u00e9s mikroszkopikus jelleg\u0171 vil\u00e1gk\u00e9pet festett, ihlet\u0151je a term\u00e9szet \u00e9s a t\u00e1j volt \u2013 k\u00fcl\u00f6n\u00f6sen a Csepel-szigeti term\u00e9szet.<\/p>\n<\/div>\n\n\n<div class=\"wp-block-image\">\n<figure class=\"alignleft size-full is-resized\"><a href=\"https:\/\/miklosimuzeum.hu\/wp-content\/uploads\/2026\/02\/Somogyi-Gyorgy-Egy-nap-Boszormenyben-scaled.jpeg\"><img loading=\"lazy\" decoding=\"async\" width=\"2560\" height=\"2461\" src=\"https:\/\/miklosimuzeum.hu\/wp-content\/uploads\/2026\/02\/Somogyi-Gyorgy-Egy-nap-Boszormenyben-scaled.jpeg\" alt=\"\" class=\"wp-image-2762\" style=\"width:200px\"\/><\/a><figcaption class=\"wp-element-caption\">Somogyi Gy\u00f6rgy: Egy nap B\u00f6sz\u00f6rm\u00e9nyben<\/figcaption><\/figure>\n<\/div>\n\n\n<p>Puha Ferenc ma is akt\u00edv, alap\u00edt\u00f3 tagja az Insul\u00e1nak \u00e9s bar\u00e1tj\u00e1val, Somogyi Gy\u00f6rggyel egy\u00fctt hozt\u00e1k l\u00e9tre a Patak-csoportot. Mestere Kocsis L\u00e1szl\u00f3 volt. Sz\u00ednekkel, form\u00e1kkal dolgozik, nem k\u00f6zvetlen\u00fcl illusztr\u00e1l, hanem kompon\u00e1l. K\u00eds\u00e9rletezik a form\u00e1val, technik\u00e1val, nonfigurat\u00edv, bels\u0151 k\u00e9pi vil\u00e1got teremt. Sokf\u00e9le d\u00edjat elnyert, egy\u00e9ni \u00e9s csoportos ki\u00e1ll\u00edt\u00e1sokkal egyar\u00e1nt szerepel.<\/p>\n\n\n<div class=\"wp-block-image\">\n<figure class=\"alignright size-full is-resized\"><a href=\"https:\/\/miklosimuzeum.hu\/wp-content\/uploads\/2026\/02\/Nadasdy-Andras-Onarckep-scaled.jpeg\"><img loading=\"lazy\" decoding=\"async\" width=\"1869\" height=\"2560\" src=\"https:\/\/miklosimuzeum.hu\/wp-content\/uploads\/2026\/02\/Nadasdy-Andras-Onarckep-scaled.jpeg\" alt=\"\" class=\"wp-image-2765\" style=\"width:200px\"\/><\/a><figcaption class=\"wp-element-caption\">N\u00e1dasdy Andr\u00e1s: \u00d6narck\u00e9p<\/figcaption><\/figure>\n<\/div>\n\n\n<p>Kosch P\u00e9ter (m\u0171v\u00e9sznev\u00e9n Pieronymus Kosch) diplom\u00e1s grafikusm\u0171v\u00e9sz. Alap\u00edt\u00f3 tagja \u00e9s jelenlegi eln\u00f6ke az Insul\u00e1nak. Sz\u00e1mos d\u00edj birtokosa, sok egy\u00e9ni ki\u00e1ll\u00edt\u00e1sa volt az \u00e9vek alatt, de csoportos t\u00e1rlatokban is rendszeresen r\u00e9szt vesz. Els\u0151sorban grafikus, nem csup\u00e1n fest\u0151. Kedveli a magyar n\u00e9pmes\u00e9ket, munk\u00e1iban gyakran jelennek meg mesei mot\u00edvumok. Gyakran keveri a val\u00f3s\u00e1gos \u00e9s a sz\u00fcrre\u00e1lis elemek j\u00e1t\u00e9koss\u00e1g\u00e1t, dr\u00e1mais\u00e1g\u00e1t.<\/p>\n\n\n\n<p>Szab\u00f3 B\u00e9la alap\u00edt\u00f3 tagja az egyes\u00fcletnek. M\u0171veit fest\u0151i sz\u00ednhat\u00e1sokra \u00e9p\u00edtett l\u00edrai realizmus jellemzi. Alkot\u00f3munk\u00e1ja mellett 1962 \u00f3ta folyamatosan tan\u00edt, a budapesti K\u00e9pz\u0151- \u00e9s Iparm\u0171v\u00e9szeti Szakk\u00f6z\u00e9piskola tan\u00e1ra.<\/p>\n\n\n\n<p>A teljess\u00e9g ig\u00e9nye n\u00e9lk\u00fcl az Insula alkot\u00f3m\u0171v\u00e9sz csoport tagjai m\u00e9g Zsin Judit szobr\u00e1szm\u0171v\u00e9sz, S\u00e1rk\u00f6zy \u00c1gnes t\u0171zzom\u00e1ncm\u0171v\u00e9sz, J\u00e1nosy \u00c9va \u00f6tv\u00f6s, N\u00e1dasdy Andr\u00e1s grafikus, Balogh \u00c1rp\u00e1d fest\u0151, Domj\u00e1n G\u00e1bor fest\u0151 \u00e9s Szab\u00e1n Gy\u00f6rgy keramikus.<\/p>\n\n\n\n<figure class=\"wp-block-gallery has-nested-images columns-default is-cropped wp-block-gallery-3 is-layout-flex wp-block-gallery-is-layout-flex\">\n<figure class=\"wp-block-image size-large is-resized\"><a href=\"https:\/\/miklosimuzeum.hu\/wp-content\/uploads\/2026\/02\/Pieronymus_Kosch_munkai_Kepiras_04-1516618354.jpg\"><img loading=\"lazy\" decoding=\"async\" width=\"507\" height=\"750\" data-id=\"2763\" src=\"https:\/\/miklosimuzeum.hu\/wp-content\/uploads\/2026\/02\/Pieronymus_Kosch_munkai_Kepiras_04-1516618354.jpg\" alt=\"\" class=\"wp-image-2763\" style=\"width:200px\"\/><\/a><figcaption class=\"wp-element-caption\">Kosch P\u00e9ter \u00f6narck\u00e9pe<\/figcaption><\/figure>\n\n\n\n<figure class=\"wp-block-image size-large\"><img loading=\"lazy\" decoding=\"async\" width=\"1952\" height=\"2560\" data-id=\"2766\" src=\"https:\/\/miklosimuzeum.hu\/wp-content\/uploads\/2026\/02\/Nadasdy-Janos-Festomuvesz-a-muteremben-scaled.jpeg\" alt=\"\" class=\"wp-image-2766\"\/><figcaption class=\"wp-element-caption\">Ifj. N\u00e1dasdy J\u00e1nos: Fest\u0151m\u0171v\u00e9sz a m\u0171teremben<\/figcaption><\/figure>\n\n\n\n<figure class=\"wp-block-image size-large\"><img loading=\"lazy\" decoding=\"async\" width=\"1785\" height=\"2560\" data-id=\"2767\" src=\"https:\/\/miklosimuzeum.hu\/wp-content\/uploads\/2026\/02\/Janosy-Eva-Bohoc-scaled.jpeg\" alt=\"\" class=\"wp-image-2767\"\/><figcaption class=\"wp-element-caption\">J\u00e1nosy \u00c9va: Boh\u00f3c<\/figcaption><\/figure>\n\n\n\n<figure class=\"wp-block-image size-large\"><img loading=\"lazy\" decoding=\"async\" width=\"1918\" height=\"2560\" data-id=\"2768\" src=\"https:\/\/miklosimuzeum.hu\/wp-content\/uploads\/2026\/02\/Domjan-Gabor-Eter-scaled.jpeg\" alt=\"\" class=\"wp-image-2768\"\/><figcaption class=\"wp-element-caption\">Domj\u00e1n G\u00e1bor: \u00c9ter<\/figcaption><\/figure>\n\n\n\n<figure class=\"wp-block-image size-large\"><img loading=\"lazy\" decoding=\"async\" width=\"2560\" height=\"1963\" data-id=\"2769\" src=\"https:\/\/miklosimuzeum.hu\/wp-content\/uploads\/2026\/02\/Szaban-Gyorgy-Pegazus-scaled.jpeg\" alt=\"\" class=\"wp-image-2769\"\/><figcaption class=\"wp-element-caption\">Szab\u00e1n Gy\u00f6rgy: Pegazus<\/figcaption><\/figure>\n\n\n\n<figure class=\"wp-block-image size-large\"><img loading=\"lazy\" decoding=\"async\" width=\"2190\" height=\"2560\" data-id=\"2770\" src=\"https:\/\/miklosimuzeum.hu\/wp-content\/uploads\/2026\/02\/Szabo-Bela-Fesulkodo-scaled.jpeg\" alt=\"\" class=\"wp-image-2770\"\/><figcaption class=\"wp-element-caption\">Szab\u00f3 B\u00e9la: F\u00e9s\u00fclk\u00f6d\u0151<\/figcaption><\/figure>\n<\/figure>\n\n\n\n<h2 class=\"wp-block-heading\">A tev\u00e9kenys\u00e9g<\/h2>\n\n\n\n<p>Az Insula egyes\u00fclet egy\u00e9ni \u00e9s csoportos ki\u00e1ll\u00edt\u00e1sokat is szervez, de az alkot\u00f3k legf\u0151k\u00e9pp egy\u00e9nileg vesznek r\u00e9szt k\u00fcl\u00f6nf\u00e9le ki\u00e1ll\u00edt\u00e1sokon, p\u00e1ly\u00e1zatokon. A V\u00e1rosi Gal\u00e9ria berkein bel\u00fcl sz\u00e1mos esem\u00e9nye van a csoportnak &#8211; az egyik leg\u00e9rdekesebb a Fest\u00e9szet Napja keret\u00e9ben az Akci\u00f3fest\u00e9szet, ami egy eg\u00e9szen k\u00fcl\u00f6nleges m\u0171v\u00e9szeti performansz. Az \u00e9rdekl\u0151d\u0151k betekinthetnek a k\u00e9pz\u0151m\u0171v\u00e9szet kulissz\u00e1i m\u00f6g\u00e9, \u00e9l\u0151ben lehet megtekinteni, ahogy egy alkot\u00e1s elk\u00e9sz\u00fcl. Szint\u00e9n a csoport k\u00f6zrem\u0171k\u00f6d\u00e9s\u00e9vel val\u00f3sul meg \u00e9vr\u0151l \u00e9vre a Patak Fesztiv\u00e1l, ahol kimagasl\u00f3 sz\u00ednvonal\u00fa k\u00e9pz\u0151m\u0171v\u00e9szeti ki\u00e1ll\u00edt\u00e1sokat tekinthetnek meg a l\u00e1togat\u00f3k a V\u00e1rosi Gal\u00e9ri\u00e1ban.<\/p>\n\n\n\n<p>Az Insula csoportnak helye van a telep\u00fcl\u00e9si \u00e9rt\u00e9kt\u00e1rban, hiszen \u00e9rt\u00e9kes alkot\u00e1saikkal egyedi m\u00f3don sz\u00ednes\u00edtik Szigetszentmikl\u00f3s kult\u00far\u00e1j\u00e1t, \u00e9s viszik v\u00e1rosunk h\u00edrnev\u00e9t ak\u00e1r eur\u00f3pai szinten is. Alkot\u00e1saikkal k\u00f6ztereken, int\u00e9zm\u00e9nyekben tal\u00e1lkozhatunk, \u00edgy egyed\u00fcl\u00e1ll\u00f3 m\u00f3don a v\u00e1rosban b\u00e1rki tal\u00e1lkozhat a helyi m\u0171v\u00e9szek kiemelked\u0151 munk\u00e1ival.<\/p>\n\n\n<style>.kadence-column2755_cbff4c-29 > .kt-inside-inner-col{display:flex;}.kadence-column2755_cbff4c-29{max-width:700px;margin-left:auto;margin-right:auto;}.wp-block-kadence-column.kb-section-dir-horizontal:not(.kb-section-md-dir-vertical)>.kt-inside-inner-col>.kadence-column2755_cbff4c-29{-webkit-flex:0 1 700px;flex:0 1 700px;max-width:unset;margin-left:unset;margin-right:unset;}.kadence-column2755_cbff4c-29 > .kt-inside-inner-col,.kadence-column2755_cbff4c-29 > .kt-inside-inner-col:before{border-top-left-radius:0px;border-top-right-radius:0px;border-bottom-right-radius:0px;border-bottom-left-radius:0px;}.kadence-column2755_cbff4c-29 > .kt-inside-inner-col{row-gap:var(--global-kb-gap-none, 0rem );column-gap:var(--global-kb-gap-sm, 1rem);}.kadence-column2755_cbff4c-29 > .kt-inside-inner-col{flex-direction:column;align-items:center;}.kadence-column2755_cbff4c-29 > .kt-inside-inner-col > .kb-image-is-ratio-size{align-self:stretch;}.kadence-column2755_cbff4c-29 > .kt-inside-inner-col > .wp-block-kadence-advancedgallery{align-self:stretch;}.kadence-column2755_cbff4c-29 > .kt-inside-inner-col > .aligncenter{width:100%;}.kadence-column2755_cbff4c-29 > .kt-inside-inner-col:before{opacity:0.3;}.kadence-column2755_cbff4c-29{position:relative;}@media all and (min-width: 1025px){.wp-block-kadence-column.kb-section-dir-horizontal>.kt-inside-inner-col>.kadence-column2755_cbff4c-29{-webkit-flex:0 1 700px;flex:0 1 700px;max-width:unset;margin-left:unset;margin-right:unset;}}@media all and (max-width: 1024px){.kadence-column2755_cbff4c-29 > .kt-inside-inner-col{flex-direction:column;align-items:center;}}@media all and (max-width: 767px){.wp-block-kadence-column.kb-section-sm-dir-vertical:not(.kb-section-sm-dir-horizontal):not(.kb-section-sm-dir-specificity)>.kt-inside-inner-col>.kadence-column2755_cbff4c-29{max-width:700px;-webkit-flex:1;flex:1;margin-left:auto;margin-right:auto;}.kadence-column2755_cbff4c-29 > .kt-inside-inner-col{flex-direction:column;align-items:center;}}<\/style>\n<div class=\"wp-block-kadence-column kadence-column2755_cbff4c-29\"><div class=\"kt-inside-inner-col\">\n<pre class=\"wp-block-verse\"><strong>Az el\u0151terjeszt\u0151k p\u00e1lyamunk\u00e1ja<\/strong><br>\u00c9rkezett a 2025-\u00f6s \u00c9rt\u00e9keink Nyom\u00e1ban c\u00edm\u0171 p\u00e1ly\u00e1zatra<\/pre>\n<\/div><\/div>\n\n\n<style>.kadence-column2755_790dd2-cc{max-width:700px;margin-left:auto;margin-right:auto;}.wp-block-kadence-column.kb-section-dir-horizontal:not(.kb-section-md-dir-vertical)>.kt-inside-inner-col>.kadence-column2755_790dd2-cc{-webkit-flex:0 1 700px;flex:0 1 700px;max-width:unset;margin-left:unset;margin-right:unset;}.kadence-column2755_790dd2-cc > .kt-inside-inner-col,.kadence-column2755_790dd2-cc > .kt-inside-inner-col:before{border-top-left-radius:0px;border-top-right-radius:0px;border-bottom-right-radius:0px;border-bottom-left-radius:0px;}.kadence-column2755_790dd2-cc > .kt-inside-inner-col{column-gap:var(--global-kb-gap-sm, 1rem);}.kadence-column2755_790dd2-cc > .kt-inside-inner-col{flex-direction:column;}.kadence-column2755_790dd2-cc > .kt-inside-inner-col > .aligncenter{width:100%;}.kadence-column2755_790dd2-cc > .kt-inside-inner-col:before{opacity:0.3;}.kadence-column2755_790dd2-cc{position:relative;}@media all and (min-width: 1025px){.wp-block-kadence-column.kb-section-dir-horizontal>.kt-inside-inner-col>.kadence-column2755_790dd2-cc{-webkit-flex:0 1 700px;flex:0 1 700px;max-width:unset;margin-left:unset;margin-right:unset;}}@media all and (max-width: 1024px){.kadence-column2755_790dd2-cc > .kt-inside-inner-col{flex-direction:column;}}@media all and (max-width: 767px){.wp-block-kadence-column.kb-section-sm-dir-vertical:not(.kb-section-sm-dir-horizontal):not(.kb-section-sm-dir-specificity)>.kt-inside-inner-col>.kadence-column2755_790dd2-cc{max-width:700px;-webkit-flex:1;flex:1;margin-left:auto;margin-right:auto;}.kadence-column2755_790dd2-cc > .kt-inside-inner-col{flex-direction:column;}}<\/style>\n<div class=\"wp-block-kadence-column kadence-column2755_790dd2-cc\"><div class=\"kt-inside-inner-col\">\n<div data-wp-interactive=\"core\/file\" class=\"wp-block-file\"><object data-wp-bind--hidden=\"!state.hasPdfPreview\" hidden class=\"wp-block-file__embed\" data=\"https:\/\/miklosimuzeum.hu\/wp-content\/uploads\/2026\/02\/08-Insula.pdf\" type=\"application\/pdf\" style=\"width:100%;height:600px\" aria-label=\"Embed of 08-Insula.\"><\/object><a id=\"wp-block-file--media-18a3cfaa-2d24-41b4-9c1d-81f55d4fb434\" href=\"https:\/\/miklosimuzeum.hu\/wp-content\/uploads\/2026\/02\/08-Insula.pdf\">08-Insula<\/a><a href=\"https:\/\/miklosimuzeum.hu\/wp-content\/uploads\/2026\/02\/08-Insula.pdf\" class=\"wp-block-file__button wp-element-button\" download aria-describedby=\"wp-block-file--media-18a3cfaa-2d24-41b4-9c1d-81f55d4fb434\">Let\u00f6lt\u00e9s<\/a><\/div>\n<\/div><\/div>","protected":false},"excerpt":{"rendered":"<p>\u00c9rt\u00e9kt\u00e1rba val\u00f3 felv\u00e9tel d\u00e1tuma: 2025.Felterjeszt\u0151: Tar Darinka9. \u00e9vf., Kardos Istv\u00e1n \u00c1ltal\u00e1nos Iskola \u00e9s Gimn\u00e1zium Szigetszentmikl\u00f3s nev\u00e9t belf\u00f6ld\u00f6n \u00e9s k\u00fclf\u00f6ld\u00f6n egyar\u00e1nt rengeteg helyen ismerik a t\u00f6bb mint 40 \u00e9ve m\u0171k\u00f6d\u0151 m\u0171v\u00e9szk\u00f6z\u00f6ss\u00e9gnek k\u00f6sz\u00f6nhet\u0151en. A mai napig akt\u00edv Insula Alkot\u00f3m\u0171v\u00e9szek Csoportja 1982 \u00f3ta \u00f6nszervez\u0151d\u0151 alapon m\u0171k\u00f6dik, \u00e9s lehet\u0151s\u00e9get biztos\u00edt a helyi m\u0171v\u00e9szek sz\u00e1m\u00e1ra tehets\u00e9g\u00fck kibontakoztat\u00e1s\u00e1ra. A csoport tagjai [&hellip;]<\/p>","protected":false},"author":1,"featured_media":2814,"comment_status":"closed","ping_status":"open","sticky":false,"template":"","format":"standard","meta":{"ub_ctt_via":"","ocean_post_layout":"","ocean_both_sidebars_style":"","ocean_both_sidebars_content_width":0,"ocean_both_sidebars_sidebars_width":0,"ocean_sidebar":"","ocean_second_sidebar":"","ocean_disable_margins":"enable","ocean_add_body_class":"","ocean_shortcode_before_top_bar":"","ocean_shortcode_after_top_bar":"","ocean_shortcode_before_header":"","ocean_shortcode_after_header":"","ocean_has_shortcode":"","ocean_shortcode_after_title":"","ocean_shortcode_before_footer_widgets":"","ocean_shortcode_after_footer_widgets":"","ocean_shortcode_before_footer_bottom":"","ocean_shortcode_after_footer_bottom":"","ocean_display_top_bar":"default","ocean_display_header":"default","ocean_header_style":"","ocean_center_header_left_menu":"","ocean_custom_header_template":"","ocean_custom_logo":0,"ocean_custom_retina_logo":0,"ocean_custom_logo_max_width":0,"ocean_custom_logo_tablet_max_width":0,"ocean_custom_logo_mobile_max_width":0,"ocean_custom_logo_max_height":0,"ocean_custom_logo_tablet_max_height":0,"ocean_custom_logo_mobile_max_height":0,"ocean_header_custom_menu":"","ocean_menu_typo_font_family":"","ocean_menu_typo_font_subset":"","ocean_menu_typo_font_size":0,"ocean_menu_typo_font_size_tablet":0,"ocean_menu_typo_font_size_mobile":0,"ocean_menu_typo_font_size_unit":"px","ocean_menu_typo_font_weight":"","ocean_menu_typo_font_weight_tablet":"","ocean_menu_typo_font_weight_mobile":"","ocean_menu_typo_transform":"","ocean_menu_typo_transform_tablet":"","ocean_menu_typo_transform_mobile":"","ocean_menu_typo_line_height":0,"ocean_menu_typo_line_height_tablet":0,"ocean_menu_typo_line_height_mobile":0,"ocean_menu_typo_line_height_unit":"","ocean_menu_typo_spacing":0,"ocean_menu_typo_spacing_tablet":0,"ocean_menu_typo_spacing_mobile":0,"ocean_menu_typo_spacing_unit":"","ocean_menu_link_color":"","ocean_menu_link_color_hover":"","ocean_menu_link_color_active":"","ocean_menu_link_background":"","ocean_menu_link_hover_background":"","ocean_menu_link_active_background":"","ocean_menu_social_links_bg":"","ocean_menu_social_hover_links_bg":"","ocean_menu_social_links_color":"","ocean_menu_social_hover_links_color":"","ocean_disable_title":"default","ocean_disable_heading":"default","ocean_post_title":"","ocean_post_subheading":"","ocean_post_title_style":"","ocean_post_title_background_color":"","ocean_post_title_background":0,"ocean_post_title_bg_image_position":"","ocean_post_title_bg_image_attachment":"","ocean_post_title_bg_image_repeat":"","ocean_post_title_bg_image_size":"","ocean_post_title_height":0,"ocean_post_title_bg_overlay":0.5,"ocean_post_title_bg_overlay_color":"","ocean_disable_breadcrumbs":"default","ocean_breadcrumbs_color":"","ocean_breadcrumbs_separator_color":"","ocean_breadcrumbs_links_color":"","ocean_breadcrumbs_links_hover_color":"","ocean_display_footer_widgets":"default","ocean_display_footer_bottom":"default","ocean_custom_footer_template":"","ocean_post_oembed":"","ocean_post_self_hosted_media":"","ocean_post_video_embed":"","ocean_link_format":"","ocean_link_format_target":"self","ocean_quote_format":"","ocean_quote_format_link":"post","ocean_gallery_link_images":"on","ocean_gallery_id":[],"footnotes":""},"categories":[165],"tags":[167],"class_list":["post-2755","post","type-post","status-publish","format-standard","has-post-thumbnail","hentry","category-ertektar","tag-telepulesi-ertektar","entry","has-media"],"featured_image_src":"https:\/\/miklosimuzeum.hu\/wp-content\/uploads\/2026\/02\/08-cover.jpg","author_info":{"display_name":"Miss N\u00e1ndor","author_link":"https:\/\/miklosimuzeum.hu\/en\/author\/admin\/"},"rttpg_featured_image_url":{"full":["https:\/\/miklosimuzeum.hu\/wp-content\/uploads\/2026\/02\/08-cover.jpg",600,600,false],"landscape":["https:\/\/miklosimuzeum.hu\/wp-content\/uploads\/2026\/02\/08-cover.jpg",600,600,false],"portraits":["https:\/\/miklosimuzeum.hu\/wp-content\/uploads\/2026\/02\/08-cover.jpg",600,600,false],"thumbnail":["https:\/\/miklosimuzeum.hu\/wp-content\/uploads\/2026\/02\/08-cover-150x150.jpg",150,150,true],"medium":["https:\/\/miklosimuzeum.hu\/wp-content\/uploads\/2026\/02\/08-cover-300x300.jpg",300,300,true],"large":["https:\/\/miklosimuzeum.hu\/wp-content\/uploads\/2026\/02\/08-cover.jpg",600,600,false],"1536x1536":["https:\/\/miklosimuzeum.hu\/wp-content\/uploads\/2026\/02\/08-cover.jpg",600,600,false],"2048x2048":["https:\/\/miklosimuzeum.hu\/wp-content\/uploads\/2026\/02\/08-cover.jpg",600,600,false],"trp-custom-language-flag":["https:\/\/miklosimuzeum.hu\/wp-content\/uploads\/2026\/02\/08-cover-12x12.jpg",12,12,true],"ocean-thumb-m":["https:\/\/miklosimuzeum.hu\/wp-content\/uploads\/2026\/02\/08-cover.jpg",600,600,false],"ocean-thumb-ml":["https:\/\/miklosimuzeum.hu\/wp-content\/uploads\/2026\/02\/08-cover-600x450.jpg",600,450,true],"ocean-thumb-l":["https:\/\/miklosimuzeum.hu\/wp-content\/uploads\/2026\/02\/08-cover.jpg",600,600,false]},"rttpg_author":{"display_name":"Miss N\u00e1ndor","author_link":"https:\/\/miklosimuzeum.hu\/en\/author\/admin\/"},"rttpg_comment":0,"rttpg_category":"<a href=\"https:\/\/miklosimuzeum.hu\/en\/category\/ertektar\/\" rel=\"category tag\">\u00c9rt\u00e9kt\u00e1r<\/a>","rttpg_excerpt":"\u00c9rt\u00e9kt\u00e1rba val\u00f3 felv\u00e9tel d\u00e1tuma: 2025.Felterjeszt\u0151: Tar Darinka9. \u00e9vf., Kardos Istv\u00e1n \u00c1ltal\u00e1nos Iskola \u00e9s Gimn\u00e1zium Szigetszentmikl\u00f3s nev\u00e9t belf\u00f6ld\u00f6n \u00e9s k\u00fclf\u00f6ld\u00f6n egyar\u00e1nt rengeteg helyen ismerik a t\u00f6bb mint 40 \u00e9ve m\u0171k\u00f6d\u0151 m\u0171v\u00e9szk\u00f6z\u00f6ss\u00e9gnek k\u00f6sz\u00f6nhet\u0151en. A mai napig akt\u00edv Insula Alkot\u00f3m\u0171v\u00e9szek Csoportja 1982 \u00f3ta \u00f6nszervez\u0151d\u0151 alapon m\u0171k\u00f6dik, \u00e9s lehet\u0151s\u00e9get biztos\u00edt a helyi m\u0171v\u00e9szek sz\u00e1m\u00e1ra tehets\u00e9g\u00fck kibontakoztat\u00e1s\u00e1ra. A csoport tagjai&hellip;","_links":{"self":[{"href":"https:\/\/miklosimuzeum.hu\/en\/wp-json\/wp\/v2\/posts\/2755","targetHints":{"allow":["GET"]}}],"collection":[{"href":"https:\/\/miklosimuzeum.hu\/en\/wp-json\/wp\/v2\/posts"}],"about":[{"href":"https:\/\/miklosimuzeum.hu\/en\/wp-json\/wp\/v2\/types\/post"}],"author":[{"embeddable":true,"href":"https:\/\/miklosimuzeum.hu\/en\/wp-json\/wp\/v2\/users\/1"}],"replies":[{"embeddable":true,"href":"https:\/\/miklosimuzeum.hu\/en\/wp-json\/wp\/v2\/comments?post=2755"}],"version-history":[{"count":2,"href":"https:\/\/miklosimuzeum.hu\/en\/wp-json\/wp\/v2\/posts\/2755\/revisions"}],"predecessor-version":[{"id":2773,"href":"https:\/\/miklosimuzeum.hu\/en\/wp-json\/wp\/v2\/posts\/2755\/revisions\/2773"}],"wp:featuredmedia":[{"embeddable":true,"href":"https:\/\/miklosimuzeum.hu\/en\/wp-json\/wp\/v2\/media\/2814"}],"wp:attachment":[{"href":"https:\/\/miklosimuzeum.hu\/en\/wp-json\/wp\/v2\/media?parent=2755"}],"wp:term":[{"taxonomy":"category","embeddable":true,"href":"https:\/\/miklosimuzeum.hu\/en\/wp-json\/wp\/v2\/categories?post=2755"},{"taxonomy":"post_tag","embeddable":true,"href":"https:\/\/miklosimuzeum.hu\/en\/wp-json\/wp\/v2\/tags?post=2755"}],"curies":[{"name":"wp","href":"https:\/\/api.w.org\/{rel}","templated":true}]}}