{"id":2747,"date":"2026-02-09T15:49:43","date_gmt":"2026-02-09T15:49:43","guid":{"rendered":"https:\/\/miklosimuzeum.hu\/?p=2747"},"modified":"2026-02-09T20:11:04","modified_gmt":"2026-02-09T20:11:04","slug":"a-halaszkert","status":"publish","type":"post","link":"https:\/\/miklosimuzeum.hu\/en\/2026\/02\/09\/a-halaszkert\/","title":{"rendered":"A Hal\u00e1szkert"},"content":{"rendered":"<style>.kadence-column2747_cae8a1-dc > .kt-inside-inner-col{display:flex;}.kadence-column2747_cae8a1-dc{max-width:700px;margin-left:auto;margin-right:auto;}.wp-block-kadence-column.kb-section-dir-horizontal:not(.kb-section-md-dir-vertical)>.kt-inside-inner-col>.kadence-column2747_cae8a1-dc{-webkit-flex:0 1 700px;flex:0 1 700px;max-width:unset;margin-left:unset;margin-right:unset;}.kadence-column2747_cae8a1-dc > .kt-inside-inner-col,.kadence-column2747_cae8a1-dc > .kt-inside-inner-col:before{border-top-left-radius:0px;border-top-right-radius:0px;border-bottom-right-radius:0px;border-bottom-left-radius:0px;}.kadence-column2747_cae8a1-dc > .kt-inside-inner-col{row-gap:var(--global-kb-gap-none, 0rem );column-gap:var(--global-kb-gap-sm, 1rem);}.kadence-column2747_cae8a1-dc > .kt-inside-inner-col{flex-direction:column;align-items:center;}.kadence-column2747_cae8a1-dc > .kt-inside-inner-col > .kb-image-is-ratio-size{align-self:stretch;}.kadence-column2747_cae8a1-dc > .kt-inside-inner-col > .wp-block-kadence-advancedgallery{align-self:stretch;}.kadence-column2747_cae8a1-dc > .kt-inside-inner-col > .aligncenter{width:100%;}.kadence-column2747_cae8a1-dc > .kt-inside-inner-col:before{opacity:0.3;}.kadence-column2747_cae8a1-dc{position:relative;}@media all and (min-width: 1025px){.wp-block-kadence-column.kb-section-dir-horizontal>.kt-inside-inner-col>.kadence-column2747_cae8a1-dc{-webkit-flex:0 1 700px;flex:0 1 700px;max-width:unset;margin-left:unset;margin-right:unset;}}@media all and (max-width: 1024px){.kadence-column2747_cae8a1-dc > .kt-inside-inner-col{flex-direction:column;align-items:center;}}@media all and (max-width: 767px){.wp-block-kadence-column.kb-section-sm-dir-vertical:not(.kb-section-sm-dir-horizontal):not(.kb-section-sm-dir-specificity)>.kt-inside-inner-col>.kadence-column2747_cae8a1-dc{max-width:700px;-webkit-flex:1;flex:1;margin-left:auto;margin-right:auto;}.kadence-column2747_cae8a1-dc > .kt-inside-inner-col{flex-direction:column;align-items:center;}}<\/style>\n<div class=\"wp-block-kadence-column kadence-column2747_cae8a1-dc\"><div class=\"kt-inside-inner-col\">\n<pre class=\"wp-block-verse\"><strong>\u00c9rt\u00e9kt\u00e1rba val\u00f3 felv\u00e9tel d\u00e1tuma:<\/strong> 2025.<br><strong>Felterjeszt\u0151k: <\/strong>Podp\u00e1cz Bal\u00e1zs, Nagy Bal\u00e1zs, K\u00e1lm\u00e1n-Bal\u00f3 Dominik<br>9. \u00e9vf., Kardos Istv\u00e1n \u00c1ltal\u00e1nos Iskola \u00e9s Gimn\u00e1zium<\/pre>\n<\/div><\/div>\n\n\n<div class=\"wp-block-image\">\n<figure class=\"alignleft size-full is-resized\"><a href=\"https:\/\/miklosimuzeum.hu\/wp-content\/uploads\/2026\/02\/SZHGY_F_1.1135.jpeg\"><img fetchpriority=\"high\" decoding=\"async\" width=\"1652\" height=\"1121\" src=\"https:\/\/miklosimuzeum.hu\/wp-content\/uploads\/2026\/02\/SZHGY_F_1.1135.jpeg\" alt=\"\" class=\"wp-image-2749\" style=\"width:300px\"\/><\/a><figcaption class=\"wp-element-caption\">Az \u0151s: \u00c1rp\u00e1dliget-strandf\u00fcrd\u0151 a 20. sz\u00e1zad els\u0151 negyed\u00e9ben. Forr\u00e1s: <a href=\"https:\/\/pe.hu.museum-digital.org\/object\/685966\">M\u00fazeumDigit\u00e1r<\/a><\/figcaption><\/figure>\n<\/div>\n\n\n<p>A mai Hal\u00e1szkert hely\u00e9n m\u00e1r az 1910-es \u00e9vekben is m\u0171k\u00f6d\u00f6tt az \u00c1rp\u00e1dligeti strandf\u00fcrd\u0151, amelyhez egy vend\u00e9gl\u0151 is tartozott. B\u00e1r pontosan senki sem tudja, mi\u00e9rt \u00e9ppen ide \u00e9p\u00edtett\u00e9k a strandot, val\u00f3sz\u00edn\u0171, hogy a Duna-\u00e1g kedvez\u0151 adotts\u00e1gai j\u00e1tszottak szerepet benne: a meder ezen a szakaszon kell\u0151en sz\u00e9les volt, a v\u00edz sek\u00e9ly \u00e9s biztons\u00e1gos, \u00edgy kiv\u00e1l\u00f3an alkalmasnak bizonyult a f\u00fcrd\u0151z\u00e9sre. A m\u00e1sodik vil\u00e1gh\u00e1bor\u00fa bomb\u00e1z\u00e1sai ut\u00e1n a ter\u00fclet rendez\u00e9s\u00e9re csak r\u00e9szben ker\u00fclt sor, majd 1963-t\u00f3l kezdve elindultak az \u00faj strand meg\u00e9p\u00edt\u00e9s\u00e9nek munk\u00e1latai, ez lett az \u00c1rp\u00e1d-strand.<\/p>\n\n\n\n<p>Ebben az id\u0151szakban ig\u00e9nyk\u00e9nt mer\u00fclt fel egy strandvend\u00e9gl\u0151 l\u00e9trehoz\u00e1sa is \u2013 hiszen ahol sokan f\u00fcrdenek, ott sz\u00fcks\u00e9g van olyan helyre, ahol enni, inni \u00e9s pihenni lehet. Ennek a gondolatnak a jegy\u00e9ben kezd\u0151d\u00f6tt meg a Hal\u00e1szkert kialak\u00edt\u00e1sa, amely 1967-re k\u00e9sz\u00fclt el teljesen. \u00dcnnep\u00e9lyes megnyit\u00f3j\u00e1t 1967. m\u00e1jus 1-j\u00e9n tartott\u00e1k, amikor a maj\u00e1lisra \u00e9rkez\u0151 felvonul\u00f3k is ide \u00e9rkeztek meg. A rendezv\u00e9nyeken \u00e9l\u0151zene, cs\u00f3nakfelvonul\u00e1s, fell\u00e9p\u0151k \u00e9s t\u0171zij\u00e1t\u00e9k is sz\u00f3rakoztatta a r\u00e9sztvev\u0151ket \u2013 m\u00e1r az els\u0151 \u00e9vekben komoly programok szervez\u0151dtek a helysz\u00ednen.<\/p>\n\n\n<div class=\"wp-block-image\">\n<figure class=\"alignright size-full is-resized\"><a href=\"https:\/\/miklosimuzeum.hu\/wp-content\/uploads\/2026\/02\/494228492_9886931078026306_8831634508016796289_n.jpg\"><img decoding=\"async\" width=\"960\" height=\"629\" src=\"https:\/\/miklosimuzeum.hu\/wp-content\/uploads\/2026\/02\/494228492_9886931078026306_8831634508016796289_n.jpg\" alt=\"\" class=\"wp-image-2751\" style=\"width:300px\"\/><\/a><figcaption class=\"wp-element-caption\">Az \u00c1rp\u00e1d-strand \u00e9s a Hal\u00e1szkert \u00e9p\u00fclete \u00faj kor\u00e1ban az 1960-as \u00e9vekben<\/figcaption><\/figure>\n<\/div>\n\n\n<p>A Hal\u00e1szkert egyszerre t\u00f6lt\u00f6tte be az \u00e9tterem \u00e9s a sz\u00f3rakoz\u00f3hely szerep\u00e9t. A vend\u00e9gl\u0151 hamar h\u00edress\u00e9 v\u00e1lt pezsg\u0151 zenei \u00e9let\u00e9r\u0151l: m\u00e1r a nyit\u00e1s ut\u00e1ni \u00e9vekben lehet\u0151s\u00e9g ny\u00edlt\u00a0helyi \u00e9s k\u00f6rny\u00e9kbeli zenekarok (Spiders, Pax) bemutatkoz\u00e1s\u00e1ra, majd n\u00e9h\u00e1ny \u00e9vtizeddel k\u00e9s\u0151bb a P\u00e1l Utcai Fi\u00fak feldolgoz\u00e1sokat j\u00e1tsz\u00f3 form\u00e1ci\u00f3ja, a \u201eFi\u00fak a P\u00e1l Utc\u00e1b\u00f3l\u201d egy\u00fcttes is rendszeres fell\u00e9p\u0151 volt. Tov\u00e1bbi helybeli \u00e9s orsz\u00e1gos h\u00edr\u0171 fell\u00e9p\u0151k a 90-es \u00e9vekben a Happy Roosters, Zsuzsa N\u00e9ni K\u00f6zbel\u00e9p, Tubifex, Funky Special, Kisp\u00e1l \u00e9s a Borz, Szi\u00e1mi, Tak\u00e1ts Tam\u00e1s, Magyar Atom, Blues Company, De\u00e1k Bill Gyula \u00e9s a Beatrice voltak. A zenei felhozatalon t\u00fal a 80-as \u00e9vekben gyakoriak voltak az el\u0151ad\u00f3i estek is (pl. Kabos L\u00e1szl\u00f3, Felf\u00f6ldi Anik\u00f3), k\u00e9s\u0151bb pedig m\u00e1r sz\u00fcreti b\u00e1lt is tartottak itt. Kultur\u00e1lisan \u00e9s zeneileg teh\u00e1t egyar\u00e1nt k\u00f6zponti szerepet t\u00f6lt\u00f6tt be Szigetszentmikl\u00f3son a Hal\u00e1szkert.<\/p>\n\n\n<div class=\"wp-block-image\">\n<figure class=\"alignleft size-full is-resized\"><a href=\"https:\/\/miklosimuzeum.hu\/wp-content\/uploads\/2026\/02\/539989881_24567914716168033_5232464113320550801_n.jpg\"><img decoding=\"async\" width=\"960\" height=\"629\" src=\"https:\/\/miklosimuzeum.hu\/wp-content\/uploads\/2026\/02\/539989881_24567914716168033_5232464113320550801_n.jpg\" alt=\"\" class=\"wp-image-2748\" style=\"width:300px\"\/><\/a><figcaption class=\"wp-element-caption\">1986<\/figcaption><\/figure>\n<\/div>\n\n\n<p>A Hal\u00e1szkert nem csup\u00e1n a helyi programoknak, hanem m\u00e1s k\u00f6z\u00f6ss\u00e9gek rendezv\u00e9nyeinek is teret adott: a Csepel Aut\u00f3gy\u00e1r t\u00f6bb alkalommal tartotta itt \u00fcnneps\u00e9geit \u00e9s esem\u00e9nyeit.<\/p>\n\n\n\n<p>Ek\u00f6zben a strand sorsa egyre bizonytalanabb\u00e1 v\u00e1lt. A R\u00e1ckevei-Duna-\u00e1g v\u00edzmin\u0151s\u00e9ge a 60-as \u00e9vek v\u00e9g\u00e9t\u0151l fokozatosan romlott. M\u00e1r akkoriban megjelentek olyan cikkek, amelyek olaj- \u00e9s egy\u00e9b szennyez\u0151d\u00e9seket jeleztek, \u00e9s a 70-es \u00e9vek m\u00e1sodik fel\u00e9t\u0151l nem is javasolt\u00e1k a f\u00fcrd\u00e9st. Ennek ellen\u00e9re a lakosok m\u00e9g a 90-es \u00e9vekig haszn\u00e1lt\u00e1k a strandot. A v\u00edz min\u0151s\u00e9ge \u00f6nmag\u00e1ban k\u00e9s\u0151bb sem lett volna rossz, a gondot az \u00e9vtizedek alatt felhalmoz\u00f3dott iszap jelentette, amely mag\u00e1ba z\u00e1rta a k\u00fcl\u00f6nf\u00e9le m\u00e9rgez\u0151 anyagokat. A 90-es \u00e9vek k\u00f6zep\u00e9re m\u00e1r olyan m\u00e9rt\u00e9k\u0171v\u00e9 v\u00e1lt a szennyezetts\u00e9g, hogy a f\u00fcrd\u0151z\u00e9s teljesen megsz\u0171nt, a 2000-es \u00e9vek elej\u00e9n pedig a b\u00f3j\u00e1kat is kiszedt\u00e9k.<\/p>\n\n\n<div class=\"wp-block-image\">\n<figure class=\"alignright size-full is-resized\"><a href=\"https:\/\/miklosimuzeum.hu\/wp-content\/uploads\/2026\/02\/548193926_24723883227237847_1950343876953327102_n.jpg\"><img loading=\"lazy\" decoding=\"async\" width=\"1806\" height=\"1010\" src=\"https:\/\/miklosimuzeum.hu\/wp-content\/uploads\/2026\/02\/548193926_24723883227237847_1950343876953327102_n.jpg\" alt=\"\" class=\"wp-image-2752\" style=\"width:300px\"\/><\/a><figcaption class=\"wp-element-caption\">A P\u00e1l Utcai Fi\u00fak egy\u00fcttes egy speci\u00e1lis form\u00e1ci\u00f3ja is rendszeres fell\u00e9p\u0151 volt itt.<\/figcaption><\/figure>\n<\/div>\n\n\n<p>A Hal\u00e1szkertben 1998-ban tartott\u00e1k az utols\u00f3 nagy koncerteket, 1999-ben m\u00e9g egy-k\u00e9t esem\u00e9ny erej\u00e9ig \u00fajra kinyitott, majd 2000 k\u00f6r\u00fcl v\u00e9gleg bez\u00e1rt. 2001-ben a l\u00e9tes\u00edtm\u00e9nyt elbontott\u00e1k. A hely\u00e9n hossz\u00fa ideig nem alak\u00edtottak ki semmilyen \u00faj k\u00f6z\u00f6ss\u00e9gi funkci\u00f3t; a ter\u00fclet parlagon maradt, m\u00edg v\u00e9g\u00fcl egy mag\u00e1nh\u00e1z \u00e9p\u00fclt r\u00e1.<\/p>\n\n\n\n<p>A Hal\u00e1szkert t\u00f6rt\u00e9nete \u00edgy v\u00e1lt a strandol\u00e1s f\u00e9nykor\u00e1b\u00f3l egy \u00e9l\u0151zen\u00e9s, kultur\u00e1lis k\u00f6zpont t\u00f6rt\u00e9net\u00e9v\u00e9, majd lassan a v\u00e1ros m\u00faltj\u00e1nak r\u00e9sz\u00e9v\u00e9. Sokak sz\u00e1m\u00e1ra ma is nosztalgikus eml\u00e9k, amely egy korszak hangulat\u00e1t \u0151rzi Szigetszentmikl\u00f3son.<\/p>\n\n\n<div class=\"wp-block-image\">\n<figure class=\"aligncenter size-full is-resized\"><img loading=\"lazy\" decoding=\"async\" width=\"2000\" height=\"1335\" src=\"https:\/\/miklosimuzeum.hu\/wp-content\/uploads\/2026\/02\/612988893_25754737194152440_409273710959625381_n.jpg\" alt=\"\" class=\"wp-image-2753\" style=\"width:500px\"\/><figcaption class=\"wp-element-caption\">A Hal\u00e1szkert alatti partszakasz, az egykori \u00c1rp\u00e1d-strand jelen \u00e1llapot\u00e1ban<\/figcaption><\/figure>\n<\/div>\n\n\n<div class=\"wp-block-buttons is-content-justification-center is-layout-flex wp-container-core-buttons-is-layout-16018d1d wp-block-buttons-is-layout-flex\">\n<div class=\"wp-block-button\"><a class=\"wp-block-button__link wp-element-button\" href=\"https:\/\/www.facebook.com\/groups\/1116932542791412\">Volt egyszer egy Hal\u00e1szkert&#8230; Facebook-csoport<\/a><\/div>\n<\/div>\n\n\n<style>.kadence-column2747_0d9511-fe > .kt-inside-inner-col{display:flex;}.kadence-column2747_0d9511-fe{max-width:700px;margin-left:auto;margin-right:auto;}.wp-block-kadence-column.kb-section-dir-horizontal:not(.kb-section-md-dir-vertical)>.kt-inside-inner-col>.kadence-column2747_0d9511-fe{-webkit-flex:0 1 700px;flex:0 1 700px;max-width:unset;margin-left:unset;margin-right:unset;}.kadence-column2747_0d9511-fe > .kt-inside-inner-col,.kadence-column2747_0d9511-fe > .kt-inside-inner-col:before{border-top-left-radius:0px;border-top-right-radius:0px;border-bottom-right-radius:0px;border-bottom-left-radius:0px;}.kadence-column2747_0d9511-fe > .kt-inside-inner-col{row-gap:var(--global-kb-gap-none, 0rem );column-gap:var(--global-kb-gap-sm, 1rem);}.kadence-column2747_0d9511-fe > .kt-inside-inner-col{flex-direction:column;align-items:center;}.kadence-column2747_0d9511-fe > .kt-inside-inner-col > .kb-image-is-ratio-size{align-self:stretch;}.kadence-column2747_0d9511-fe > .kt-inside-inner-col > .wp-block-kadence-advancedgallery{align-self:stretch;}.kadence-column2747_0d9511-fe > .kt-inside-inner-col > .aligncenter{width:100%;}.kadence-column2747_0d9511-fe > .kt-inside-inner-col:before{opacity:0.3;}.kadence-column2747_0d9511-fe{position:relative;}@media all and (min-width: 1025px){.wp-block-kadence-column.kb-section-dir-horizontal>.kt-inside-inner-col>.kadence-column2747_0d9511-fe{-webkit-flex:0 1 700px;flex:0 1 700px;max-width:unset;margin-left:unset;margin-right:unset;}}@media all and (max-width: 1024px){.kadence-column2747_0d9511-fe > .kt-inside-inner-col{flex-direction:column;align-items:center;}}@media all and (max-width: 767px){.wp-block-kadence-column.kb-section-sm-dir-vertical:not(.kb-section-sm-dir-horizontal):not(.kb-section-sm-dir-specificity)>.kt-inside-inner-col>.kadence-column2747_0d9511-fe{max-width:700px;-webkit-flex:1;flex:1;margin-left:auto;margin-right:auto;}.kadence-column2747_0d9511-fe > .kt-inside-inner-col{flex-direction:column;align-items:center;}}<\/style>\n<div class=\"wp-block-kadence-column kadence-column2747_0d9511-fe\"><div class=\"kt-inside-inner-col\">\n<pre class=\"wp-block-verse\"><strong>Az el\u0151terjeszt\u0151k p\u00e1lyamunk\u00e1ja<\/strong><br>\u00c9rkezett a 2025-\u00f6s \u00c9rt\u00e9keink Nyom\u00e1ban c\u00edm\u0171 p\u00e1ly\u00e1zatra<\/pre>\n<\/div><\/div>\n\n\n\n<figure class=\"wp-block-embed is-type-video is-provider-youtube wp-block-embed-youtube wp-embed-aspect-16-9 wp-has-aspect-ratio\"><div class=\"wp-block-embed__wrapper\">\n<p class=\"responsive-video-wrap clr\"><iframe title=\"\u00c9rt\u00e9keink Nyom\u00e1ban p\u00e1ly\u00e1zat: A Hal\u00e1szkert\" width=\"1200\" height=\"675\" src=\"https:\/\/www.youtube.com\/embed\/01MmYLvQ-eY?feature=oembed\" frameborder=\"0\" allow=\"accelerometer; autoplay; clipboard-write; encrypted-media; gyroscope; picture-in-picture; web-share\" referrerpolicy=\"strict-origin-when-cross-origin\" allowfullscreen><\/iframe><\/p>\n<\/div><\/figure>","protected":false},"excerpt":{"rendered":"<p>\u00c9rt\u00e9kt\u00e1rba val\u00f3 felv\u00e9tel d\u00e1tuma: 2025.Felterjeszt\u0151k: Podp\u00e1cz Bal\u00e1zs, Nagy Bal\u00e1zs, K\u00e1lm\u00e1n-Bal\u00f3 Dominik9. \u00e9vf., Kardos Istv\u00e1n \u00c1ltal\u00e1nos Iskola \u00e9s Gimn\u00e1zium A mai Hal\u00e1szkert hely\u00e9n m\u00e1r az 1910-es \u00e9vekben is m\u0171k\u00f6d\u00f6tt az \u00c1rp\u00e1dligeti strandf\u00fcrd\u0151, amelyhez egy vend\u00e9gl\u0151 is tartozott. B\u00e1r pontosan senki sem tudja, mi\u00e9rt \u00e9ppen ide \u00e9p\u00edtett\u00e9k a strandot, val\u00f3sz\u00edn\u0171, hogy a Duna-\u00e1g kedvez\u0151 adotts\u00e1gai j\u00e1tszottak szerepet [&hellip;]<\/p>","protected":false},"author":1,"featured_media":2815,"comment_status":"closed","ping_status":"open","sticky":false,"template":"","format":"standard","meta":{"ub_ctt_via":"","ocean_post_layout":"","ocean_both_sidebars_style":"","ocean_both_sidebars_content_width":0,"ocean_both_sidebars_sidebars_width":0,"ocean_sidebar":"","ocean_second_sidebar":"","ocean_disable_margins":"enable","ocean_add_body_class":"","ocean_shortcode_before_top_bar":"","ocean_shortcode_after_top_bar":"","ocean_shortcode_before_header":"","ocean_shortcode_after_header":"","ocean_has_shortcode":"","ocean_shortcode_after_title":"","ocean_shortcode_before_footer_widgets":"","ocean_shortcode_after_footer_widgets":"","ocean_shortcode_before_footer_bottom":"","ocean_shortcode_after_footer_bottom":"","ocean_display_top_bar":"default","ocean_display_header":"default","ocean_header_style":"","ocean_center_header_left_menu":"","ocean_custom_header_template":"","ocean_custom_logo":0,"ocean_custom_retina_logo":0,"ocean_custom_logo_max_width":0,"ocean_custom_logo_tablet_max_width":0,"ocean_custom_logo_mobile_max_width":0,"ocean_custom_logo_max_height":0,"ocean_custom_logo_tablet_max_height":0,"ocean_custom_logo_mobile_max_height":0,"ocean_header_custom_menu":"","ocean_menu_typo_font_family":"","ocean_menu_typo_font_subset":"","ocean_menu_typo_font_size":0,"ocean_menu_typo_font_size_tablet":0,"ocean_menu_typo_font_size_mobile":0,"ocean_menu_typo_font_size_unit":"px","ocean_menu_typo_font_weight":"","ocean_menu_typo_font_weight_tablet":"","ocean_menu_typo_font_weight_mobile":"","ocean_menu_typo_transform":"","ocean_menu_typo_transform_tablet":"","ocean_menu_typo_transform_mobile":"","ocean_menu_typo_line_height":0,"ocean_menu_typo_line_height_tablet":0,"ocean_menu_typo_line_height_mobile":0,"ocean_menu_typo_line_height_unit":"","ocean_menu_typo_spacing":0,"ocean_menu_typo_spacing_tablet":0,"ocean_menu_typo_spacing_mobile":0,"ocean_menu_typo_spacing_unit":"","ocean_menu_link_color":"","ocean_menu_link_color_hover":"","ocean_menu_link_color_active":"","ocean_menu_link_background":"","ocean_menu_link_hover_background":"","ocean_menu_link_active_background":"","ocean_menu_social_links_bg":"","ocean_menu_social_hover_links_bg":"","ocean_menu_social_links_color":"","ocean_menu_social_hover_links_color":"","ocean_disable_title":"default","ocean_disable_heading":"default","ocean_post_title":"","ocean_post_subheading":"","ocean_post_title_style":"","ocean_post_title_background_color":"","ocean_post_title_background":0,"ocean_post_title_bg_image_position":"","ocean_post_title_bg_image_attachment":"","ocean_post_title_bg_image_repeat":"","ocean_post_title_bg_image_size":"","ocean_post_title_height":0,"ocean_post_title_bg_overlay":0.5,"ocean_post_title_bg_overlay_color":"","ocean_disable_breadcrumbs":"default","ocean_breadcrumbs_color":"","ocean_breadcrumbs_separator_color":"","ocean_breadcrumbs_links_color":"","ocean_breadcrumbs_links_hover_color":"","ocean_display_footer_widgets":"default","ocean_display_footer_bottom":"default","ocean_custom_footer_template":"","ocean_post_oembed":"","ocean_post_self_hosted_media":"","ocean_post_video_embed":"","ocean_link_format":"","ocean_link_format_target":"self","ocean_quote_format":"","ocean_quote_format_link":"post","ocean_gallery_link_images":"on","ocean_gallery_id":[],"footnotes":""},"categories":[165],"tags":[174,173,167],"class_list":["post-2747","post","type-post","status-publish","format-standard","has-post-thumbnail","hentry","category-ertektar","tag-arpad-strand","tag-halaszkert","tag-telepulesi-ertektar","entry","has-media"],"featured_image_src":"https:\/\/miklosimuzeum.hu\/wp-content\/uploads\/2026\/02\/07-cover.jpg","author_info":{"display_name":"Miss N\u00e1ndor","author_link":"https:\/\/miklosimuzeum.hu\/en\/author\/admin\/"},"rttpg_featured_image_url":{"full":["https:\/\/miklosimuzeum.hu\/wp-content\/uploads\/2026\/02\/07-cover.jpg",600,600,false],"landscape":["https:\/\/miklosimuzeum.hu\/wp-content\/uploads\/2026\/02\/07-cover.jpg",600,600,false],"portraits":["https:\/\/miklosimuzeum.hu\/wp-content\/uploads\/2026\/02\/07-cover.jpg",600,600,false],"thumbnail":["https:\/\/miklosimuzeum.hu\/wp-content\/uploads\/2026\/02\/07-cover-150x150.jpg",150,150,true],"medium":["https:\/\/miklosimuzeum.hu\/wp-content\/uploads\/2026\/02\/07-cover-300x300.jpg",300,300,true],"large":["https:\/\/miklosimuzeum.hu\/wp-content\/uploads\/2026\/02\/07-cover.jpg",600,600,false],"1536x1536":["https:\/\/miklosimuzeum.hu\/wp-content\/uploads\/2026\/02\/07-cover.jpg",600,600,false],"2048x2048":["https:\/\/miklosimuzeum.hu\/wp-content\/uploads\/2026\/02\/07-cover.jpg",600,600,false],"trp-custom-language-flag":["https:\/\/miklosimuzeum.hu\/wp-content\/uploads\/2026\/02\/07-cover-12x12.jpg",12,12,true],"ocean-thumb-m":["https:\/\/miklosimuzeum.hu\/wp-content\/uploads\/2026\/02\/07-cover.jpg",600,600,false],"ocean-thumb-ml":["https:\/\/miklosimuzeum.hu\/wp-content\/uploads\/2026\/02\/07-cover-600x450.jpg",600,450,true],"ocean-thumb-l":["https:\/\/miklosimuzeum.hu\/wp-content\/uploads\/2026\/02\/07-cover.jpg",600,600,false]},"rttpg_author":{"display_name":"Miss N\u00e1ndor","author_link":"https:\/\/miklosimuzeum.hu\/en\/author\/admin\/"},"rttpg_comment":0,"rttpg_category":"<a href=\"https:\/\/miklosimuzeum.hu\/en\/category\/ertektar\/\" rel=\"category tag\">\u00c9rt\u00e9kt\u00e1r<\/a>","rttpg_excerpt":"\u00c9rt\u00e9kt\u00e1rba val\u00f3 felv\u00e9tel d\u00e1tuma: 2025.Felterjeszt\u0151k: Podp\u00e1cz Bal\u00e1zs, Nagy Bal\u00e1zs, K\u00e1lm\u00e1n-Bal\u00f3 Dominik9. \u00e9vf., Kardos Istv\u00e1n \u00c1ltal\u00e1nos Iskola \u00e9s Gimn\u00e1zium A mai Hal\u00e1szkert hely\u00e9n m\u00e1r az 1910-es \u00e9vekben is m\u0171k\u00f6d\u00f6tt az \u00c1rp\u00e1dligeti strandf\u00fcrd\u0151, amelyhez egy vend\u00e9gl\u0151 is tartozott. B\u00e1r pontosan senki sem tudja, mi\u00e9rt \u00e9ppen ide \u00e9p\u00edtett\u00e9k a strandot, val\u00f3sz\u00edn\u0171, hogy a Duna-\u00e1g kedvez\u0151 adotts\u00e1gai j\u00e1tszottak szerepet&hellip;","_links":{"self":[{"href":"https:\/\/miklosimuzeum.hu\/en\/wp-json\/wp\/v2\/posts\/2747","targetHints":{"allow":["GET"]}}],"collection":[{"href":"https:\/\/miklosimuzeum.hu\/en\/wp-json\/wp\/v2\/posts"}],"about":[{"href":"https:\/\/miklosimuzeum.hu\/en\/wp-json\/wp\/v2\/types\/post"}],"author":[{"embeddable":true,"href":"https:\/\/miklosimuzeum.hu\/en\/wp-json\/wp\/v2\/users\/1"}],"replies":[{"embeddable":true,"href":"https:\/\/miklosimuzeum.hu\/en\/wp-json\/wp\/v2\/comments?post=2747"}],"version-history":[{"count":2,"href":"https:\/\/miklosimuzeum.hu\/en\/wp-json\/wp\/v2\/posts\/2747\/revisions"}],"predecessor-version":[{"id":2839,"href":"https:\/\/miklosimuzeum.hu\/en\/wp-json\/wp\/v2\/posts\/2747\/revisions\/2839"}],"wp:featuredmedia":[{"embeddable":true,"href":"https:\/\/miklosimuzeum.hu\/en\/wp-json\/wp\/v2\/media\/2815"}],"wp:attachment":[{"href":"https:\/\/miklosimuzeum.hu\/en\/wp-json\/wp\/v2\/media?parent=2747"}],"wp:term":[{"taxonomy":"category","embeddable":true,"href":"https:\/\/miklosimuzeum.hu\/en\/wp-json\/wp\/v2\/categories?post=2747"},{"taxonomy":"post_tag","embeddable":true,"href":"https:\/\/miklosimuzeum.hu\/en\/wp-json\/wp\/v2\/tags?post=2747"}],"curies":[{"name":"wp","href":"https:\/\/api.w.org\/{rel}","templated":true}]}}