{"id":2740,"date":"2026-02-09T14:15:29","date_gmt":"2026-02-09T14:15:29","guid":{"rendered":"https:\/\/miklosimuzeum.hu\/?p=2740"},"modified":"2026-02-10T16:49:12","modified_gmt":"2026-02-10T16:49:12","slug":"biro-lajos","status":"publish","type":"post","link":"https:\/\/miklosimuzeum.hu\/en\/2026\/02\/09\/biro-lajos\/","title":{"rendered":"B\u00edr\u00f3 Lajos"},"content":{"rendered":"<style>.kadence-column2740_4215c6-9d > .kt-inside-inner-col{display:flex;}.kadence-column2740_4215c6-9d{max-width:700px;margin-left:auto;margin-right:auto;}.wp-block-kadence-column.kb-section-dir-horizontal:not(.kb-section-md-dir-vertical)>.kt-inside-inner-col>.kadence-column2740_4215c6-9d{-webkit-flex:0 1 700px;flex:0 1 700px;max-width:unset;margin-left:unset;margin-right:unset;}.kadence-column2740_4215c6-9d > .kt-inside-inner-col,.kadence-column2740_4215c6-9d > .kt-inside-inner-col:before{border-top-left-radius:0px;border-top-right-radius:0px;border-bottom-right-radius:0px;border-bottom-left-radius:0px;}.kadence-column2740_4215c6-9d > .kt-inside-inner-col{row-gap:var(--global-kb-gap-none, 0rem );column-gap:var(--global-kb-gap-sm, 1rem);}.kadence-column2740_4215c6-9d > .kt-inside-inner-col{flex-direction:column;align-items:center;}.kadence-column2740_4215c6-9d > .kt-inside-inner-col > .kb-image-is-ratio-size{align-self:stretch;}.kadence-column2740_4215c6-9d > .kt-inside-inner-col > .wp-block-kadence-advancedgallery{align-self:stretch;}.kadence-column2740_4215c6-9d > .kt-inside-inner-col > .aligncenter{width:100%;}.kadence-column2740_4215c6-9d > .kt-inside-inner-col:before{opacity:0.3;}.kadence-column2740_4215c6-9d{position:relative;}@media all and (min-width: 1025px){.wp-block-kadence-column.kb-section-dir-horizontal>.kt-inside-inner-col>.kadence-column2740_4215c6-9d{-webkit-flex:0 1 700px;flex:0 1 700px;max-width:unset;margin-left:unset;margin-right:unset;}}@media all and (max-width: 1024px){.kadence-column2740_4215c6-9d > .kt-inside-inner-col{flex-direction:column;align-items:center;}}@media all and (max-width: 767px){.wp-block-kadence-column.kb-section-sm-dir-vertical:not(.kb-section-sm-dir-horizontal):not(.kb-section-sm-dir-specificity)>.kt-inside-inner-col>.kadence-column2740_4215c6-9d{max-width:700px;-webkit-flex:1;flex:1;margin-left:auto;margin-right:auto;}.kadence-column2740_4215c6-9d > .kt-inside-inner-col{flex-direction:column;align-items:center;}}<\/style>\n<div class=\"wp-block-kadence-column kadence-column2740_4215c6-9d\"><div class=\"kt-inside-inner-col\">\n<pre class=\"wp-block-verse\"><strong>\u00c9rt\u00e9kt\u00e1rba val\u00f3 felv\u00e9tel d\u00e1tuma:<\/strong> 2025.<br><strong>Felterjeszt\u0151k: <\/strong>N\u00e9meth Izabella, Kov\u00e1cs Zs\u00f3fia, T\u00f3th Bella Mia<br>9. \u00e9vf., Kardos Istv\u00e1n \u00c1ltal\u00e1nos Iskola \u00e9s Gimn\u00e1zium<\/pre>\n<\/div><\/div>\n\n\n<div class=\"wp-block-image\">\n<figure class=\"alignleft size-full is-resized\"><a href=\"https:\/\/miklosimuzeum.hu\/wp-content\/uploads\/2026\/02\/5Biro_Lajos_1856-1931_zoologus.jpg\"><img fetchpriority=\"high\" decoding=\"async\" width=\"800\" height=\"1109\" src=\"https:\/\/miklosimuzeum.hu\/wp-content\/uploads\/2026\/02\/5Biro_Lajos_1856-1931_zoologus.jpg\" alt=\"\" class=\"wp-image-2741\" style=\"width:200px\"\/><\/a><figcaption class=\"wp-element-caption\">A tud\u00f3s arck\u00e9pe<br><a href=\"https:\/\/hu.wikipedia.org\/wiki\/Muhi_S%C3%A1ndor\">Muhi S\u00e1ndor<\/a> grafikus rajza<\/figcaption><\/figure>\n<\/div>\n\n\n<p>B\u00edr\u00f3 Lajos neve a szigetszentmikl\u00f3siak sz\u00e1m\u00e1ra kedvesen cseng, hiszen sok helyen lehet vele tal\u00e1lkozni. A neves Guinea-kutat\u00f3, zool\u00f3gus, entomol\u00f3gus sok\u00e1ig \u00e9lt v\u00e1rosunkban, lak\u00f3h\u00e1z\u00e1nak oldal\u00e1n eml\u00e9kt\u00e1bla tal\u00e1lhat\u00f3, nev\u00e9t pedig utca \u00e9s iskola viseli.<\/p>\n\n\n\n<p>1856-ban sz\u00fcletett Tasn\u00e1don, iskol\u00e1it a Debrecenben \u00e9s Budapesten reform\u00e1tus iskol\u00e1kban v\u00e9gezte. M\u00e1r tanulm\u00e1nyai idej\u00e9n megfogalmaz\u00f3dott benne, hogy utaz\u00f3 term\u00e9szetvizsg\u00e1l\u00f3k\u00e9nt a szinte m\u00e9g k\u0151kori k\u00f6r\u00fclm\u00e9nyek k\u00f6z\u00f6tt \u00e9l\u0151 emberek \u00e9letm\u00f3dj\u00e1t kutassa. Terveit nehezen tudta megval\u00f3s\u00edtani, de kitart\u00f3an kereste a lehet\u0151s\u00e9get a k\u00fclf\u00f6ldi utaz\u00e1sokhoz, k\u00f6zben tudom\u00e1nyos tev\u00e9kenys\u00e9g\u00e9vel rengeteget adott Magyarorsz\u00e1g term\u00e9szeti le\u00edr\u00e1s\u00e1hoz. Els\u0151 dolgozat\u00e1t \u201eAdatok Zempl\u00e9n v\u00e1rmegye term\u00e9szetrajzi ismeret\u00e9hez\u201d c\u00edmmel \u00edrta, k\u00e9s\u0151bb pedig Chyzer Korn\u00e9l rovarkutat\u00f3val k\u00f6z\u00f6sen elk\u00e9sz\u00edtett\u00e9k Zempl\u00e9n v\u00e1rmegye zool\u00f3giai le\u00edr\u00e1s\u00e1t. K\u00e9s\u0151bb filox\u00e9rabiztosk\u00e9nt dolgozott Budapesten, ami mellett szerkesztette a Rovartani Lapokat.<\/p>\n\n\n<div class=\"wp-block-image\">\n<figure class=\"alignright size-full is-resized\"><a href=\"https:\/\/miklosimuzeum.hu\/wp-content\/uploads\/2026\/02\/1977.190.07.jpg\"><img decoding=\"async\" width=\"1500\" height=\"1000\" src=\"https:\/\/miklosimuzeum.hu\/wp-content\/uploads\/2026\/02\/1977.190.07.jpg\" alt=\"\" class=\"wp-image-2742\" style=\"width:300px\"\/><\/a><figcaption class=\"wp-element-caption\">Eml\u00e9kt\u00e1bla avat\u00e1s a h\u00e1z\u00e1n\u00e1l 1977-ben<\/figcaption><\/figure>\n<\/div>\n\n\n<p>1895-ben a Kir\u00e1lyi Magyar Term\u00e9szettudom\u00e1nyi T\u00e1rsulat \u00e9s Herman Ott\u00f3 t\u00e1mogat\u00e1s\u00e1val elindulhatott \u00e1zsiai \u00fatj\u00e1ra, amihez a kezd\u0151 anyagi t\u0151k\u00e9t 60 000 db-os rovargy\u0171jtem\u00e9ny\u00e9nek megv\u00e1s\u00e1rl\u00e1s\u00e1val biztos\u00edtotta a T\u00e1rsulat.<\/p>\n\n\n\n<p>\u00daj-guineai \u00fatj\u00e1t a Magyar Nemzeti M\u00fazeum anyagi erej\u00e9hez m\u00e9rten t\u00e1mogatta, de ez nem volt el\u00e9g, \u00edgy a Term\u00e9szettudom\u00e1nyi T\u00e1rsulat tagjai k\u00f6z\u00f6tt gy\u0171jt\u00e9sbe kezdett, \u00e9s az \u00edgy kapott \u00f6sszegb\u0151l tudta folytatni kutat\u00f3i munk\u00e1j\u00e1t.<\/p>\n\n\n\n<p>H\u00e9t \u00e9vet t\u00f6lt\u00f6tt \u00daj-Guine\u00e1ban, feh\u00e9r ember sz\u00e1m\u00e1ra szinte elviselhetetlen k\u00f6rnyezetben, dacolva a h\u0151s\u00e9ggel \u00e9s a k\u00fcl\u00f6nf\u00e9le tr\u00f3pusi betegs\u00e9gekkel. N\u00e9prajzi gy\u0171jt\u00e9s\u00e9t \u00fagy v\u00e9gezte, hogy a lehet\u0151 legk\u00f6zelebb ker\u00fclt a helyi emberekhez, egy\u00fctt \u00e9lt az ottani t\u00f6rzsekkel. Hogy m\u00e9g hitelesebben tudja feljegyezni az ottaniak \u00e9let\u00e9t, h\u00e1romszor is megn\u0151s\u00fclt a bennsz\u00fcl\u00f6ttek k\u00f6z\u00f6tt. Az ott t\u00f6lt\u00f6tt id\u0151 alatt bej\u00e1rta a hatalmas szigetet, \u00e9s nemcsak a bennsz\u00fcl\u00f6ttek \u00e9letm\u00f3dj\u00e1r\u00f3l, de az ottani \u00e9l\u0151vil\u00e1gr\u00f3l is rendk\u00edv\u00fcl sok feljegyz\u00e9st k\u00e9sz\u00edtett. Gy\u0171jt\u00e9s\u00e9nek \u00e1llattani eredm\u00e9nye nyolc \u00e1llattani genus neve, \u00e9s \u00f6tvenn\u00e9l is t\u00f6bb \u00faj faj k\u00f6zvetlen felfedez\u00e9se volt. Rovargy\u0171jtem\u00e9nye t\u00f6bb mint k\u00e9tsz\u00e1zezres volt, amelyben t\u00f6bb mint k\u00e9tezer, addig ismeretlen faj is megtal\u00e1lhat\u00f3 volt.<\/p>\n\n\n<div class=\"wp-block-image\">\n<figure class=\"alignleft size-full is-resized\"><img decoding=\"async\" width=\"1500\" height=\"1000\" src=\"https:\/\/miklosimuzeum.hu\/wp-content\/uploads\/2026\/02\/1977.190-1.01.jpg\" alt=\"\" class=\"wp-image-2743\" style=\"width:300px\"\/><figcaption class=\"wp-element-caption\">Eml\u00e9kt\u00e1bla avat\u00e1s a n\u00e9vad\u00f3kor 1977. november 25-\u00e9n az I-es sz. \u00e1ltal\u00e1nos iskol\u00e1ban<\/figcaption><\/figure>\n<\/div>\n\n\n<p>1901-ben indult haza, \u00e9s majdnem egy \u00e9vig tartott utaz\u00e1sa \u00daj-Guine\u00e1b\u00f3l Magyarorsz\u00e1gra. A fogad\u00e1s\u00e1ra nagy t\u00f6meg gy\u0171lt \u00f6ssze, \u00e9s Frakn\u00f3i Vilmos p\u00fcsp\u00f6k adott fogad\u00e1st a tisztelet\u00e9re, amelyen a Magyar Tudom\u00e1nyos Akad\u00e9mia \u00e9s a Nemzeti M\u00fazeum tud\u00f3sai is jelen voltak. Hazat\u00e9rtekor a Magyar Nemzeti M\u00fazeum \u00c1llatt\u00e1r\u00e1nak tiszteletbeli \u0151r\u00e9v\u00e9 nevezt\u00e9k ki.<\/p>\n\n\n\n<p>1908-ban j\u00f6tt Szigetszentmikl\u00f3sra, ahol a R\u00e1k\u00f3czi utc\u00e1ban ma is \u00e1ll\u00f3 h\u00e1zban lakott. A falu ekkor n\u00e9pszer\u0171 c\u00e9lpontja volt a belf\u00f6ldi turizmusnak, a Kis-Duna term\u00e9szeti sz\u00e9ps\u00e9geit akkor kezdt\u00e9k felfedezni a f\u0151v\u00e1rosi kir\u00e1ndul\u00f3k, \u00edgy B\u00edr\u00f3 Lajos sz\u00e1m\u00e1ra is vonz\u00f3 c\u00e9lpont lehetett.<\/p>\n\n\n<div class=\"wp-block-image\">\n<figure class=\"alignright size-full is-resized\"><img loading=\"lazy\" decoding=\"async\" width=\"1000\" height=\"1500\" src=\"https:\/\/miklosimuzeum.hu\/wp-content\/uploads\/2026\/02\/1977.190-1.08-rotated.jpg\" alt=\"\" class=\"wp-image-2744\" style=\"width:300px\"\/><figcaption class=\"wp-element-caption\">A B\u00edr\u00f3 Lajos \u00c1ltal\u00e1nos Iskola n\u00e9vad\u00f3 okirata<\/figcaption><\/figure>\n<\/div>\n\n\n<p>1931-ben halt meg Budapesten \u00e9s a Kerepesi \u00fati temet\u0151ben a f\u0151v\u00e1ros \u00e1ltal felaj\u00e1nlott d\u00edszparcell\u00e1ban helyezt\u00e9k \u00f6r\u00f6k nyugalomra. Jelent\u0151s m\u00e9ret\u0171 gy\u0171jtem\u00e9nye a Nemzeti M\u00fazeum, a Term\u00e9szettudom\u00e1nyi M\u00fazeum \u00e9s a N\u00e9prajzi M\u00fazeum birtok\u00e1ba ker\u00fclt.<\/p>\n\n\n\n<p>A N\u00e9prajzi M\u00fazeumban az \u00e1ltala gy\u0171jt\u00f6tt mintegy 5600 darab t\u00e1rgy k\u00e9pezi az int\u00e9zm\u00e9ny \u00d3ce\u00e1nia-gy\u0171jtem\u00e9ny\u00e9nek jelent\u0151s r\u00e9sz\u00e9t, ami annak ellen\u00e9re, hogy viszonylag korai (19. sz\u00e1zad v\u00e9gi) gy\u0171jt\u00e9s, r\u00e9szletes \u00e9s tudom\u00e1nyosan megalapozott le\u00edr\u00e1s\u00e1nak k\u00f6sz\u00f6nhet\u0151en nemzetk\u00f6zileg is kiemelked\u0151 gy\u0171jtem\u00e9nynek sz\u00e1m\u00edt.<\/p>\n\n\n\n<div style=\"height:10px\" aria-hidden=\"true\" class=\"wp-block-spacer\"><\/div>\n\n\n\n<div class=\"wp-block-buttons is-content-justification-center is-layout-flex wp-container-core-buttons-is-layout-16018d1d wp-block-buttons-is-layout-flex\">\n<div class=\"wp-block-button\"><a class=\"wp-block-button__link wp-element-button\" href=\"https:\/\/orient-projekt.hu\/eletrajzi-adatlapok\/biro-lajos\">Tov\u00e1bbi inform\u00e1ci\u00f3k az Orient Projekt honlapj\u00e1n<\/a><\/div>\n\n\n\n<div class=\"wp-block-button\"><a class=\"wp-block-button__link wp-element-button\" href=\"https:\/\/www.rovartani.hu\/egy-magyar-kutato-a-kannibalok-foldjen-biro-lajos\/\">A Magyar Rovartani T\u00e1rsas\u00e1g cikke<\/a><\/div>\n<\/div>","protected":false},"excerpt":{"rendered":"<p>\u00c9rt\u00e9kt\u00e1rba val\u00f3 felv\u00e9tel d\u00e1tuma: 2025.Felterjeszt\u0151k: N\u00e9meth Izabella, Kov\u00e1cs Zs\u00f3fia, T\u00f3th Bella Mia9. \u00e9vf., Kardos Istv\u00e1n \u00c1ltal\u00e1nos Iskola \u00e9s Gimn\u00e1zium B\u00edr\u00f3 Lajos neve a szigetszentmikl\u00f3siak sz\u00e1m\u00e1ra kedvesen cseng, hiszen sok helyen lehet vele tal\u00e1lkozni. A neves Guinea-kutat\u00f3, zool\u00f3gus, entomol\u00f3gus sok\u00e1ig \u00e9lt v\u00e1rosunkban, lak\u00f3h\u00e1z\u00e1nak oldal\u00e1n eml\u00e9kt\u00e1bla tal\u00e1lhat\u00f3, nev\u00e9t pedig utca \u00e9s iskola viseli. 1856-ban sz\u00fcletett Tasn\u00e1don, iskol\u00e1it [&hellip;]<\/p>","protected":false},"author":1,"featured_media":2816,"comment_status":"closed","ping_status":"open","sticky":false,"template":"","format":"standard","meta":{"ub_ctt_via":"","ocean_post_layout":"","ocean_both_sidebars_style":"","ocean_both_sidebars_content_width":0,"ocean_both_sidebars_sidebars_width":0,"ocean_sidebar":"","ocean_second_sidebar":"","ocean_disable_margins":"enable","ocean_add_body_class":"","ocean_shortcode_before_top_bar":"","ocean_shortcode_after_top_bar":"","ocean_shortcode_before_header":"","ocean_shortcode_after_header":"","ocean_has_shortcode":"","ocean_shortcode_after_title":"","ocean_shortcode_before_footer_widgets":"","ocean_shortcode_after_footer_widgets":"","ocean_shortcode_before_footer_bottom":"","ocean_shortcode_after_footer_bottom":"","ocean_display_top_bar":"default","ocean_display_header":"default","ocean_header_style":"","ocean_center_header_left_menu":"","ocean_custom_header_template":"","ocean_custom_logo":0,"ocean_custom_retina_logo":0,"ocean_custom_logo_max_width":0,"ocean_custom_logo_tablet_max_width":0,"ocean_custom_logo_mobile_max_width":0,"ocean_custom_logo_max_height":0,"ocean_custom_logo_tablet_max_height":0,"ocean_custom_logo_mobile_max_height":0,"ocean_header_custom_menu":"","ocean_menu_typo_font_family":"","ocean_menu_typo_font_subset":"","ocean_menu_typo_font_size":0,"ocean_menu_typo_font_size_tablet":0,"ocean_menu_typo_font_size_mobile":0,"ocean_menu_typo_font_size_unit":"px","ocean_menu_typo_font_weight":"","ocean_menu_typo_font_weight_tablet":"","ocean_menu_typo_font_weight_mobile":"","ocean_menu_typo_transform":"","ocean_menu_typo_transform_tablet":"","ocean_menu_typo_transform_mobile":"","ocean_menu_typo_line_height":0,"ocean_menu_typo_line_height_tablet":0,"ocean_menu_typo_line_height_mobile":0,"ocean_menu_typo_line_height_unit":"","ocean_menu_typo_spacing":0,"ocean_menu_typo_spacing_tablet":0,"ocean_menu_typo_spacing_mobile":0,"ocean_menu_typo_spacing_unit":"","ocean_menu_link_color":"","ocean_menu_link_color_hover":"","ocean_menu_link_color_active":"","ocean_menu_link_background":"","ocean_menu_link_hover_background":"","ocean_menu_link_active_background":"","ocean_menu_social_links_bg":"","ocean_menu_social_hover_links_bg":"","ocean_menu_social_links_color":"","ocean_menu_social_hover_links_color":"","ocean_disable_title":"default","ocean_disable_heading":"default","ocean_post_title":"","ocean_post_subheading":"","ocean_post_title_style":"","ocean_post_title_background_color":"","ocean_post_title_background":0,"ocean_post_title_bg_image_position":"","ocean_post_title_bg_image_attachment":"","ocean_post_title_bg_image_repeat":"","ocean_post_title_bg_image_size":"","ocean_post_title_height":0,"ocean_post_title_bg_overlay":0.5,"ocean_post_title_bg_overlay_color":"","ocean_disable_breadcrumbs":"default","ocean_breadcrumbs_color":"","ocean_breadcrumbs_separator_color":"","ocean_breadcrumbs_links_color":"","ocean_breadcrumbs_links_hover_color":"","ocean_display_footer_widgets":"default","ocean_display_footer_bottom":"default","ocean_custom_footer_template":"","ocean_post_oembed":"","ocean_post_self_hosted_media":"","ocean_post_video_embed":"","ocean_link_format":"","ocean_link_format_target":"self","ocean_quote_format":"","ocean_quote_format_link":"post","ocean_gallery_link_images":"on","ocean_gallery_id":[],"footnotes":""},"categories":[165],"tags":[167],"class_list":["post-2740","post","type-post","status-publish","format-standard","has-post-thumbnail","hentry","category-ertektar","tag-telepulesi-ertektar","entry","has-media"],"featured_image_src":"https:\/\/miklosimuzeum.hu\/wp-content\/uploads\/2026\/02\/09-cover.jpg","author_info":{"display_name":"Miss N\u00e1ndor","author_link":"https:\/\/miklosimuzeum.hu\/en\/author\/admin\/"},"rttpg_featured_image_url":{"full":["https:\/\/miklosimuzeum.hu\/wp-content\/uploads\/2026\/02\/09-cover.jpg",600,600,false],"landscape":["https:\/\/miklosimuzeum.hu\/wp-content\/uploads\/2026\/02\/09-cover.jpg",600,600,false],"portraits":["https:\/\/miklosimuzeum.hu\/wp-content\/uploads\/2026\/02\/09-cover.jpg",600,600,false],"thumbnail":["https:\/\/miklosimuzeum.hu\/wp-content\/uploads\/2026\/02\/09-cover-150x150.jpg",150,150,true],"medium":["https:\/\/miklosimuzeum.hu\/wp-content\/uploads\/2026\/02\/09-cover-300x300.jpg",300,300,true],"large":["https:\/\/miklosimuzeum.hu\/wp-content\/uploads\/2026\/02\/09-cover.jpg",600,600,false],"1536x1536":["https:\/\/miklosimuzeum.hu\/wp-content\/uploads\/2026\/02\/09-cover.jpg",600,600,false],"2048x2048":["https:\/\/miklosimuzeum.hu\/wp-content\/uploads\/2026\/02\/09-cover.jpg",600,600,false],"trp-custom-language-flag":["https:\/\/miklosimuzeum.hu\/wp-content\/uploads\/2026\/02\/09-cover-12x12.jpg",12,12,true],"ocean-thumb-m":["https:\/\/miklosimuzeum.hu\/wp-content\/uploads\/2026\/02\/09-cover.jpg",600,600,false],"ocean-thumb-ml":["https:\/\/miklosimuzeum.hu\/wp-content\/uploads\/2026\/02\/09-cover-600x450.jpg",600,450,true],"ocean-thumb-l":["https:\/\/miklosimuzeum.hu\/wp-content\/uploads\/2026\/02\/09-cover.jpg",600,600,false]},"rttpg_author":{"display_name":"Miss N\u00e1ndor","author_link":"https:\/\/miklosimuzeum.hu\/en\/author\/admin\/"},"rttpg_comment":0,"rttpg_category":"<a href=\"https:\/\/miklosimuzeum.hu\/en\/category\/ertektar\/\" rel=\"category tag\">\u00c9rt\u00e9kt\u00e1r<\/a>","rttpg_excerpt":"\u00c9rt\u00e9kt\u00e1rba val\u00f3 felv\u00e9tel d\u00e1tuma: 2025.Felterjeszt\u0151k: N\u00e9meth Izabella, Kov\u00e1cs Zs\u00f3fia, T\u00f3th Bella Mia9. \u00e9vf., Kardos Istv\u00e1n \u00c1ltal\u00e1nos Iskola \u00e9s Gimn\u00e1zium B\u00edr\u00f3 Lajos neve a szigetszentmikl\u00f3siak sz\u00e1m\u00e1ra kedvesen cseng, hiszen sok helyen lehet vele tal\u00e1lkozni. A neves Guinea-kutat\u00f3, zool\u00f3gus, entomol\u00f3gus sok\u00e1ig \u00e9lt v\u00e1rosunkban, lak\u00f3h\u00e1z\u00e1nak oldal\u00e1n eml\u00e9kt\u00e1bla tal\u00e1lhat\u00f3, nev\u00e9t pedig utca \u00e9s iskola viseli. 1856-ban sz\u00fcletett Tasn\u00e1don, iskol\u00e1it&hellip;","_links":{"self":[{"href":"https:\/\/miklosimuzeum.hu\/en\/wp-json\/wp\/v2\/posts\/2740","targetHints":{"allow":["GET"]}}],"collection":[{"href":"https:\/\/miklosimuzeum.hu\/en\/wp-json\/wp\/v2\/posts"}],"about":[{"href":"https:\/\/miklosimuzeum.hu\/en\/wp-json\/wp\/v2\/types\/post"}],"author":[{"embeddable":true,"href":"https:\/\/miklosimuzeum.hu\/en\/wp-json\/wp\/v2\/users\/1"}],"replies":[{"embeddable":true,"href":"https:\/\/miklosimuzeum.hu\/en\/wp-json\/wp\/v2\/comments?post=2740"}],"version-history":[{"count":3,"href":"https:\/\/miklosimuzeum.hu\/en\/wp-json\/wp\/v2\/posts\/2740\/revisions"}],"predecessor-version":[{"id":2853,"href":"https:\/\/miklosimuzeum.hu\/en\/wp-json\/wp\/v2\/posts\/2740\/revisions\/2853"}],"wp:featuredmedia":[{"embeddable":true,"href":"https:\/\/miklosimuzeum.hu\/en\/wp-json\/wp\/v2\/media\/2816"}],"wp:attachment":[{"href":"https:\/\/miklosimuzeum.hu\/en\/wp-json\/wp\/v2\/media?parent=2740"}],"wp:term":[{"taxonomy":"category","embeddable":true,"href":"https:\/\/miklosimuzeum.hu\/en\/wp-json\/wp\/v2\/categories?post=2740"},{"taxonomy":"post_tag","embeddable":true,"href":"https:\/\/miklosimuzeum.hu\/en\/wp-json\/wp\/v2\/tags?post=2740"}],"curies":[{"name":"wp","href":"https:\/\/api.w.org\/{rel}","templated":true}]}}