{"id":2735,"date":"2026-02-09T13:55:53","date_gmt":"2026-02-09T13:55:53","guid":{"rendered":"https:\/\/miklosimuzeum.hu\/?p=2735"},"modified":"2026-02-09T16:51:03","modified_gmt":"2026-02-09T16:51:03","slug":"a-szabo-malom","status":"publish","type":"post","link":"https:\/\/miklosimuzeum.hu\/en\/2026\/02\/09\/a-szabo-malom\/","title":{"rendered":"A Szab\u00f3 Malom"},"content":{"rendered":"<style>.kadence-column2735_af963d-b1 > .kt-inside-inner-col{display:flex;}.kadence-column2735_af963d-b1{max-width:700px;margin-left:auto;margin-right:auto;}.wp-block-kadence-column.kb-section-dir-horizontal:not(.kb-section-md-dir-vertical)>.kt-inside-inner-col>.kadence-column2735_af963d-b1{-webkit-flex:0 1 700px;flex:0 1 700px;max-width:unset;margin-left:unset;margin-right:unset;}.kadence-column2735_af963d-b1 > .kt-inside-inner-col,.kadence-column2735_af963d-b1 > .kt-inside-inner-col:before{border-top-left-radius:0px;border-top-right-radius:0px;border-bottom-right-radius:0px;border-bottom-left-radius:0px;}.kadence-column2735_af963d-b1 > .kt-inside-inner-col{row-gap:var(--global-kb-gap-none, 0rem );column-gap:var(--global-kb-gap-sm, 1rem);}.kadence-column2735_af963d-b1 > .kt-inside-inner-col{flex-direction:column;align-items:center;}.kadence-column2735_af963d-b1 > .kt-inside-inner-col > .kb-image-is-ratio-size{align-self:stretch;}.kadence-column2735_af963d-b1 > .kt-inside-inner-col > .wp-block-kadence-advancedgallery{align-self:stretch;}.kadence-column2735_af963d-b1 > .kt-inside-inner-col > .aligncenter{width:100%;}.kadence-column2735_af963d-b1 > .kt-inside-inner-col:before{opacity:0.3;}.kadence-column2735_af963d-b1{position:relative;}@media all and (min-width: 1025px){.wp-block-kadence-column.kb-section-dir-horizontal>.kt-inside-inner-col>.kadence-column2735_af963d-b1{-webkit-flex:0 1 700px;flex:0 1 700px;max-width:unset;margin-left:unset;margin-right:unset;}}@media all and (max-width: 1024px){.kadence-column2735_af963d-b1 > .kt-inside-inner-col{flex-direction:column;align-items:center;}}@media all and (max-width: 767px){.wp-block-kadence-column.kb-section-sm-dir-vertical:not(.kb-section-sm-dir-horizontal):not(.kb-section-sm-dir-specificity)>.kt-inside-inner-col>.kadence-column2735_af963d-b1{max-width:700px;-webkit-flex:1;flex:1;margin-left:auto;margin-right:auto;}.kadence-column2735_af963d-b1 > .kt-inside-inner-col{flex-direction:column;align-items:center;}}<\/style>\n<div class=\"wp-block-kadence-column kadence-column2735_af963d-b1\"><div class=\"kt-inside-inner-col\">\n<pre class=\"wp-block-verse\"><strong>\u00c9rt\u00e9kt\u00e1rba val\u00f3 felv\u00e9tel d\u00e1tuma:<\/strong> 2025.<br><strong>Felterjeszt\u0151k: <\/strong>Gavaldi Gerg\u0151, Udut M\u00e1rk, Hartai Botond<br>0. \u00e9vf., Kardos Istv\u00e1n \u00c1ltal\u00e1nos Iskola \u00e9s Gimn\u00e1zium<\/pre>\n<\/div><\/div>\n\n\n<div class=\"wp-block-image\">\n<figure class=\"aligncenter size-full is-resized\"><a href=\"https:\/\/miklosimuzeum.hu\/wp-content\/uploads\/2026\/02\/SZHGY_F_1.0904.jpeg\"><img fetchpriority=\"high\" decoding=\"async\" width=\"1644\" height=\"1059\" src=\"https:\/\/miklosimuzeum.hu\/wp-content\/uploads\/2026\/02\/SZHGY_F_1.0904.jpeg\" alt=\"\" class=\"wp-image-2736\" style=\"width:300px\"\/><\/a><figcaption class=\"wp-element-caption\">A Szab\u00f3 Malom 1947-ben. Forr\u00e1s: <a href=\"https:\/\/pe.hu.museum-digital.org\/object\/685623\">M\u00fazeumDigit\u00e1r<\/a><\/figcaption><\/figure>\n<\/div>\n\n\n<p>A Szab\u00f3 Malom Szigetszentmikl\u00f3s egyik legjelent\u0151sebb ipari \u00f6r\u00f6ks\u00e9ge, amely m\u00e1r t\u00f6bb mint egy \u00e9vsz\u00e1zados fenn\u00e1ll\u00e1s\u00e1val \u00e9s folyamatos m\u0171k\u00f6d\u00e9s\u00e9vel meghat\u00e1roz\u00f3 szerepet t\u00f6lt be a telep\u00fcl\u00e9s t\u00f6rt\u00e9net\u00e9ben. A malom tev\u00e9kenys\u00e9ge hozz\u00e1j\u00e1rult a t\u00e9rs\u00e9g mez\u0151gazdas\u00e1gi term\u00e9keinek feldolgoz\u00e1s\u00e1hoz, valamint \u00e9rt\u00e9kes\u00edt\u00e9s\u00e9hez. A csal\u00e1di v\u00e1llalkoz\u00e1s gener\u00e1ci\u00f3r\u00f3l gener\u00e1ci\u00f3ra \u00f6r\u00f6kl\u0151d\u00f6tt, ami biztos\u00edtotta a helyi hagyom\u00e1nyok \u00e9s \u00e9rt\u00e9kek tov\u00e1bbvitel\u00e9t.<\/p>\n\n\n\n<p>A Szab\u00f3 malmot 1919-ben alap\u00edtotta id. Szab\u00f3 J\u00f3zsef, t\u0151s-gy\u00f6keres szigetszentmikl\u00f3si csal\u00e1d sarja. Akkoriban a telep\u00fcl\u00e9sen t\u00f6bb malom is m\u0171k\u00f6d\u00f6tt, k\u00f6zt\u00fck t\u00f6bb v\u00edzimalom is mindk\u00e9t Duna-\u00e1gon. Nem csup\u00e1n helyi felhaszn\u00e1l\u00e1sra \u0151r\u00f6ltek b\u00faz\u00e1t, a szigetszentmikl\u00f3si moln\u00e1rok sz\u00e1m\u00e1ra j\u00f6vedelmez\u0151 volt lisztj\u00fcket pesti piacokon eladni \u2013 ehhez az 1892-ben megindult H\u00c9V szolg\u00e1ltatott sz\u00e1ll\u00edt\u00e1si lehet\u0151s\u00e9get. A Szab\u00f3 malom teh\u00e1t ide\u00e1lis k\u00f6rnyezetben j\u00f6tt l\u00e9tre, a f\u0151v\u00e1ros k\u00f6zels\u00e9ge, \u00e9s a helyi gazd\u00e1k \u00e1ltal biztos\u00edtott alapanyag j\u00f3 lehet\u0151s\u00e9get ny\u00fajtott a malomnak. A csal\u00e1d a kezdetekt\u0151l a min\u0151s\u00e9gre \u00e9s a tisztess\u00e9ges munk\u00e1ra \u00e9p\u00edtette tev\u00e9kenys\u00e9g\u00e9t, a Szab\u00f3 n\u00e9v hamar a megb\u00edzhat\u00f3, j\u00f3 min\u0151s\u00e9g\u0171 lisztgy\u00e1rt\u00e1ssal fon\u00f3dott \u00f6ssze.<\/p>\n\n\n\n<p>1939-ben a v\u00e1llalkoz\u00e1st ifj. Szab\u00f3 J\u00f3zsef vette \u00e1t, aki a h\u00e1bor\u00fas \u00e9vek \u00e9s a korszak neh\u00e9zs\u00e9gei ellen\u00e9re is meg\u0151rizte a malom m\u0171k\u00f6d\u00e9s\u00e9t. Az 1950-es \u00e9vekben \u00e1llamos\u00edtott\u00e1k a malmot, de szerencs\u00e9re a Szab\u00f3 csal\u00e1d tov\u00e1bbra is r\u00e9szt vehetett a malom \u00fczemeltet\u00e9s\u00e9ben: ifj. Szab\u00f3 J\u00f3zsef \u00fczemvezet\u0151k\u00e9nt dolgozott tov\u00e1bb, emellett azzal is megb\u00edzt\u00e1k, hogy leend\u0151 moln\u00e1rokat tan\u00edtson.<\/p>\n\n\n<div class=\"wp-block-image\">\n<figure class=\"alignleft size-full is-resized\"><a href=\"https:\/\/miklosimuzeum.hu\/wp-content\/uploads\/2026\/02\/SZHGY_F_1.0943.jpeg\"><img decoding=\"async\" width=\"1641\" height=\"1076\" src=\"https:\/\/miklosimuzeum.hu\/wp-content\/uploads\/2026\/02\/SZHGY_F_1.0943.jpeg\" alt=\"\" class=\"wp-image-2737\" style=\"width:300px\"\/><\/a><figcaption class=\"wp-element-caption\">A Szab\u00f3 Malom 1947-ben. Forr\u00e1s: M\u00fazeumDigit\u00e1r<\/figcaption><\/figure>\n<\/div>\n\n\n<p>A rendszerv\u00e1lt\u00e1st k\u00f6vet\u0151en 1991-ben a csal\u00e1d nagy er\u0151fesz\u00edt\u00e9sek \u00e1r\u00e1n visszav\u00e1s\u00e1rolta az \u00fczemet \u00e9s \u00fajra saj\u00e1t k\u00e9zbe vette annak m\u0171k\u00f6dtet\u00e9s\u00e9t. Ezzel a Szab\u00f3 malom azon ritka \u00fczemek egyike lett, mely az \u00e1llamos\u00edt\u00e1s \u00e9s a diktat\u00fara neh\u00e9zs\u00e9gei ellen\u00e9re ugyanannak a csal\u00e1dnak az ir\u00e1ny\u00edt\u00e1sa alatt tudott tov\u00e1bb m\u0171k\u00f6dni.<\/p>\n\n\n\n<p>K\u00fcl\u00f6n \u00e9rdekess\u00e9g, hogy a malomban ma is \u00fczemelnek olyan g\u00e9pek, amelyeket m\u00e9g 1865-ben, a Ganz gy\u00e1rban k\u00e9sz\u00edtettek. Az eredeti malomkerekek, sz\u00e1ll\u00edt\u00f3szalagok \u00e9s gabonatiszt\u00edt\u00f3 berendez\u00e9sek rendk\u00edv\u00fcl ritka, t\u00f6bbs\u00e9g\u00fck eredeti \u00e1llapotban fennmaradt p\u00e9ld\u00e1nyok, amelyeket m\u00e1s ipari l\u00e9tes\u00edtm\u00e9nyekben m\u00e1r nem lehet megtal\u00e1lni.<\/p>\n\n\n\n<p>Az, hogy a Szab\u00f3 csal\u00e1d ezeket a berendez\u00e9seket ma is haszn\u00e1lja j\u00f3l mutatja elk\u00f6telezetts\u00e9g\u00fcket a hagyom\u00e1nyos technol\u00f3gia, a k\u00e9zm\u0171ves min\u0151s\u00e9g \u00e9s az ipari \u00f6r\u00f6ks\u00e9g meg\u0151rz\u00e9se ir\u00e1nt.<\/p>\n\n\n\n<p>A Szab\u00f3 malom ma is akt\u00edvan m\u0171k\u00f6dik a Pet\u0151fi utca 22. sz\u00e1m alatt. Az \u00fczem a klasszikus lisztgy\u00e1rt\u00e1si technol\u00f3gi\u00e1t \u00f6tv\u00f6zi a korszer\u0171 \u00e9lelmiszer-biztons\u00e1gi k\u00f6vetelm\u00e9nyekkel. A term\u00e9keik p\u00e9ld\u00e1ul a BL55 finomliszt, a BL80 keny\u00e9rliszt \u00e9s a k\u00fcl\u00f6nf\u00e9le t\u00f6nk\u00f6ly- \u00e9s rozslisztek kiz\u00e1r\u00f3lag magyar b\u00faz\u00e1b\u00f3l k\u00e9sz\u00fclnek, adal\u00e9k \u00e9s lisztjav\u00edt\u00f3szer mentesen. A liszt feldolgoz\u00e1sa teljes eg\u00e9sz\u00e9ben a hagyom\u00e1nyos elj\u00e1r\u00e1sokra \u00e9p\u00fcl, ami nemcsak a kiv\u00e1l\u00f3 min\u0151s\u00e9get, hanem a hagyom\u00e1nyos \u00edzvil\u00e1g meg\u0151rz\u00e9s\u00e9t is biztos\u00edtja.<\/p>\n\n\n\n<p>A malom nem csup\u00e1n ipari v\u00e1llalkoz\u00e1sk\u00e9nt, hanem k\u00f6z\u00f6ss\u00e9gi szerepl\u0151k\u00e9nt is fontos: a lakoss\u00e1g sz\u00e1m\u00e1ra k\u00f6zvetlen \u00e9rt\u00e9kes\u00edt\u00e9st biztos\u00edt, sokan szem\u00e9lyesen v\u00e1s\u00e1rolj\u00e1k meg itt a lisztet, \u00edgy a malom napi kapcsolatban \u00e1ll a helyi lakosokkal is.<\/p>\n\n\n<style>.kadence-column2735_b0dfef-c1 > .kt-inside-inner-col{display:flex;}.kadence-column2735_b0dfef-c1{max-width:700px;margin-left:auto;margin-right:auto;}.wp-block-kadence-column.kb-section-dir-horizontal:not(.kb-section-md-dir-vertical)>.kt-inside-inner-col>.kadence-column2735_b0dfef-c1{-webkit-flex:0 1 700px;flex:0 1 700px;max-width:unset;margin-left:unset;margin-right:unset;}.kadence-column2735_b0dfef-c1 > .kt-inside-inner-col,.kadence-column2735_b0dfef-c1 > .kt-inside-inner-col:before{border-top-left-radius:0px;border-top-right-radius:0px;border-bottom-right-radius:0px;border-bottom-left-radius:0px;}.kadence-column2735_b0dfef-c1 > .kt-inside-inner-col{row-gap:var(--global-kb-gap-none, 0rem );column-gap:var(--global-kb-gap-sm, 1rem);}.kadence-column2735_b0dfef-c1 > .kt-inside-inner-col{flex-direction:column;align-items:center;}.kadence-column2735_b0dfef-c1 > .kt-inside-inner-col > .kb-image-is-ratio-size{align-self:stretch;}.kadence-column2735_b0dfef-c1 > .kt-inside-inner-col > .wp-block-kadence-advancedgallery{align-self:stretch;}.kadence-column2735_b0dfef-c1 > .kt-inside-inner-col > .aligncenter{width:100%;}.kadence-column2735_b0dfef-c1 > .kt-inside-inner-col:before{opacity:0.3;}.kadence-column2735_b0dfef-c1{position:relative;}@media all and (min-width: 1025px){.wp-block-kadence-column.kb-section-dir-horizontal>.kt-inside-inner-col>.kadence-column2735_b0dfef-c1{-webkit-flex:0 1 700px;flex:0 1 700px;max-width:unset;margin-left:unset;margin-right:unset;}}@media all and (max-width: 1024px){.kadence-column2735_b0dfef-c1 > .kt-inside-inner-col{flex-direction:column;align-items:center;}}@media all and (max-width: 767px){.wp-block-kadence-column.kb-section-sm-dir-vertical:not(.kb-section-sm-dir-horizontal):not(.kb-section-sm-dir-specificity)>.kt-inside-inner-col>.kadence-column2735_b0dfef-c1{max-width:700px;-webkit-flex:1;flex:1;margin-left:auto;margin-right:auto;}.kadence-column2735_b0dfef-c1 > .kt-inside-inner-col{flex-direction:column;align-items:center;}}<\/style>\n<div class=\"wp-block-kadence-column kadence-column2735_b0dfef-c1\"><div class=\"kt-inside-inner-col\">\n<pre class=\"wp-block-verse\"><strong>Az el\u0151terjeszt\u0151k p\u00e1lyamunk\u00e1ja<\/strong><br>\u00c9rkezett a 2025-\u00f6s \u00c9rt\u00e9keink Nyom\u00e1ban c\u00edm\u0171 p\u00e1ly\u00e1zatra<\/pre>\n<\/div><\/div>\n\n\n\n<figure class=\"wp-block-embed is-type-video is-provider-youtube wp-block-embed-youtube wp-embed-aspect-16-9 wp-has-aspect-ratio\"><div class=\"wp-block-embed__wrapper\">\n<p class=\"responsive-video-wrap clr\"><iframe title=\"\u00c9rt\u00e9keink Nyom\u00e1ban p\u00e1ly\u00e1zat: A Szab\u00f3 malom\" width=\"1200\" height=\"675\" src=\"https:\/\/www.youtube.com\/embed\/TvhIPjcbqgE?feature=oembed\" frameborder=\"0\" allow=\"accelerometer; autoplay; clipboard-write; encrypted-media; gyroscope; picture-in-picture; web-share\" referrerpolicy=\"strict-origin-when-cross-origin\" allowfullscreen><\/iframe><\/p>\n<\/div><\/figure>","protected":false},"excerpt":{"rendered":"<p>\u00c9rt\u00e9kt\u00e1rba val\u00f3 felv\u00e9tel d\u00e1tuma: 2025.Felterjeszt\u0151k: Gavaldi Gerg\u0151, Udut M\u00e1rk, Hartai Botond0. \u00e9vf., Kardos Istv\u00e1n \u00c1ltal\u00e1nos Iskola \u00e9s Gimn\u00e1zium A Szab\u00f3 Malom Szigetszentmikl\u00f3s egyik legjelent\u0151sebb ipari \u00f6r\u00f6ks\u00e9ge, amely m\u00e1r t\u00f6bb mint egy \u00e9vsz\u00e1zados fenn\u00e1ll\u00e1s\u00e1val \u00e9s folyamatos m\u0171k\u00f6d\u00e9s\u00e9vel meghat\u00e1roz\u00f3 szerepet t\u00f6lt be a telep\u00fcl\u00e9s t\u00f6rt\u00e9net\u00e9ben. A malom tev\u00e9kenys\u00e9ge hozz\u00e1j\u00e1rult a t\u00e9rs\u00e9g mez\u0151gazdas\u00e1gi term\u00e9keinek feldolgoz\u00e1s\u00e1hoz, valamint \u00e9rt\u00e9kes\u00edt\u00e9s\u00e9hez. A [&hellip;]<\/p>","protected":false},"author":1,"featured_media":2817,"comment_status":"closed","ping_status":"open","sticky":false,"template":"","format":"standard","meta":{"ub_ctt_via":"","ocean_post_layout":"","ocean_both_sidebars_style":"","ocean_both_sidebars_content_width":0,"ocean_both_sidebars_sidebars_width":0,"ocean_sidebar":"","ocean_second_sidebar":"","ocean_disable_margins":"enable","ocean_add_body_class":"","ocean_shortcode_before_top_bar":"","ocean_shortcode_after_top_bar":"","ocean_shortcode_before_header":"","ocean_shortcode_after_header":"","ocean_has_shortcode":"","ocean_shortcode_after_title":"","ocean_shortcode_before_footer_widgets":"","ocean_shortcode_after_footer_widgets":"","ocean_shortcode_before_footer_bottom":"","ocean_shortcode_after_footer_bottom":"","ocean_display_top_bar":"default","ocean_display_header":"default","ocean_header_style":"","ocean_center_header_left_menu":"","ocean_custom_header_template":"","ocean_custom_logo":0,"ocean_custom_retina_logo":0,"ocean_custom_logo_max_width":0,"ocean_custom_logo_tablet_max_width":0,"ocean_custom_logo_mobile_max_width":0,"ocean_custom_logo_max_height":0,"ocean_custom_logo_tablet_max_height":0,"ocean_custom_logo_mobile_max_height":0,"ocean_header_custom_menu":"","ocean_menu_typo_font_family":"","ocean_menu_typo_font_subset":"","ocean_menu_typo_font_size":0,"ocean_menu_typo_font_size_tablet":0,"ocean_menu_typo_font_size_mobile":0,"ocean_menu_typo_font_size_unit":"px","ocean_menu_typo_font_weight":"","ocean_menu_typo_font_weight_tablet":"","ocean_menu_typo_font_weight_mobile":"","ocean_menu_typo_transform":"","ocean_menu_typo_transform_tablet":"","ocean_menu_typo_transform_mobile":"","ocean_menu_typo_line_height":0,"ocean_menu_typo_line_height_tablet":0,"ocean_menu_typo_line_height_mobile":0,"ocean_menu_typo_line_height_unit":"","ocean_menu_typo_spacing":0,"ocean_menu_typo_spacing_tablet":0,"ocean_menu_typo_spacing_mobile":0,"ocean_menu_typo_spacing_unit":"","ocean_menu_link_color":"","ocean_menu_link_color_hover":"","ocean_menu_link_color_active":"","ocean_menu_link_background":"","ocean_menu_link_hover_background":"","ocean_menu_link_active_background":"","ocean_menu_social_links_bg":"","ocean_menu_social_hover_links_bg":"","ocean_menu_social_links_color":"","ocean_menu_social_hover_links_color":"","ocean_disable_title":"default","ocean_disable_heading":"default","ocean_post_title":"","ocean_post_subheading":"","ocean_post_title_style":"","ocean_post_title_background_color":"","ocean_post_title_background":0,"ocean_post_title_bg_image_position":"","ocean_post_title_bg_image_attachment":"","ocean_post_title_bg_image_repeat":"","ocean_post_title_bg_image_size":"","ocean_post_title_height":0,"ocean_post_title_bg_overlay":0.5,"ocean_post_title_bg_overlay_color":"","ocean_disable_breadcrumbs":"default","ocean_breadcrumbs_color":"","ocean_breadcrumbs_separator_color":"","ocean_breadcrumbs_links_color":"","ocean_breadcrumbs_links_hover_color":"","ocean_display_footer_widgets":"default","ocean_display_footer_bottom":"default","ocean_custom_footer_template":"","ocean_post_oembed":"","ocean_post_self_hosted_media":"","ocean_post_video_embed":"","ocean_link_format":"","ocean_link_format_target":"self","ocean_quote_format":"","ocean_quote_format_link":"post","ocean_gallery_link_images":"on","ocean_gallery_id":[],"footnotes":""},"categories":[165],"tags":[167],"class_list":["post-2735","post","type-post","status-publish","format-standard","has-post-thumbnail","hentry","category-ertektar","tag-telepulesi-ertektar","entry","has-media"],"featured_image_src":"https:\/\/miklosimuzeum.hu\/wp-content\/uploads\/2026\/02\/06-cover.jpg","author_info":{"display_name":"Miss N\u00e1ndor","author_link":"https:\/\/miklosimuzeum.hu\/en\/author\/admin\/"},"rttpg_featured_image_url":{"full":["https:\/\/miklosimuzeum.hu\/wp-content\/uploads\/2026\/02\/06-cover.jpg",600,600,false],"landscape":["https:\/\/miklosimuzeum.hu\/wp-content\/uploads\/2026\/02\/06-cover.jpg",600,600,false],"portraits":["https:\/\/miklosimuzeum.hu\/wp-content\/uploads\/2026\/02\/06-cover.jpg",600,600,false],"thumbnail":["https:\/\/miklosimuzeum.hu\/wp-content\/uploads\/2026\/02\/06-cover-150x150.jpg",150,150,true],"medium":["https:\/\/miklosimuzeum.hu\/wp-content\/uploads\/2026\/02\/06-cover-300x300.jpg",300,300,true],"large":["https:\/\/miklosimuzeum.hu\/wp-content\/uploads\/2026\/02\/06-cover.jpg",600,600,false],"1536x1536":["https:\/\/miklosimuzeum.hu\/wp-content\/uploads\/2026\/02\/06-cover.jpg",600,600,false],"2048x2048":["https:\/\/miklosimuzeum.hu\/wp-content\/uploads\/2026\/02\/06-cover.jpg",600,600,false],"trp-custom-language-flag":["https:\/\/miklosimuzeum.hu\/wp-content\/uploads\/2026\/02\/06-cover-12x12.jpg",12,12,true],"ocean-thumb-m":["https:\/\/miklosimuzeum.hu\/wp-content\/uploads\/2026\/02\/06-cover.jpg",600,600,false],"ocean-thumb-ml":["https:\/\/miklosimuzeum.hu\/wp-content\/uploads\/2026\/02\/06-cover-600x450.jpg",600,450,true],"ocean-thumb-l":["https:\/\/miklosimuzeum.hu\/wp-content\/uploads\/2026\/02\/06-cover.jpg",600,600,false]},"rttpg_author":{"display_name":"Miss N\u00e1ndor","author_link":"https:\/\/miklosimuzeum.hu\/en\/author\/admin\/"},"rttpg_comment":0,"rttpg_category":"<a href=\"https:\/\/miklosimuzeum.hu\/en\/category\/ertektar\/\" rel=\"category tag\">\u00c9rt\u00e9kt\u00e1r<\/a>","rttpg_excerpt":"\u00c9rt\u00e9kt\u00e1rba val\u00f3 felv\u00e9tel d\u00e1tuma: 2025.Felterjeszt\u0151k: Gavaldi Gerg\u0151, Udut M\u00e1rk, Hartai Botond0. \u00e9vf., Kardos Istv\u00e1n \u00c1ltal\u00e1nos Iskola \u00e9s Gimn\u00e1zium A Szab\u00f3 Malom Szigetszentmikl\u00f3s egyik legjelent\u0151sebb ipari \u00f6r\u00f6ks\u00e9ge, amely m\u00e1r t\u00f6bb mint egy \u00e9vsz\u00e1zados fenn\u00e1ll\u00e1s\u00e1val \u00e9s folyamatos m\u0171k\u00f6d\u00e9s\u00e9vel meghat\u00e1roz\u00f3 szerepet t\u00f6lt be a telep\u00fcl\u00e9s t\u00f6rt\u00e9net\u00e9ben. A malom tev\u00e9kenys\u00e9ge hozz\u00e1j\u00e1rult a t\u00e9rs\u00e9g mez\u0151gazdas\u00e1gi term\u00e9keinek feldolgoz\u00e1s\u00e1hoz, valamint \u00e9rt\u00e9kes\u00edt\u00e9s\u00e9hez. A&hellip;","_links":{"self":[{"href":"https:\/\/miklosimuzeum.hu\/en\/wp-json\/wp\/v2\/posts\/2735","targetHints":{"allow":["GET"]}}],"collection":[{"href":"https:\/\/miklosimuzeum.hu\/en\/wp-json\/wp\/v2\/posts"}],"about":[{"href":"https:\/\/miklosimuzeum.hu\/en\/wp-json\/wp\/v2\/types\/post"}],"author":[{"embeddable":true,"href":"https:\/\/miklosimuzeum.hu\/en\/wp-json\/wp\/v2\/users\/1"}],"replies":[{"embeddable":true,"href":"https:\/\/miklosimuzeum.hu\/en\/wp-json\/wp\/v2\/comments?post=2735"}],"version-history":[{"count":1,"href":"https:\/\/miklosimuzeum.hu\/en\/wp-json\/wp\/v2\/posts\/2735\/revisions"}],"predecessor-version":[{"id":2738,"href":"https:\/\/miklosimuzeum.hu\/en\/wp-json\/wp\/v2\/posts\/2735\/revisions\/2738"}],"wp:featuredmedia":[{"embeddable":true,"href":"https:\/\/miklosimuzeum.hu\/en\/wp-json\/wp\/v2\/media\/2817"}],"wp:attachment":[{"href":"https:\/\/miklosimuzeum.hu\/en\/wp-json\/wp\/v2\/media?parent=2735"}],"wp:term":[{"taxonomy":"category","embeddable":true,"href":"https:\/\/miklosimuzeum.hu\/en\/wp-json\/wp\/v2\/categories?post=2735"},{"taxonomy":"post_tag","embeddable":true,"href":"https:\/\/miklosimuzeum.hu\/en\/wp-json\/wp\/v2\/tags?post=2735"}],"curies":[{"name":"wp","href":"https:\/\/api.w.org\/{rel}","templated":true}]}}