{"id":2730,"date":"2026-02-09T11:20:03","date_gmt":"2026-02-09T11:20:03","guid":{"rendered":"https:\/\/miklosimuzeum.hu\/?p=2730"},"modified":"2026-02-09T16:51:17","modified_gmt":"2026-02-09T16:51:17","slug":"a-napraforgok-neptancegyuttes","status":"publish","type":"post","link":"https:\/\/miklosimuzeum.hu\/en\/2026\/02\/09\/a-napraforgok-neptancegyuttes\/","title":{"rendered":"A Napraforg\u00f3k N\u00e9pt\u00e1ncegy\u00fcttes"},"content":{"rendered":"<style>.kadence-column2730_4b6f47-d5 > .kt-inside-inner-col{display:flex;}.kadence-column2730_4b6f47-d5{max-width:700px;margin-left:auto;margin-right:auto;}.wp-block-kadence-column.kb-section-dir-horizontal:not(.kb-section-md-dir-vertical)>.kt-inside-inner-col>.kadence-column2730_4b6f47-d5{-webkit-flex:0 1 700px;flex:0 1 700px;max-width:unset;margin-left:unset;margin-right:unset;}.kadence-column2730_4b6f47-d5 > .kt-inside-inner-col,.kadence-column2730_4b6f47-d5 > .kt-inside-inner-col:before{border-top-left-radius:0px;border-top-right-radius:0px;border-bottom-right-radius:0px;border-bottom-left-radius:0px;}.kadence-column2730_4b6f47-d5 > .kt-inside-inner-col{row-gap:var(--global-kb-gap-none, 0rem );column-gap:var(--global-kb-gap-sm, 1rem);}.kadence-column2730_4b6f47-d5 > .kt-inside-inner-col{flex-direction:column;align-items:center;}.kadence-column2730_4b6f47-d5 > .kt-inside-inner-col > .kb-image-is-ratio-size{align-self:stretch;}.kadence-column2730_4b6f47-d5 > .kt-inside-inner-col > .wp-block-kadence-advancedgallery{align-self:stretch;}.kadence-column2730_4b6f47-d5 > .kt-inside-inner-col > .aligncenter{width:100%;}.kadence-column2730_4b6f47-d5 > .kt-inside-inner-col:before{opacity:0.3;}.kadence-column2730_4b6f47-d5{position:relative;}@media all and (min-width: 1025px){.wp-block-kadence-column.kb-section-dir-horizontal>.kt-inside-inner-col>.kadence-column2730_4b6f47-d5{-webkit-flex:0 1 700px;flex:0 1 700px;max-width:unset;margin-left:unset;margin-right:unset;}}@media all and (max-width: 1024px){.kadence-column2730_4b6f47-d5 > .kt-inside-inner-col{flex-direction:column;align-items:center;}}@media all and (max-width: 767px){.wp-block-kadence-column.kb-section-sm-dir-vertical:not(.kb-section-sm-dir-horizontal):not(.kb-section-sm-dir-specificity)>.kt-inside-inner-col>.kadence-column2730_4b6f47-d5{max-width:700px;-webkit-flex:1;flex:1;margin-left:auto;margin-right:auto;}.kadence-column2730_4b6f47-d5 > .kt-inside-inner-col{flex-direction:column;align-items:center;}}<\/style>\n<div class=\"wp-block-kadence-column kadence-column2730_4b6f47-d5\"><div class=\"kt-inside-inner-col\">\n<pre class=\"wp-block-verse\"><strong>\u00c9rt\u00e9kt\u00e1rba val\u00f3 felv\u00e9tel d\u00e1tuma:<\/strong> 2025.<br><strong>Felterjeszt\u0151k: <\/strong>Ender Mira, Kov\u00e1cs Lorina Szandra, Petrik Laura<br>0. \u00e9vf., Kardos Istv\u00e1n \u00c1ltal\u00e1nos Iskola \u00e9s Gimn\u00e1zium<\/pre>\n<\/div><\/div>\n\n\n<div class=\"wp-block-image\">\n<figure class=\"alignleft size-full is-resized\"><a href=\"https:\/\/miklosimuzeum.hu\/wp-content\/uploads\/2026\/02\/AN-2025.jpg\"><img fetchpriority=\"high\" decoding=\"async\" width=\"2048\" height=\"1365\" src=\"https:\/\/miklosimuzeum.hu\/wp-content\/uploads\/2026\/02\/AN-2025.jpg\" alt=\"\" class=\"wp-image-2731\" style=\"width:300px\"\/><\/a><figcaption class=\"wp-element-caption\">Any\u00e1k Napja 2025<\/figcaption><\/figure>\n<\/div>\n\n\n<p>A Napraforg\u00f3k N\u00e9pt\u00e1nc Egy\u00fcttes 2007 febru\u00e1rj\u00e1ban alakult meg Szigetszentmikl\u00f3son, a J\u00f3zsef Attila \u00c1ltal\u00e1nos Iskol\u00e1ban. Az egy\u00fcttest Hidv\u00e9gi \u00c9va alap\u00edtotta \u00e9s vezette, kezdetben mintegy tizenk\u00e9t f\u0151 r\u00e9szv\u00e9tel\u00e9vel.<\/p>\n\n\n\n<p>A m\u0171k\u00f6d\u00e9s els\u0151 \u00e9veiben sz\u00e1mos neh\u00e9zs\u00e9ggel kellett szemben\u00e9zni\u00fck: nem rendelkeztek saj\u00e1t pr\u00f3bateremmel, viselettel, \u00e9s t\u00e1mogat\u00e1sban sem r\u00e9szes\u00fcltek. V\u00e9g\u00fcl a J\u00f3zsef Attila \u00c1ltal\u00e1nos Iskol\u00e1ban m\u0171k\u00f6d\u0151 Torn\u00e1d\u00f3 DSE fogadta be a csoportot Luk\u00e1cs Csaba k\u00f6zrem\u0171k\u00f6d\u00e9s\u00e9vel. Az els\u0151 n\u00e9pt\u00e1ncos ruh\u00e1k az \u00e9v v\u00e9g\u00e9re k\u00e9sz\u00fcltek el Zilling Ibolya, az \u00c1d\u00e1m Jen\u0151 \u00c1ltal\u00e1nos Iskola \u00e9s AMI k\u00e9s\u0151bbi igazgat\u00f3j\u00e1nak t\u00e1mogat\u00e1s\u00e1nak k\u00f6sz\u00f6nhet\u0151en. Az egy\u00fcttes ezt k\u00f6vet\u0151en t\u00edz \u00e9ven kereszt\u00fcl az iskola alagsor\u00e1ban tal\u00e1lhat\u00f3 kis konditeremben tartotta pr\u00f3b\u00e1it.<\/p>\n\n\n<div class=\"wp-block-image\">\n<figure class=\"alignright size-full is-resized\"><a href=\"https:\/\/miklosimuzeum.hu\/wp-content\/uploads\/2026\/02\/Florida-2025.jpg\"><img decoding=\"async\" width=\"2048\" height=\"1536\" src=\"https:\/\/miklosimuzeum.hu\/wp-content\/uploads\/2026\/02\/Florida-2025.jpg\" alt=\"\" class=\"wp-image-2732\" style=\"width:300px\"\/><\/a><figcaption class=\"wp-element-caption\">Sarasota, Florida, 2025<\/figcaption><\/figure>\n<\/div>\n\n\n<p>Az \u00e9vek sor\u00e1n a Napraforg\u00f3k N\u00e9pt\u00e1nc Egy\u00fcttes egyre ismertebb\u00e9 v\u00e1lt Szigetszentmikl\u00f3son. Rendszeresen fell\u00e9ptek v\u00e1rosi \u00e9s hagyom\u00e1ny\u0151rz\u0151 rendezv\u00e9nyeken, t\u00f6bbek k\u00f6z\u00f6tt a Szabacsi Napon \u00e9s a Summerfesten, valamint sok m\u00e1s v\u00e1rosi \u00fcnneps\u00e9gen. 2015-t\u0151l kezd\u0151d\u0151en minden \u00e9vben szerepelnek a Kossuth b\u00e1lon, ahol bemutat\u00f3jukat is megtartj\u00e1k. A b\u00e1l tematik\u00e1j\u00e1t T\u00f3th Ben\u0151, a Kossuth Kertbar\u00e1tk\u00f6r eln\u00f6ke minden \u00e9vben az egy\u00fcttes \u00e1ltal tanult t\u00e1jegys\u00e9g t\u00e1ncaihoz igaz\u00edtja, amely a rendezv\u00e9ny d\u00edsz\u00edt\u00e9s\u00e9ben, gasztron\u00f3miai k\u00edn\u00e1lat\u00e1ban \u00e9s hangulat\u00e1ban is megjelenik.<\/p>\n\n\n\n<p>Az egy\u00fcttes id\u0151vel sz\u00e1mos k\u00fclf\u00f6ldi megh\u00edv\u00e1snak is eleget tett. Fell\u00e9p\u00e9seik helysz\u00ednei k\u00f6z\u00f6tt szerepelt Bulg\u00e1ria, Erd\u00e9ly, Nagymuzsaj, Maced\u00f3nia (h\u00e1rom alkalommal), Horv\u00e1torsz\u00e1g, Szerbia, G\u00f6r\u00f6gorsz\u00e1g \u00e9s K\u00edna. K\u00edn\u00e1ban egy gazdas\u00e1gi rendezv\u00e9ny megnyit\u00f3j\u00e1n l\u00e9phettek fel, ahol 51 orsz\u00e1g k\u00e9pvisel\u0151i el\u0151tt mutatt\u00e1k be m\u0171sorukat. 2025-ben pedig az Egyes\u00fclt \u00c1llamokban, Florid\u00e1ban nagy sikerrel mutatt\u00e1k be n\u00e9pt\u00e1nctud\u00e1sukat az ottani magyar k\u00f6z\u00f6ss\u00e9gnek.<\/p>\n\n\n\n<p>A Napraforg\u00f3k N\u00e9pt\u00e1nc Egy\u00fcttes ma t\u00f6bb koroszt\u00e1lyb\u00f3l \u00e1ll\u00f3 k\u00f6z\u00f6ss\u00e9gk\u00e9nt m\u0171k\u00f6dik. Az \u00f3vod\u00e1s kor\u00fa gyermekek mellett ut\u00e1np\u00f3tl\u00e1scsoport (Szotyola), valamint ifj\u00fas\u00e1gi csoport is r\u00e9sze az egy\u00fcttesnek.<\/p>\n\n\n<div class=\"wp-block-image\">\n<figure class=\"alignleft size-full is-resized\"><a href=\"https:\/\/miklosimuzeum.hu\/wp-content\/uploads\/2026\/02\/Kina-2024.jpg\"><img decoding=\"async\" width=\"2048\" height=\"1365\" src=\"https:\/\/miklosimuzeum.hu\/wp-content\/uploads\/2026\/02\/Kina-2024.jpg\" alt=\"\" class=\"wp-image-2733\" style=\"width:300px\"\/><\/a><figcaption class=\"wp-element-caption\">K\u00edna, 2024.<\/figcaption><\/figure>\n<\/div>\n\n\n<p>A csoport munk\u00e1j\u00e1t t\u00f6bb fiatal asszisztens \u00e9s szervez\u0151 seg\u00edti, akik kor\u00e1bban maguk is az egy\u00fcttes t\u00e1ncosai voltak. M\u0171v\u00e9szeti asszisztensk\u00e9nt dolgozik Di\u00f3s Dorina Cintia \u00e9s Wagner Kitti, szervez\u0151 asszisztensk\u00e9nt Murvai Rebeka Lina, m\u00edg M\u00e9sz\u00e1ros P\u00e1l Andr\u00e1s a kisebb fi\u00fa t\u00e1ncosokkal kezdett foglalkozni.<\/p>\n\n\n\n<p>A Napraforg\u00f3k N\u00e9pt\u00e1nc Egy\u00fcttes nem csup\u00e1n egy t\u00e1nccsoport, hanem egy er\u0151s, \u00f6sszetart\u00f3 k\u00f6z\u00f6ss\u00e9g. Tagjai a mai napig lelkesed\u00e9ssel \u00e9s elk\u00f6telezetts\u00e9ggel dolgoznak, \u00e9s a t\u00e1ncon kereszt\u00fcl Szigetszentmikl\u00f3s nev\u00e9t sz\u00e1mos hazai \u00e9s nemzetk\u00f6zi fesztiv\u00e1lon, valamint utaz\u00e1s sor\u00e1n k\u00e9pviselik. Munk\u00e1juk r\u00e9v\u00e9n nemcsak el\u0151adnak, hanem a v\u00e1ros kultur\u00e1lis \u00e9rt\u00e9keit is bemutatj\u00e1k.<\/p>\n\n\n<style>.kadence-column2730_dd91b2-91 > .kt-inside-inner-col{display:flex;}.kadence-column2730_dd91b2-91{max-width:700px;margin-left:auto;margin-right:auto;}.wp-block-kadence-column.kb-section-dir-horizontal:not(.kb-section-md-dir-vertical)>.kt-inside-inner-col>.kadence-column2730_dd91b2-91{-webkit-flex:0 1 700px;flex:0 1 700px;max-width:unset;margin-left:unset;margin-right:unset;}.kadence-column2730_dd91b2-91 > .kt-inside-inner-col,.kadence-column2730_dd91b2-91 > .kt-inside-inner-col:before{border-top-left-radius:0px;border-top-right-radius:0px;border-bottom-right-radius:0px;border-bottom-left-radius:0px;}.kadence-column2730_dd91b2-91 > .kt-inside-inner-col{row-gap:var(--global-kb-gap-none, 0rem );column-gap:var(--global-kb-gap-sm, 1rem);}.kadence-column2730_dd91b2-91 > .kt-inside-inner-col{flex-direction:column;align-items:center;}.kadence-column2730_dd91b2-91 > .kt-inside-inner-col > .kb-image-is-ratio-size{align-self:stretch;}.kadence-column2730_dd91b2-91 > .kt-inside-inner-col > .wp-block-kadence-advancedgallery{align-self:stretch;}.kadence-column2730_dd91b2-91 > .kt-inside-inner-col > .aligncenter{width:100%;}.kadence-column2730_dd91b2-91 > .kt-inside-inner-col:before{opacity:0.3;}.kadence-column2730_dd91b2-91{position:relative;}@media all and (min-width: 1025px){.wp-block-kadence-column.kb-section-dir-horizontal>.kt-inside-inner-col>.kadence-column2730_dd91b2-91{-webkit-flex:0 1 700px;flex:0 1 700px;max-width:unset;margin-left:unset;margin-right:unset;}}@media all and (max-width: 1024px){.kadence-column2730_dd91b2-91 > .kt-inside-inner-col{flex-direction:column;align-items:center;}}@media all and (max-width: 767px){.wp-block-kadence-column.kb-section-sm-dir-vertical:not(.kb-section-sm-dir-horizontal):not(.kb-section-sm-dir-specificity)>.kt-inside-inner-col>.kadence-column2730_dd91b2-91{max-width:700px;-webkit-flex:1;flex:1;margin-left:auto;margin-right:auto;}.kadence-column2730_dd91b2-91 > .kt-inside-inner-col{flex-direction:column;align-items:center;}}<\/style>\n<div class=\"wp-block-kadence-column kadence-column2730_dd91b2-91\"><div class=\"kt-inside-inner-col\">\n<pre class=\"wp-block-verse\"><strong>Az el\u0151terjeszt\u0151k p\u00e1lyamunk\u00e1ja<\/strong><br>\u00c9rkezett a 2025-\u00f6s \u00c9rt\u00e9keink Nyom\u00e1ban c\u00edm\u0171 p\u00e1ly\u00e1zatra<\/pre>\n<\/div><\/div>\n\n\n\n<figure class=\"wp-block-embed is-type-video is-provider-youtube wp-block-embed-youtube wp-embed-aspect-16-9 wp-has-aspect-ratio\"><div class=\"wp-block-embed__wrapper\">\n<p class=\"responsive-video-wrap clr\"><iframe title=\"\u00c9rt\u00e9keink Nyom\u00e1ban p\u00e1ly\u00e1zat: A Napraforg\u00f3k T\u00e1ncegy\u00fcttes\" width=\"1200\" height=\"675\" src=\"https:\/\/www.youtube.com\/embed\/U_M_w5XE1GI?feature=oembed\" frameborder=\"0\" allow=\"accelerometer; autoplay; clipboard-write; encrypted-media; gyroscope; picture-in-picture; web-share\" referrerpolicy=\"strict-origin-when-cross-origin\" allowfullscreen><\/iframe><\/p>\n<\/div><\/figure>","protected":false},"excerpt":{"rendered":"<p>\u00c9rt\u00e9kt\u00e1rba val\u00f3 felv\u00e9tel d\u00e1tuma: 2025.Felterjeszt\u0151k: Ender Mira, Kov\u00e1cs Lorina Szandra, Petrik Laura0. \u00e9vf., Kardos Istv\u00e1n \u00c1ltal\u00e1nos Iskola \u00e9s Gimn\u00e1zium A Napraforg\u00f3k N\u00e9pt\u00e1nc Egy\u00fcttes 2007 febru\u00e1rj\u00e1ban alakult meg Szigetszentmikl\u00f3son, a J\u00f3zsef Attila \u00c1ltal\u00e1nos Iskol\u00e1ban. Az egy\u00fcttest Hidv\u00e9gi \u00c9va alap\u00edtotta \u00e9s vezette, kezdetben mintegy tizenk\u00e9t f\u0151 r\u00e9szv\u00e9tel\u00e9vel. A m\u0171k\u00f6d\u00e9s els\u0151 \u00e9veiben sz\u00e1mos neh\u00e9zs\u00e9ggel kellett szemben\u00e9zni\u00fck: nem rendelkeztek [&hellip;]<\/p>","protected":false},"author":1,"featured_media":2818,"comment_status":"closed","ping_status":"open","sticky":false,"template":"","format":"standard","meta":{"ub_ctt_via":"","ocean_post_layout":"","ocean_both_sidebars_style":"","ocean_both_sidebars_content_width":0,"ocean_both_sidebars_sidebars_width":0,"ocean_sidebar":"","ocean_second_sidebar":"","ocean_disable_margins":"enable","ocean_add_body_class":"","ocean_shortcode_before_top_bar":"","ocean_shortcode_after_top_bar":"","ocean_shortcode_before_header":"","ocean_shortcode_after_header":"","ocean_has_shortcode":"","ocean_shortcode_after_title":"","ocean_shortcode_before_footer_widgets":"","ocean_shortcode_after_footer_widgets":"","ocean_shortcode_before_footer_bottom":"","ocean_shortcode_after_footer_bottom":"","ocean_display_top_bar":"default","ocean_display_header":"default","ocean_header_style":"","ocean_center_header_left_menu":"","ocean_custom_header_template":"","ocean_custom_logo":0,"ocean_custom_retina_logo":0,"ocean_custom_logo_max_width":0,"ocean_custom_logo_tablet_max_width":0,"ocean_custom_logo_mobile_max_width":0,"ocean_custom_logo_max_height":0,"ocean_custom_logo_tablet_max_height":0,"ocean_custom_logo_mobile_max_height":0,"ocean_header_custom_menu":"","ocean_menu_typo_font_family":"","ocean_menu_typo_font_subset":"","ocean_menu_typo_font_size":0,"ocean_menu_typo_font_size_tablet":0,"ocean_menu_typo_font_size_mobile":0,"ocean_menu_typo_font_size_unit":"px","ocean_menu_typo_font_weight":"","ocean_menu_typo_font_weight_tablet":"","ocean_menu_typo_font_weight_mobile":"","ocean_menu_typo_transform":"","ocean_menu_typo_transform_tablet":"","ocean_menu_typo_transform_mobile":"","ocean_menu_typo_line_height":0,"ocean_menu_typo_line_height_tablet":0,"ocean_menu_typo_line_height_mobile":0,"ocean_menu_typo_line_height_unit":"","ocean_menu_typo_spacing":0,"ocean_menu_typo_spacing_tablet":0,"ocean_menu_typo_spacing_mobile":0,"ocean_menu_typo_spacing_unit":"","ocean_menu_link_color":"","ocean_menu_link_color_hover":"","ocean_menu_link_color_active":"","ocean_menu_link_background":"","ocean_menu_link_hover_background":"","ocean_menu_link_active_background":"","ocean_menu_social_links_bg":"","ocean_menu_social_hover_links_bg":"","ocean_menu_social_links_color":"","ocean_menu_social_hover_links_color":"","ocean_disable_title":"default","ocean_disable_heading":"default","ocean_post_title":"","ocean_post_subheading":"","ocean_post_title_style":"","ocean_post_title_background_color":"","ocean_post_title_background":0,"ocean_post_title_bg_image_position":"","ocean_post_title_bg_image_attachment":"","ocean_post_title_bg_image_repeat":"","ocean_post_title_bg_image_size":"","ocean_post_title_height":0,"ocean_post_title_bg_overlay":0.5,"ocean_post_title_bg_overlay_color":"","ocean_disable_breadcrumbs":"default","ocean_breadcrumbs_color":"","ocean_breadcrumbs_separator_color":"","ocean_breadcrumbs_links_color":"","ocean_breadcrumbs_links_hover_color":"","ocean_display_footer_widgets":"default","ocean_display_footer_bottom":"default","ocean_custom_footer_template":"","ocean_post_oembed":"","ocean_post_self_hosted_media":"","ocean_post_video_embed":"","ocean_link_format":"","ocean_link_format_target":"self","ocean_quote_format":"","ocean_quote_format_link":"post","ocean_gallery_link_images":"on","ocean_gallery_id":[],"footnotes":""},"categories":[165],"tags":[167],"class_list":["post-2730","post","type-post","status-publish","format-standard","has-post-thumbnail","hentry","category-ertektar","tag-telepulesi-ertektar","entry","has-media"],"featured_image_src":"https:\/\/miklosimuzeum.hu\/wp-content\/uploads\/2026\/02\/05-cover.jpg","author_info":{"display_name":"Miss N\u00e1ndor","author_link":"https:\/\/miklosimuzeum.hu\/en\/author\/admin\/"},"rttpg_featured_image_url":{"full":["https:\/\/miklosimuzeum.hu\/wp-content\/uploads\/2026\/02\/05-cover.jpg",600,600,false],"landscape":["https:\/\/miklosimuzeum.hu\/wp-content\/uploads\/2026\/02\/05-cover.jpg",600,600,false],"portraits":["https:\/\/miklosimuzeum.hu\/wp-content\/uploads\/2026\/02\/05-cover.jpg",600,600,false],"thumbnail":["https:\/\/miklosimuzeum.hu\/wp-content\/uploads\/2026\/02\/05-cover-150x150.jpg",150,150,true],"medium":["https:\/\/miklosimuzeum.hu\/wp-content\/uploads\/2026\/02\/05-cover-300x300.jpg",300,300,true],"large":["https:\/\/miklosimuzeum.hu\/wp-content\/uploads\/2026\/02\/05-cover.jpg",600,600,false],"1536x1536":["https:\/\/miklosimuzeum.hu\/wp-content\/uploads\/2026\/02\/05-cover.jpg",600,600,false],"2048x2048":["https:\/\/miklosimuzeum.hu\/wp-content\/uploads\/2026\/02\/05-cover.jpg",600,600,false],"trp-custom-language-flag":["https:\/\/miklosimuzeum.hu\/wp-content\/uploads\/2026\/02\/05-cover-12x12.jpg",12,12,true],"ocean-thumb-m":["https:\/\/miklosimuzeum.hu\/wp-content\/uploads\/2026\/02\/05-cover.jpg",600,600,false],"ocean-thumb-ml":["https:\/\/miklosimuzeum.hu\/wp-content\/uploads\/2026\/02\/05-cover-600x450.jpg",600,450,true],"ocean-thumb-l":["https:\/\/miklosimuzeum.hu\/wp-content\/uploads\/2026\/02\/05-cover.jpg",600,600,false]},"rttpg_author":{"display_name":"Miss N\u00e1ndor","author_link":"https:\/\/miklosimuzeum.hu\/en\/author\/admin\/"},"rttpg_comment":0,"rttpg_category":"<a href=\"https:\/\/miklosimuzeum.hu\/en\/category\/ertektar\/\" rel=\"category tag\">\u00c9rt\u00e9kt\u00e1r<\/a>","rttpg_excerpt":"\u00c9rt\u00e9kt\u00e1rba val\u00f3 felv\u00e9tel d\u00e1tuma: 2025.Felterjeszt\u0151k: Ender Mira, Kov\u00e1cs Lorina Szandra, Petrik Laura0. \u00e9vf., Kardos Istv\u00e1n \u00c1ltal\u00e1nos Iskola \u00e9s Gimn\u00e1zium A Napraforg\u00f3k N\u00e9pt\u00e1nc Egy\u00fcttes 2007 febru\u00e1rj\u00e1ban alakult meg Szigetszentmikl\u00f3son, a J\u00f3zsef Attila \u00c1ltal\u00e1nos Iskol\u00e1ban. Az egy\u00fcttest Hidv\u00e9gi \u00c9va alap\u00edtotta \u00e9s vezette, kezdetben mintegy tizenk\u00e9t f\u0151 r\u00e9szv\u00e9tel\u00e9vel. A m\u0171k\u00f6d\u00e9s els\u0151 \u00e9veiben sz\u00e1mos neh\u00e9zs\u00e9ggel kellett szemben\u00e9zni\u00fck: nem rendelkeztek&hellip;","_links":{"self":[{"href":"https:\/\/miklosimuzeum.hu\/en\/wp-json\/wp\/v2\/posts\/2730","targetHints":{"allow":["GET"]}}],"collection":[{"href":"https:\/\/miklosimuzeum.hu\/en\/wp-json\/wp\/v2\/posts"}],"about":[{"href":"https:\/\/miklosimuzeum.hu\/en\/wp-json\/wp\/v2\/types\/post"}],"author":[{"embeddable":true,"href":"https:\/\/miklosimuzeum.hu\/en\/wp-json\/wp\/v2\/users\/1"}],"replies":[{"embeddable":true,"href":"https:\/\/miklosimuzeum.hu\/en\/wp-json\/wp\/v2\/comments?post=2730"}],"version-history":[{"count":1,"href":"https:\/\/miklosimuzeum.hu\/en\/wp-json\/wp\/v2\/posts\/2730\/revisions"}],"predecessor-version":[{"id":2734,"href":"https:\/\/miklosimuzeum.hu\/en\/wp-json\/wp\/v2\/posts\/2730\/revisions\/2734"}],"wp:featuredmedia":[{"embeddable":true,"href":"https:\/\/miklosimuzeum.hu\/en\/wp-json\/wp\/v2\/media\/2818"}],"wp:attachment":[{"href":"https:\/\/miklosimuzeum.hu\/en\/wp-json\/wp\/v2\/media?parent=2730"}],"wp:term":[{"taxonomy":"category","embeddable":true,"href":"https:\/\/miklosimuzeum.hu\/en\/wp-json\/wp\/v2\/categories?post=2730"},{"taxonomy":"post_tag","embeddable":true,"href":"https:\/\/miklosimuzeum.hu\/en\/wp-json\/wp\/v2\/tags?post=2730"}],"curies":[{"name":"wp","href":"https:\/\/api.w.org\/{rel}","templated":true}]}}