{"id":2680,"date":"2026-02-07T11:27:19","date_gmt":"2026-02-07T11:27:19","guid":{"rendered":"https:\/\/miklosimuzeum.hu\/?p=2680"},"modified":"2026-02-09T16:51:52","modified_gmt":"2026-02-09T16:51:52","slug":"oroszi-blanka-a-nap-es-minden-csillag","status":"publish","type":"post","link":"https:\/\/miklosimuzeum.hu\/en\/2026\/02\/07\/oroszi-blanka-a-nap-es-minden-csillag\/","title":{"rendered":"Oroszi Blanka &#8211; A nap \u00e9s minden csillag"},"content":{"rendered":"<style>.kadence-column2680_0e7c02-bf > .kt-inside-inner-col{display:flex;}.kadence-column2680_0e7c02-bf{max-width:700px;margin-left:auto;margin-right:auto;}.wp-block-kadence-column.kb-section-dir-horizontal:not(.kb-section-md-dir-vertical)>.kt-inside-inner-col>.kadence-column2680_0e7c02-bf{-webkit-flex:0 1 700px;flex:0 1 700px;max-width:unset;margin-left:unset;margin-right:unset;}.kadence-column2680_0e7c02-bf > .kt-inside-inner-col,.kadence-column2680_0e7c02-bf > .kt-inside-inner-col:before{border-top-left-radius:0px;border-top-right-radius:0px;border-bottom-right-radius:0px;border-bottom-left-radius:0px;}.kadence-column2680_0e7c02-bf > .kt-inside-inner-col{row-gap:var(--global-kb-gap-none, 0rem );column-gap:var(--global-kb-gap-sm, 1rem);}.kadence-column2680_0e7c02-bf > .kt-inside-inner-col{flex-direction:column;align-items:center;}.kadence-column2680_0e7c02-bf > .kt-inside-inner-col > .kb-image-is-ratio-size{align-self:stretch;}.kadence-column2680_0e7c02-bf > .kt-inside-inner-col > .wp-block-kadence-advancedgallery{align-self:stretch;}.kadence-column2680_0e7c02-bf > .kt-inside-inner-col > .aligncenter{width:100%;}.kadence-column2680_0e7c02-bf > .kt-inside-inner-col:before{opacity:0.3;}.kadence-column2680_0e7c02-bf{position:relative;}@media all and (min-width: 1025px){.wp-block-kadence-column.kb-section-dir-horizontal>.kt-inside-inner-col>.kadence-column2680_0e7c02-bf{-webkit-flex:0 1 700px;flex:0 1 700px;max-width:unset;margin-left:unset;margin-right:unset;}}@media all and (max-width: 1024px){.kadence-column2680_0e7c02-bf > .kt-inside-inner-col{flex-direction:column;align-items:center;}}@media all and (max-width: 767px){.wp-block-kadence-column.kb-section-sm-dir-vertical:not(.kb-section-sm-dir-horizontal):not(.kb-section-sm-dir-specificity)>.kt-inside-inner-col>.kadence-column2680_0e7c02-bf{max-width:700px;-webkit-flex:1;flex:1;margin-left:auto;margin-right:auto;}.kadence-column2680_0e7c02-bf > .kt-inside-inner-col{flex-direction:column;align-items:center;}}<\/style>\n<div class=\"wp-block-kadence-column kadence-column2680_0e7c02-bf\"><div class=\"kt-inside-inner-col\">\n<pre class=\"wp-block-verse\"><strong>\u00c9rt\u00e9kt\u00e1rba val\u00f3 felv\u00e9tel d\u00e1tuma:<\/strong> 2025.<br><strong>Felterjeszt\u0151k: <\/strong>Lipt\u00e1k Zsuzsanna Lilla \u00e9s G\u00e1sp\u00e1r Emma Linda<br>10. \u00e9vf., Kardos Istv\u00e1n \u00c1ltal\u00e1nos Iskola \u00e9s Gimn\u00e1zium<\/pre>\n<\/div><\/div>\n\n\n<div class=\"wp-block-image\">\n<figure class=\"alignleft size-full is-resized\"><a href=\"https:\/\/miklosimuzeum.hu\/wp-content\/uploads\/2026\/02\/LxmJB0sc.jpg\"><img fetchpriority=\"high\" decoding=\"async\" width=\"1365\" height=\"2047\" src=\"https:\/\/miklosimuzeum.hu\/wp-content\/uploads\/2026\/02\/LxmJB0sc.jpg\" alt=\"\" class=\"wp-image-2681\" style=\"width:300px\"\/><\/a><\/figure>\n<\/div>\n\n\n<p>Oroszi Blanka 1999-ben sz\u00fcletett Budapesten. Gyermekkor\u00e1t Szigetszentmikl\u00f3son t\u00f6lt\u00f6tte \u00e9s jelenleg is itt \u00e9l. A m\u0171v\u00e9szetek, k\u00fcl\u00f6n\u00f6sen a fest\u00e9s \u00e9s az \u00edr\u00e1s, eg\u00e9szen kisl\u00e1nykora \u00f3ta foglalkoztatj\u00e1k. 2023-ban pszichol\u00f3gia szakos diplom\u00e1t szerzett a Szegedi Tudom\u00e1nyegyetemen, ahol jelenleg a mesterk\u00e9pz\u00e9st is v\u00e9gzi. Tanulm\u00e1nyai mellett francia \u00e9s \u00f3g\u00f6r\u00f6g nyelven is tanul. Szabadidej\u00e9ben a dunaparton szeret s\u00e9t\u00e1lni.<\/p>\n\n\n\n<p>Akkor d\u00f6nt\u00f6tte el, hogy \u00edrni szeretne, mikor 14 \u00e9vesen irodalom \u00f3r\u00e1n a tan\u00e1r felolvasta az oszt\u00e1ly\u00e1nak J\u00f3zsef Attila Tiszta sz\u00edvvel c\u00edm\u0171 vers\u00e9t. 16 \u00e9vesen sz\u00fcletett meg a fej\u00e9ben az els\u0151 reg\u00e9ny\u00e9nek alapgondolata. 2016 \u00e9s 2022 k\u00f6z\u00f6tt \u00edrta meg k\u00f6nyv\u00e9t, melynek c\u00edme <em>A nap \u00e9s minden csillag <\/em>lett.<\/p>\n\n\n\n<p>A reg\u00e9ny \u00fajszer\u0171s\u00e9ge abban a fiatal fant\u00e1zi\u00e1ban rejlik, aki nem tagadta meg el\u0151dei m\u00e1gikus sz\u00f3haszn\u00e1lat\u00e1nak erej\u00e9t sem. Elragad\u00f3 ahogyan \u00faj er\u0151re kap egy-egy r\u00e9gen elfelejtett vers, ahogyan \u00faj kontextusba \u00e1gyaz\u00f3dik egy-egy irodalmi m\u0171 \u00fczenete. \u00c9s mindez olyan szem\u00e9lyess\u00e9 v\u00e1lik, hogy nem lehet m\u00e1s a szavak \u00fatja, csakis a napl\u00f3. Kezdd el olvasni a fejezeteket bevezet\u0151 verseket, \u00e9s a sz\u00edved r\u00e1hangol\u00f3dik G\u00e1briel napl\u00f3j\u00e1nak intimit\u00e1s\u00e1ra! Azt\u00e1n mehet\u00fcnk a felszabad\u00edt\u00f3 irodalom\u00f3r\u00e1ra! Meg\u00e9rezheted, hogy a magasba v\u00e1gy\u00f3 \u00e9rzelmek nagyon m\u00e9ly \u00e9s fontos d\u00f6nt\u00e9seket felt\u00e9teleznek: szabads\u00e1g-egyenl\u0151s\u00e9g-testv\u00e9ris\u00e9g, haza vagy csal\u00e1d, szerelem vagy k\u00f6teless\u00e9g, megbocs\u00e1jt\u00e1s vagy bossz\u00fa, h\u0171s\u00e9g vagy \u00e1rul\u00e1s\u2026nemcsak a d\u00f6nt\u00e9sek, de maguk a fogalmak sem mindig egy\u00e9rtelm\u0171ek.<\/p>\n\n\n<div class=\"wp-block-image\">\n<figure class=\"alignright size-full is-resized\"><img decoding=\"async\" width=\"1365\" height=\"2048\" src=\"https:\/\/miklosimuzeum.hu\/wp-content\/uploads\/2026\/02\/s6INCkov.jpg\" alt=\"\" class=\"wp-image-2682\" style=\"aspect-ratio:0.6665050633832666;object-fit:cover;width:300px\"\/><\/figure>\n<\/div>\n\n\n<p>Oroszi Blanka t\u00f6rt\u00e9nete egyszerre felkavar\u00f3an forradalmi \u00e9s romantikusan olvasm\u00e1nyos. A birodalom nyomaszt\u00f3 \u00e9let\u00e9be egy magyar sz\u00e1rmaz\u00e1s\u00fa tan\u00e1rn\u0151, Theod\u00f3ra csemp\u00e9sz sz\u00e9p eszm\u00e9ket. A hatalom \u00f6r\u00f6k\u00f6seinek vajon siker\u00fcl megd\u00f6nteni\u00fck \u0151seik gondosan \u0151rz\u00f6tt diktat\u00far\u00e1j\u00e1t? Richie, akinek \u00e1t kell vennie a birodalom ir\u00e1ny\u00edt\u00e1s\u00e1t, vajon k\u00e9pes lesz hal\u00e1lra \u00edt\u00e9lni a csal\u00e1dja tagjait, hogy az orsz\u00e1ga n\u00e9pe szabad legyen? T\u00fal\u00e9li-e Richie \u00e9s Theod\u00f3ra szerelme a forradalmat? Vajon lesz-e bar\u00e1tb\u00f3l v\u00e1ratlanul ellens\u00e9g?<\/p>\n\n\n\n<p>A m\u0171 z\u00e1rlata is gy\u00f6ny\u00f6r\u0171, az olvas\u00f3 szobrot emel k\u00e9pzeletben az \u00f6r\u00f6k \u00e9rt\u00e9keknek. S mik az \u00f6r\u00f6k \u00e9rt\u00e9kek? Csak a legend\u00e1k \u00e9s m\u00edtoszok vil\u00e1g\u00e1ban egy\u00e9rtelm\u0171 a d\u00f6nt\u00e9s s\u00falya? Csak az eml\u00e9ke teszi nagyszer\u0171v\u00e9 a hal\u00e1lt? Blanka k\u00f6nyve fontos meg\u00e1ll\u00f3 a rohan\u00f3 vil\u00e1gban.<\/p>\n\n\n\n<div style=\"height:20px\" aria-hidden=\"true\" class=\"wp-block-spacer\"><\/div>\n\n\n<style>.kadence-column2680_dbad51-de > .kt-inside-inner-col{display:flex;}.kadence-column2680_dbad51-de{max-width:700px;margin-left:auto;margin-right:auto;}.wp-block-kadence-column.kb-section-dir-horizontal:not(.kb-section-md-dir-vertical)>.kt-inside-inner-col>.kadence-column2680_dbad51-de{-webkit-flex:0 1 700px;flex:0 1 700px;max-width:unset;margin-left:unset;margin-right:unset;}.kadence-column2680_dbad51-de > .kt-inside-inner-col,.kadence-column2680_dbad51-de > .kt-inside-inner-col:before{border-top-left-radius:0px;border-top-right-radius:0px;border-bottom-right-radius:0px;border-bottom-left-radius:0px;}.kadence-column2680_dbad51-de > .kt-inside-inner-col{row-gap:var(--global-kb-gap-none, 0rem );column-gap:var(--global-kb-gap-sm, 1rem);}.kadence-column2680_dbad51-de > .kt-inside-inner-col{flex-direction:column;align-items:center;}.kadence-column2680_dbad51-de > .kt-inside-inner-col > .kb-image-is-ratio-size{align-self:stretch;}.kadence-column2680_dbad51-de > .kt-inside-inner-col > .wp-block-kadence-advancedgallery{align-self:stretch;}.kadence-column2680_dbad51-de > .kt-inside-inner-col > .aligncenter{width:100%;}.kadence-column2680_dbad51-de > .kt-inside-inner-col:before{opacity:0.3;}.kadence-column2680_dbad51-de{position:relative;}@media all and (min-width: 1025px){.wp-block-kadence-column.kb-section-dir-horizontal>.kt-inside-inner-col>.kadence-column2680_dbad51-de{-webkit-flex:0 1 700px;flex:0 1 700px;max-width:unset;margin-left:unset;margin-right:unset;}}@media all and (max-width: 1024px){.kadence-column2680_dbad51-de > .kt-inside-inner-col{flex-direction:column;align-items:center;}}@media all and (max-width: 767px){.wp-block-kadence-column.kb-section-sm-dir-vertical:not(.kb-section-sm-dir-horizontal):not(.kb-section-sm-dir-specificity)>.kt-inside-inner-col>.kadence-column2680_dbad51-de{max-width:700px;-webkit-flex:1;flex:1;margin-left:auto;margin-right:auto;}.kadence-column2680_dbad51-de > .kt-inside-inner-col{flex-direction:column;align-items:center;}}<\/style>\n<div class=\"wp-block-kadence-column kadence-column2680_dbad51-de\"><div class=\"kt-inside-inner-col\">\n<pre class=\"wp-block-verse\"><strong>Az el\u0151terjeszt\u0151k p\u00e1lyamunk\u00e1ja<\/strong><br>\u00c9rkezett a 2025-\u00f6s \u00c9rt\u00e9keink Nyom\u00e1ban c\u00edm\u0171 p\u00e1ly\u00e1zatra<\/pre>\n<\/div><\/div>\n\n\n\n<figure class=\"wp-block-embed is-type-video is-provider-youtube wp-block-embed-youtube wp-embed-aspect-16-9 wp-has-aspect-ratio\"><div class=\"wp-block-embed__wrapper\">\n<p class=\"responsive-video-wrap clr\"><iframe title=\"\u00c9rt\u00e9keink Nyom\u00e1ban p\u00e1ly\u00e1zat: Oroszi Blanka - A nap \u00e9s minden csillag\" width=\"1200\" height=\"675\" src=\"https:\/\/www.youtube.com\/embed\/FLKepGfJ_3A?feature=oembed\" frameborder=\"0\" allow=\"accelerometer; autoplay; clipboard-write; encrypted-media; gyroscope; picture-in-picture; web-share\" referrerpolicy=\"strict-origin-when-cross-origin\" allowfullscreen><\/iframe><\/p>\n<\/div><\/figure>","protected":false},"excerpt":{"rendered":"<p>\u00c9rt\u00e9kt\u00e1rba val\u00f3 felv\u00e9tel d\u00e1tuma: 2025.Felterjeszt\u0151k: Lipt\u00e1k Zsuzsanna Lilla \u00e9s G\u00e1sp\u00e1r Emma Linda10. \u00e9vf., Kardos Istv\u00e1n \u00c1ltal\u00e1nos Iskola \u00e9s Gimn\u00e1zium Oroszi Blanka 1999-ben sz\u00fcletett Budapesten. Gyermekkor\u00e1t Szigetszentmikl\u00f3son t\u00f6lt\u00f6tte \u00e9s jelenleg is itt \u00e9l. A m\u0171v\u00e9szetek, k\u00fcl\u00f6n\u00f6sen a fest\u00e9s \u00e9s az \u00edr\u00e1s, eg\u00e9szen kisl\u00e1nykora \u00f3ta foglalkoztatj\u00e1k. 2023-ban pszichol\u00f3gia szakos diplom\u00e1t szerzett a Szegedi Tudom\u00e1nyegyetemen, ahol jelenleg a [&hellip;]<\/p>","protected":false},"author":1,"featured_media":2820,"comment_status":"closed","ping_status":"open","sticky":false,"template":"","format":"standard","meta":{"ub_ctt_via":"","ocean_post_layout":"","ocean_both_sidebars_style":"","ocean_both_sidebars_content_width":0,"ocean_both_sidebars_sidebars_width":0,"ocean_sidebar":"","ocean_second_sidebar":"","ocean_disable_margins":"enable","ocean_add_body_class":"","ocean_shortcode_before_top_bar":"","ocean_shortcode_after_top_bar":"","ocean_shortcode_before_header":"","ocean_shortcode_after_header":"","ocean_has_shortcode":"","ocean_shortcode_after_title":"","ocean_shortcode_before_footer_widgets":"","ocean_shortcode_after_footer_widgets":"","ocean_shortcode_before_footer_bottom":"","ocean_shortcode_after_footer_bottom":"","ocean_display_top_bar":"default","ocean_display_header":"default","ocean_header_style":"","ocean_center_header_left_menu":"","ocean_custom_header_template":"","ocean_custom_logo":0,"ocean_custom_retina_logo":0,"ocean_custom_logo_max_width":0,"ocean_custom_logo_tablet_max_width":0,"ocean_custom_logo_mobile_max_width":0,"ocean_custom_logo_max_height":0,"ocean_custom_logo_tablet_max_height":0,"ocean_custom_logo_mobile_max_height":0,"ocean_header_custom_menu":"","ocean_menu_typo_font_family":"","ocean_menu_typo_font_subset":"","ocean_menu_typo_font_size":0,"ocean_menu_typo_font_size_tablet":0,"ocean_menu_typo_font_size_mobile":0,"ocean_menu_typo_font_size_unit":"px","ocean_menu_typo_font_weight":"","ocean_menu_typo_font_weight_tablet":"","ocean_menu_typo_font_weight_mobile":"","ocean_menu_typo_transform":"","ocean_menu_typo_transform_tablet":"","ocean_menu_typo_transform_mobile":"","ocean_menu_typo_line_height":0,"ocean_menu_typo_line_height_tablet":0,"ocean_menu_typo_line_height_mobile":0,"ocean_menu_typo_line_height_unit":"","ocean_menu_typo_spacing":0,"ocean_menu_typo_spacing_tablet":0,"ocean_menu_typo_spacing_mobile":0,"ocean_menu_typo_spacing_unit":"","ocean_menu_link_color":"","ocean_menu_link_color_hover":"","ocean_menu_link_color_active":"","ocean_menu_link_background":"","ocean_menu_link_hover_background":"","ocean_menu_link_active_background":"","ocean_menu_social_links_bg":"","ocean_menu_social_hover_links_bg":"","ocean_menu_social_links_color":"","ocean_menu_social_hover_links_color":"","ocean_disable_title":"default","ocean_disable_heading":"default","ocean_post_title":"","ocean_post_subheading":"","ocean_post_title_style":"","ocean_post_title_background_color":"","ocean_post_title_background":0,"ocean_post_title_bg_image_position":"","ocean_post_title_bg_image_attachment":"","ocean_post_title_bg_image_repeat":"","ocean_post_title_bg_image_size":"","ocean_post_title_height":0,"ocean_post_title_bg_overlay":0.5,"ocean_post_title_bg_overlay_color":"","ocean_disable_breadcrumbs":"default","ocean_breadcrumbs_color":"","ocean_breadcrumbs_separator_color":"","ocean_breadcrumbs_links_color":"","ocean_breadcrumbs_links_hover_color":"","ocean_display_footer_widgets":"default","ocean_display_footer_bottom":"default","ocean_custom_footer_template":"","ocean_post_oembed":"","ocean_post_self_hosted_media":"","ocean_post_video_embed":"","ocean_link_format":"","ocean_link_format_target":"self","ocean_quote_format":"","ocean_quote_format_link":"post","ocean_gallery_link_images":"on","ocean_gallery_id":[],"footnotes":""},"categories":[165],"tags":[167],"class_list":["post-2680","post","type-post","status-publish","format-standard","has-post-thumbnail","hentry","category-ertektar","tag-telepulesi-ertektar","entry","has-media"],"featured_image_src":"https:\/\/miklosimuzeum.hu\/wp-content\/uploads\/2026\/02\/03-cover.jpg","author_info":{"display_name":"Miss N\u00e1ndor","author_link":"https:\/\/miklosimuzeum.hu\/en\/author\/admin\/"},"rttpg_featured_image_url":{"full":["https:\/\/miklosimuzeum.hu\/wp-content\/uploads\/2026\/02\/03-cover.jpg",600,600,false],"landscape":["https:\/\/miklosimuzeum.hu\/wp-content\/uploads\/2026\/02\/03-cover.jpg",600,600,false],"portraits":["https:\/\/miklosimuzeum.hu\/wp-content\/uploads\/2026\/02\/03-cover.jpg",600,600,false],"thumbnail":["https:\/\/miklosimuzeum.hu\/wp-content\/uploads\/2026\/02\/03-cover-150x150.jpg",150,150,true],"medium":["https:\/\/miklosimuzeum.hu\/wp-content\/uploads\/2026\/02\/03-cover-300x300.jpg",300,300,true],"large":["https:\/\/miklosimuzeum.hu\/wp-content\/uploads\/2026\/02\/03-cover.jpg",600,600,false],"1536x1536":["https:\/\/miklosimuzeum.hu\/wp-content\/uploads\/2026\/02\/03-cover.jpg",600,600,false],"2048x2048":["https:\/\/miklosimuzeum.hu\/wp-content\/uploads\/2026\/02\/03-cover.jpg",600,600,false],"trp-custom-language-flag":["https:\/\/miklosimuzeum.hu\/wp-content\/uploads\/2026\/02\/03-cover-12x12.jpg",12,12,true],"ocean-thumb-m":["https:\/\/miklosimuzeum.hu\/wp-content\/uploads\/2026\/02\/03-cover.jpg",600,600,false],"ocean-thumb-ml":["https:\/\/miklosimuzeum.hu\/wp-content\/uploads\/2026\/02\/03-cover-600x450.jpg",600,450,true],"ocean-thumb-l":["https:\/\/miklosimuzeum.hu\/wp-content\/uploads\/2026\/02\/03-cover.jpg",600,600,false]},"rttpg_author":{"display_name":"Miss N\u00e1ndor","author_link":"https:\/\/miklosimuzeum.hu\/en\/author\/admin\/"},"rttpg_comment":0,"rttpg_category":"<a href=\"https:\/\/miklosimuzeum.hu\/en\/category\/ertektar\/\" rel=\"category tag\">\u00c9rt\u00e9kt\u00e1r<\/a>","rttpg_excerpt":"\u00c9rt\u00e9kt\u00e1rba val\u00f3 felv\u00e9tel d\u00e1tuma: 2025.Felterjeszt\u0151k: Lipt\u00e1k Zsuzsanna Lilla \u00e9s G\u00e1sp\u00e1r Emma Linda10. \u00e9vf., Kardos Istv\u00e1n \u00c1ltal\u00e1nos Iskola \u00e9s Gimn\u00e1zium Oroszi Blanka 1999-ben sz\u00fcletett Budapesten. Gyermekkor\u00e1t Szigetszentmikl\u00f3son t\u00f6lt\u00f6tte \u00e9s jelenleg is itt \u00e9l. A m\u0171v\u00e9szetek, k\u00fcl\u00f6n\u00f6sen a fest\u00e9s \u00e9s az \u00edr\u00e1s, eg\u00e9szen kisl\u00e1nykora \u00f3ta foglalkoztatj\u00e1k. 2023-ban pszichol\u00f3gia szakos diplom\u00e1t szerzett a Szegedi Tudom\u00e1nyegyetemen, ahol jelenleg a&hellip;","_links":{"self":[{"href":"https:\/\/miklosimuzeum.hu\/en\/wp-json\/wp\/v2\/posts\/2680","targetHints":{"allow":["GET"]}}],"collection":[{"href":"https:\/\/miklosimuzeum.hu\/en\/wp-json\/wp\/v2\/posts"}],"about":[{"href":"https:\/\/miklosimuzeum.hu\/en\/wp-json\/wp\/v2\/types\/post"}],"author":[{"embeddable":true,"href":"https:\/\/miklosimuzeum.hu\/en\/wp-json\/wp\/v2\/users\/1"}],"replies":[{"embeddable":true,"href":"https:\/\/miklosimuzeum.hu\/en\/wp-json\/wp\/v2\/comments?post=2680"}],"version-history":[{"count":7,"href":"https:\/\/miklosimuzeum.hu\/en\/wp-json\/wp\/v2\/posts\/2680\/revisions"}],"predecessor-version":[{"id":2717,"href":"https:\/\/miklosimuzeum.hu\/en\/wp-json\/wp\/v2\/posts\/2680\/revisions\/2717"}],"wp:featuredmedia":[{"embeddable":true,"href":"https:\/\/miklosimuzeum.hu\/en\/wp-json\/wp\/v2\/media\/2820"}],"wp:attachment":[{"href":"https:\/\/miklosimuzeum.hu\/en\/wp-json\/wp\/v2\/media?parent=2680"}],"wp:term":[{"taxonomy":"category","embeddable":true,"href":"https:\/\/miklosimuzeum.hu\/en\/wp-json\/wp\/v2\/categories?post=2680"},{"taxonomy":"post_tag","embeddable":true,"href":"https:\/\/miklosimuzeum.hu\/en\/wp-json\/wp\/v2\/tags?post=2680"}],"curies":[{"name":"wp","href":"https:\/\/api.w.org\/{rel}","templated":true}]}}