{"id":2133,"date":"2025-03-18T13:11:58","date_gmt":"2025-03-18T13:11:58","guid":{"rendered":"https:\/\/miklosimuzeum.hu\/?p=2133"},"modified":"2025-03-18T13:18:27","modified_gmt":"2025-03-18T13:18:27","slug":"tanulmanykotetben-olvashato-adam-jeno-elete","status":"publish","type":"post","link":"https:\/\/miklosimuzeum.hu\/en\/2025\/03\/18\/tanulmanykotetben-olvashato-adam-jeno-elete\/","title":{"rendered":"Tanulm\u00e1nyk\u00f6tetben olvashat\u00f3 \u00c1d\u00e1m Jen\u0151 \u00e9lete"},"content":{"rendered":"<p>Megjelent a II. Helyt\u00f6rt\u00e9net \u00e9s helyi k\u00f6z\u00f6ss\u00e9g c\u00edm\u0171 konferencia tanulm\u00e1nyk\u00f6tete a Hamvas B\u00e9la Pest Megyei K\u00f6nyvt\u00e1r gondoz\u00e1s\u00e1ban. A k\u00f6tet a tavaly m\u00e1jusban elhangzott el\u0151ad\u00e1sokat tartalmazza k\u00e9pekkel illusztr\u00e1lva, forr\u00e1sokkal ell\u00e1tva, tudom\u00e1nyos ig\u00e9nnyel megszerkesztve. A sz\u00e1mos \u00e9rdekes, Pest v\u00e1rmegyei helyt\u00f6rt\u00e9neti vonatkoz\u00e1s\u00fa t\u00e9ma mellett v\u00e1rosunk h\u00edres sz\u00fcl\u00f6tt\u00e9r\u0151l, \u00c1d\u00e1m Jen\u0151r\u0151l is olvashatnak.<\/p>\n\n\n\n<p>A k\u00f6tet online olvashat\u00f3 a HBPMK honlapj\u00e1n <a href=\"https:\/\/hbpmk.hu\/node\/921\">ezen a linken<\/a>. Olvass\u00e1k \u00f6r\u00f6mmel!<\/p>","protected":false},"excerpt":{"rendered":"<p>Megjelent a II. Helyt\u00f6rt\u00e9net \u00e9s helyi k\u00f6z\u00f6ss\u00e9g c\u00edm\u0171 konferencia tanulm\u00e1nyk\u00f6tete a Hamvas B\u00e9la Pest Megyei K\u00f6nyvt\u00e1r gondoz\u00e1s\u00e1ban. A k\u00f6tet a tavaly m\u00e1jusban elhangzott el\u0151ad\u00e1sokat tartalmazza k\u00e9pekkel illusztr\u00e1lva, forr\u00e1sokkal ell\u00e1tva, tudom\u00e1nyos ig\u00e9nnyel megszerkesztve. A sz\u00e1mos \u00e9rdekes, Pest v\u00e1rmegyei helyt\u00f6rt\u00e9neti vonatkoz\u00e1s\u00fa t\u00e9ma mellett v\u00e1rosunk h\u00edres sz\u00fcl\u00f6tt\u00e9r\u0151l, \u00c1d\u00e1m Jen\u0151r\u0151l is olvashatnak. A k\u00f6tet online olvashat\u00f3 a HBPMK honlapj\u00e1n [&hellip;]<\/p>","protected":false},"author":1,"featured_media":2134,"comment_status":"open","ping_status":"open","sticky":false,"template":"","format":"standard","meta":{"ub_ctt_via":"","ocean_post_layout":"","ocean_both_sidebars_style":"","ocean_both_sidebars_content_width":0,"ocean_both_sidebars_sidebars_width":0,"ocean_sidebar":"","ocean_second_sidebar":"","ocean_disable_margins":"enable","ocean_add_body_class":"","ocean_shortcode_before_top_bar":"","ocean_shortcode_after_top_bar":"","ocean_shortcode_before_header":"","ocean_shortcode_after_header":"","ocean_has_shortcode":"","ocean_shortcode_after_title":"","ocean_shortcode_before_footer_widgets":"","ocean_shortcode_after_footer_widgets":"","ocean_shortcode_before_footer_bottom":"","ocean_shortcode_after_footer_bottom":"","ocean_display_top_bar":"default","ocean_display_header":"default","ocean_header_style":"","ocean_center_header_left_menu":"","ocean_custom_header_template":"","ocean_custom_logo":0,"ocean_custom_retina_logo":0,"ocean_custom_logo_max_width":0,"ocean_custom_logo_tablet_max_width":0,"ocean_custom_logo_mobile_max_width":0,"ocean_custom_logo_max_height":0,"ocean_custom_logo_tablet_max_height":0,"ocean_custom_logo_mobile_max_height":0,"ocean_header_custom_menu":"","ocean_menu_typo_font_family":"","ocean_menu_typo_font_subset":"","ocean_menu_typo_font_size":0,"ocean_menu_typo_font_size_tablet":0,"ocean_menu_typo_font_size_mobile":0,"ocean_menu_typo_font_size_unit":"px","ocean_menu_typo_font_weight":"","ocean_menu_typo_font_weight_tablet":"","ocean_menu_typo_font_weight_mobile":"","ocean_menu_typo_transform":"","ocean_menu_typo_transform_tablet":"","ocean_menu_typo_transform_mobile":"","ocean_menu_typo_line_height":0,"ocean_menu_typo_line_height_tablet":0,"ocean_menu_typo_line_height_mobile":0,"ocean_menu_typo_line_height_unit":"","ocean_menu_typo_spacing":0,"ocean_menu_typo_spacing_tablet":0,"ocean_menu_typo_spacing_mobile":0,"ocean_menu_typo_spacing_unit":"","ocean_menu_link_color":"","ocean_menu_link_color_hover":"","ocean_menu_link_color_active":"","ocean_menu_link_background":"","ocean_menu_link_hover_background":"","ocean_menu_link_active_background":"","ocean_menu_social_links_bg":"","ocean_menu_social_hover_links_bg":"","ocean_menu_social_links_color":"","ocean_menu_social_hover_links_color":"","ocean_disable_title":"default","ocean_disable_heading":"default","ocean_post_title":"","ocean_post_subheading":"","ocean_post_title_style":"","ocean_post_title_background_color":"","ocean_post_title_background":0,"ocean_post_title_bg_image_position":"","ocean_post_title_bg_image_attachment":"","ocean_post_title_bg_image_repeat":"","ocean_post_title_bg_image_size":"","ocean_post_title_height":0,"ocean_post_title_bg_overlay":0.5,"ocean_post_title_bg_overlay_color":"","ocean_disable_breadcrumbs":"default","ocean_breadcrumbs_color":"","ocean_breadcrumbs_separator_color":"","ocean_breadcrumbs_links_color":"","ocean_breadcrumbs_links_hover_color":"","ocean_display_footer_widgets":"default","ocean_display_footer_bottom":"default","ocean_custom_footer_template":"","ocean_post_oembed":"","ocean_post_self_hosted_media":"","ocean_post_video_embed":"","ocean_link_format":"","ocean_link_format_target":"self","ocean_quote_format":"","ocean_quote_format_link":"post","ocean_gallery_link_images":"on","ocean_gallery_id":[],"footnotes":""},"categories":[93],"tags":[46,113,127],"class_list":["post-2133","post","type-post","status-publish","format-standard","has-post-thumbnail","hentry","category-news","tag-adam-jeno","tag-konferencia","tag-tanulmany","entry","has-media"],"featured_image_src":"https:\/\/miklosimuzeum.hu\/wp-content\/uploads\/2025\/03\/Kepernyofoto-2025-03-18-14.11.04.jpg","author_info":{"display_name":"Miss N\u00e1ndor","author_link":"https:\/\/miklosimuzeum.hu\/en\/author\/admin\/"},"rttpg_featured_image_url":{"full":["https:\/\/miklosimuzeum.hu\/wp-content\/uploads\/2025\/03\/Kepernyofoto-2025-03-18-14.11.04.jpg",1696,1582,false],"landscape":["https:\/\/miklosimuzeum.hu\/wp-content\/uploads\/2025\/03\/Kepernyofoto-2025-03-18-14.11.04.jpg",1696,1582,false],"portraits":["https:\/\/miklosimuzeum.hu\/wp-content\/uploads\/2025\/03\/Kepernyofoto-2025-03-18-14.11.04.jpg",1696,1582,false],"thumbnail":["https:\/\/miklosimuzeum.hu\/wp-content\/uploads\/2025\/03\/Kepernyofoto-2025-03-18-14.11.04-150x150.jpg",150,150,true],"medium":["https:\/\/miklosimuzeum.hu\/wp-content\/uploads\/2025\/03\/Kepernyofoto-2025-03-18-14.11.04-300x280.jpg",300,280,true],"large":["https:\/\/miklosimuzeum.hu\/wp-content\/uploads\/2025\/03\/Kepernyofoto-2025-03-18-14.11.04.jpg",1696,1582,false],"1536x1536":["https:\/\/miklosimuzeum.hu\/wp-content\/uploads\/2025\/03\/Kepernyofoto-2025-03-18-14.11.04-1536x1433.jpg",1536,1433,true],"2048x2048":["https:\/\/miklosimuzeum.hu\/wp-content\/uploads\/2025\/03\/Kepernyofoto-2025-03-18-14.11.04.jpg",1696,1582,false],"trp-custom-language-flag":["https:\/\/miklosimuzeum.hu\/wp-content\/uploads\/2025\/03\/Kepernyofoto-2025-03-18-14.11.04-13x12.jpg",13,12,true],"ocean-thumb-m":["https:\/\/miklosimuzeum.hu\/wp-content\/uploads\/2025\/03\/Kepernyofoto-2025-03-18-14.11.04-600x600.jpg",600,600,true],"ocean-thumb-ml":["https:\/\/miklosimuzeum.hu\/wp-content\/uploads\/2025\/03\/Kepernyofoto-2025-03-18-14.11.04-800x450.jpg",800,450,true],"ocean-thumb-l":["https:\/\/miklosimuzeum.hu\/wp-content\/uploads\/2025\/03\/Kepernyofoto-2025-03-18-14.11.04-1200x700.jpg",1200,700,true]},"rttpg_author":{"display_name":"Miss N\u00e1ndor","author_link":"https:\/\/miklosimuzeum.hu\/en\/author\/admin\/"},"rttpg_comment":0,"rttpg_category":"<a href=\"https:\/\/miklosimuzeum.hu\/en\/category\/news\/\" rel=\"category tag\">H\u00edrek<\/a>","rttpg_excerpt":"Megjelent a II. Helyt\u00f6rt\u00e9net \u00e9s helyi k\u00f6z\u00f6ss\u00e9g c\u00edm\u0171 konferencia tanulm\u00e1nyk\u00f6tete a Hamvas B\u00e9la Pest Megyei K\u00f6nyvt\u00e1r gondoz\u00e1s\u00e1ban. A k\u00f6tet a tavaly m\u00e1jusban elhangzott el\u0151ad\u00e1sokat tartalmazza k\u00e9pekkel illusztr\u00e1lva, forr\u00e1sokkal ell\u00e1tva, tudom\u00e1nyos ig\u00e9nnyel megszerkesztve. A sz\u00e1mos \u00e9rdekes, Pest v\u00e1rmegyei helyt\u00f6rt\u00e9neti vonatkoz\u00e1s\u00fa t\u00e9ma mellett v\u00e1rosunk h\u00edres sz\u00fcl\u00f6tt\u00e9r\u0151l, \u00c1d\u00e1m Jen\u0151r\u0151l is olvashatnak. A k\u00f6tet online olvashat\u00f3 a HBPMK honlapj\u00e1n&hellip;","_links":{"self":[{"href":"https:\/\/miklosimuzeum.hu\/en\/wp-json\/wp\/v2\/posts\/2133","targetHints":{"allow":["GET"]}}],"collection":[{"href":"https:\/\/miklosimuzeum.hu\/en\/wp-json\/wp\/v2\/posts"}],"about":[{"href":"https:\/\/miklosimuzeum.hu\/en\/wp-json\/wp\/v2\/types\/post"}],"author":[{"embeddable":true,"href":"https:\/\/miklosimuzeum.hu\/en\/wp-json\/wp\/v2\/users\/1"}],"replies":[{"embeddable":true,"href":"https:\/\/miklosimuzeum.hu\/en\/wp-json\/wp\/v2\/comments?post=2133"}],"version-history":[{"count":2,"href":"https:\/\/miklosimuzeum.hu\/en\/wp-json\/wp\/v2\/posts\/2133\/revisions"}],"predecessor-version":[{"id":2136,"href":"https:\/\/miklosimuzeum.hu\/en\/wp-json\/wp\/v2\/posts\/2133\/revisions\/2136"}],"wp:featuredmedia":[{"embeddable":true,"href":"https:\/\/miklosimuzeum.hu\/en\/wp-json\/wp\/v2\/media\/2134"}],"wp:attachment":[{"href":"https:\/\/miklosimuzeum.hu\/en\/wp-json\/wp\/v2\/media?parent=2133"}],"wp:term":[{"taxonomy":"category","embeddable":true,"href":"https:\/\/miklosimuzeum.hu\/en\/wp-json\/wp\/v2\/categories?post=2133"},{"taxonomy":"post_tag","embeddable":true,"href":"https:\/\/miklosimuzeum.hu\/en\/wp-json\/wp\/v2\/tags?post=2133"}],"curies":[{"name":"wp","href":"https:\/\/api.w.org\/{rel}","templated":true}]}}