{"id":1978,"date":"2024-10-26T10:24:12","date_gmt":"2024-10-26T10:24:12","guid":{"rendered":"https:\/\/miklosimuzeum.hu\/?p=1978"},"modified":"2024-12-05T21:17:03","modified_gmt":"2024-12-05T21:17:03","slug":"adam-jeno-studiofelvetel","status":"publish","type":"post","link":"https:\/\/miklosimuzeum.hu\/en\/2024\/10\/26\/adam-jeno-studiofelvetel\/","title":{"rendered":"\u00c1d\u00e1m Jen\u0151 st\u00fadi\u00f3felv\u00e9tel"},"content":{"rendered":"<p>IR\u00f6videsen ism\u00e9t hallhat\u00f3 lesz \u00c1d\u00e1m Jen\u0151 egyik sok\u00e1ig lappang\u00f3 zenem\u0171ve! Tegnap a patin\u00e1s Pann\u00f3nia st\u00fadi\u00f3ban professzion\u00e1lis k\u00f6r\u00fclm\u00e9nyek k\u00f6z\u00f6tt ker\u00fclt felv\u00e9telre v\u00e1rosunk sz\u00fcl\u00f6tt\u00e9nek k\u00fcl\u00f6nleges alkot\u00e1sa.<\/p>\n\n\n\n<p>\u00c1d\u00e1m Jen\u0151 az 1920-as, 30-as \u00e9vekben igen sikeres zeneszerz\u0151 volt, a n\u00e9pdalok, a falusi \u00e9letm\u00f3d \u00e1ltal ihletett m\u0171vei rendszeresen sz\u00ednpadra ker\u00fcltek a Zeneakad\u00e9mi\u00e1n \u00e9s az Operah\u00e1zban is. 1928-ban mutatt\u00e1k be \u201cDu\u00f3 fant\u00e1zia csell\u00f3ra \u00e9s zongor\u00e1ra\u201d c\u00edm\u0171 darabj\u00e1t, melyet \u00c1d\u00e1m Jen\u0151 k\u00e9ziratra \u00edrt jegyzete&nbsp;szerint akkor Vincze L\u00e1szl\u00f3 csellista \u00e9s K\u00f3sa Gy\u00f6rgy zongoram\u0171v\u00e9sz adott el\u0151. A darabot tudom\u00e1sunk szerint t\u00f6bb mint kilenc \u00e9vtized ut\u00e1n, 2021-ben, majd 2024-ben a zeneszerz\u0151 sz\u00fcl\u0151h\u00e1z\u00e1ban mindk\u00e9t alkalommal a K\u00e1roli G\u00e1sp\u00e1r Reform\u00e1tus Egyetem \u00e1ltal szervezett konferenci\u00e1n hallhatta ism\u00e9t egy sz\u0171k k\u00f6z\u00f6ns\u00e9g. \u00cdgy e mostani felv\u00e9tel igaz\u00e1n egyedi \u00e9s ritka alkalmat k\u00edn\u00e1l a m\u0171 megismer\u00e9s\u00e9re. Hamarosan mindenki sz\u00e1m\u00e1ra online is el\u00e9rhet\u0151 lesz \u00c1d\u00e1m Jen\u0151 remekm\u0171ve!<\/p>\n\n\n\n<p>K\u00f6sz\u00f6nj\u00fck a&nbsp;<a href=\"https:\/\/www.facebook.com\/tenergico?__cft__%5b0%5d=AZUW4iml3k_ASMZcvf2GNG-VGsC3dZo8LzJECkcwvNLafr-i8x3YKtTgK8B9RZAVEZPg-TSKfwm6hNghFBn8hy6xX-g1pk-U39xUTmc0J8eLtO4olZEZHYLN4pv_x9bbZ_IWC7W5huad2LUVjI3SEwZN&amp;__tn__=-%5dK-R\" target=\"_blank\" rel=\"noreferrer noopener\">Trio Energico<\/a>&nbsp;k\u00e9t tagj\u00e1nak, M\u00e1dy-Szab\u00f3 Eszter csell\u00f3m\u0171v\u00e9sznek \u00e9s Vida M\u00f3nika Ruth zongoram\u0171v\u00e9sznek a befektetett energi\u00e1t \u00e9s a fantasztikus j\u00e1t\u00e9kot! \u00c1d\u00e1m Jen\u0151 darabj\u00e1nak \u00fajb\u00f3li megsz\u00f3laltat\u00e1sa rendk\u00edv\u00fcli kih\u00edv\u00e1st jelentett a m\u0171v\u00e9szeknek, mivel a darabhoz semmilyen szerz\u0151 \u00e1ltal j\u00f3v\u00e1hagyott el\u0151ad\u00f3i hagyom\u00e1ny nem k\u00f6t\u0151dik, \u00edgy kiz\u00e1r\u00f3lag a k\u00e9zirat jelentett inspir\u00e1ci\u00f3forr\u00e1st a darab \u00fajra \u00e9rtelmez\u00e9s\u00e9hez. H\u00e1l\u00e1s k\u00f6sz\u00f6net illeti Mad\u00e1csi Imr\u00e9t, ami\u00e9rt a Gaston St\u00fadi\u00f3ban helyet \u00e9s id\u0151t biztos\u00edtott a zenei \u00e9lm\u00e9ny meg\u00f6r\u00f6k\u00edt\u00e9s\u00e9re!<\/p>\n\n\n\n<p>A felv\u00e9tel Szigetszentmikl\u00f3s V\u00e1ros \u00d6nkorm\u00e1nyzata t\u00e1mogat\u00e1s\u00e1val val\u00f3sulhatott meg.<\/p>\n\n\n\n<figure class=\"wp-block-gallery has-nested-images columns-default is-cropped wp-block-gallery-1 is-layout-flex wp-block-gallery-is-layout-flex\">\n<figure class=\"wp-block-image size-large\"><a href=\"https:\/\/miklosimuzeum.hu\/wp-content\/uploads\/2024\/10\/Duo-felvetel-3-scaled.jpg\"><img fetchpriority=\"high\" decoding=\"async\" width=\"1925\" height=\"2560\" data-id=\"1981\" src=\"https:\/\/miklosimuzeum.hu\/wp-content\/uploads\/2024\/10\/Duo-felvetel-3-scaled.jpg\" alt=\"\" class=\"wp-image-1981\"\/><\/a><\/figure>\n\n\n\n<figure class=\"wp-block-image size-large\"><a href=\"https:\/\/miklosimuzeum.hu\/wp-content\/uploads\/2024\/10\/Duo-felvetel-4-scaled.jpg\"><img decoding=\"async\" width=\"1926\" height=\"2560\" data-id=\"1980\" src=\"https:\/\/miklosimuzeum.hu\/wp-content\/uploads\/2024\/10\/Duo-felvetel-4-scaled.jpg\" alt=\"\" class=\"wp-image-1980\"\/><\/a><\/figure>\n\n\n\n<figure class=\"wp-block-image size-large\"><a href=\"https:\/\/miklosimuzeum.hu\/wp-content\/uploads\/2024\/10\/SKMBT_28324102610270.jpg\"><img decoding=\"async\" width=\"1653\" height=\"2338\" data-id=\"1979\" src=\"https:\/\/miklosimuzeum.hu\/wp-content\/uploads\/2024\/10\/SKMBT_28324102610270.jpg\" alt=\"\" class=\"wp-image-1979\"\/><\/a><\/figure>\n<\/figure>","protected":false},"excerpt":{"rendered":"<p>IR\u00f6videsen ism\u00e9t hallhat\u00f3 lesz \u00c1d\u00e1m Jen\u0151 egyik sok\u00e1ig lappang\u00f3 zenem\u0171ve! Tegnap a patin\u00e1s Pann\u00f3nia st\u00fadi\u00f3ban professzion\u00e1lis k\u00f6r\u00fclm\u00e9nyek k\u00f6z\u00f6tt ker\u00fclt felv\u00e9telre v\u00e1rosunk sz\u00fcl\u00f6tt\u00e9nek k\u00fcl\u00f6nleges alkot\u00e1sa. \u00c1d\u00e1m Jen\u0151 az 1920-as, 30-as \u00e9vekben igen sikeres zeneszerz\u0151 volt, a n\u00e9pdalok, a falusi \u00e9letm\u00f3d \u00e1ltal ihletett m\u0171vei rendszeresen sz\u00ednpadra ker\u00fcltek a Zeneakad\u00e9mi\u00e1n \u00e9s az Operah\u00e1zban is. 1928-ban mutatt\u00e1k be \u201cDu\u00f3 [&hellip;]<\/p>","protected":false},"author":1,"featured_media":1979,"comment_status":"open","ping_status":"open","sticky":false,"template":"","format":"standard","meta":{"ub_ctt_via":"","ocean_post_layout":"","ocean_both_sidebars_style":"","ocean_both_sidebars_content_width":0,"ocean_both_sidebars_sidebars_width":0,"ocean_sidebar":"","ocean_second_sidebar":"","ocean_disable_margins":"enable","ocean_add_body_class":"","ocean_shortcode_before_top_bar":"","ocean_shortcode_after_top_bar":"","ocean_shortcode_before_header":"","ocean_shortcode_after_header":"","ocean_has_shortcode":"","ocean_shortcode_after_title":"","ocean_shortcode_before_footer_widgets":"","ocean_shortcode_after_footer_widgets":"","ocean_shortcode_before_footer_bottom":"","ocean_shortcode_after_footer_bottom":"","ocean_display_top_bar":"default","ocean_display_header":"default","ocean_header_style":"","ocean_center_header_left_menu":"","ocean_custom_header_template":"","ocean_custom_logo":0,"ocean_custom_retina_logo":0,"ocean_custom_logo_max_width":0,"ocean_custom_logo_tablet_max_width":0,"ocean_custom_logo_mobile_max_width":0,"ocean_custom_logo_max_height":0,"ocean_custom_logo_tablet_max_height":0,"ocean_custom_logo_mobile_max_height":0,"ocean_header_custom_menu":"","ocean_menu_typo_font_family":"","ocean_menu_typo_font_subset":"","ocean_menu_typo_font_size":0,"ocean_menu_typo_font_size_tablet":0,"ocean_menu_typo_font_size_mobile":0,"ocean_menu_typo_font_size_unit":"px","ocean_menu_typo_font_weight":"","ocean_menu_typo_font_weight_tablet":"","ocean_menu_typo_font_weight_mobile":"","ocean_menu_typo_transform":"","ocean_menu_typo_transform_tablet":"","ocean_menu_typo_transform_mobile":"","ocean_menu_typo_line_height":0,"ocean_menu_typo_line_height_tablet":0,"ocean_menu_typo_line_height_mobile":0,"ocean_menu_typo_line_height_unit":"","ocean_menu_typo_spacing":0,"ocean_menu_typo_spacing_tablet":0,"ocean_menu_typo_spacing_mobile":0,"ocean_menu_typo_spacing_unit":"","ocean_menu_link_color":"","ocean_menu_link_color_hover":"","ocean_menu_link_color_active":"","ocean_menu_link_background":"","ocean_menu_link_hover_background":"","ocean_menu_link_active_background":"","ocean_menu_social_links_bg":"","ocean_menu_social_hover_links_bg":"","ocean_menu_social_links_color":"","ocean_menu_social_hover_links_color":"","ocean_disable_title":"default","ocean_disable_heading":"default","ocean_post_title":"","ocean_post_subheading":"","ocean_post_title_style":"","ocean_post_title_background_color":"","ocean_post_title_background":0,"ocean_post_title_bg_image_position":"","ocean_post_title_bg_image_attachment":"","ocean_post_title_bg_image_repeat":"","ocean_post_title_bg_image_size":"","ocean_post_title_height":0,"ocean_post_title_bg_overlay":0.5,"ocean_post_title_bg_overlay_color":"","ocean_disable_breadcrumbs":"default","ocean_breadcrumbs_color":"","ocean_breadcrumbs_separator_color":"","ocean_breadcrumbs_links_color":"","ocean_breadcrumbs_links_hover_color":"","ocean_display_footer_widgets":"default","ocean_display_footer_bottom":"default","ocean_custom_footer_template":"","ocean_post_oembed":"","ocean_post_self_hosted_media":"","ocean_post_video_embed":"","ocean_link_format":"","ocean_link_format_target":"self","ocean_quote_format":"","ocean_quote_format_link":"post","ocean_gallery_link_images":"on","ocean_gallery_id":[],"footnotes":""},"categories":[93],"tags":[46,146,147],"class_list":["post-1978","post","type-post","status-publish","format-standard","has-post-thumbnail","hentry","category-news","tag-adam-jeno","tag-hangfelvetel","tag-zenemu","entry","has-media"],"featured_image_src":"https:\/\/miklosimuzeum.hu\/wp-content\/uploads\/2024\/10\/SKMBT_28324102610270.jpg","author_info":{"display_name":"Miss N\u00e1ndor","author_link":"https:\/\/miklosimuzeum.hu\/en\/author\/admin\/"},"rttpg_featured_image_url":{"full":["https:\/\/miklosimuzeum.hu\/wp-content\/uploads\/2024\/10\/SKMBT_28324102610270.jpg",1653,2338,false],"landscape":["https:\/\/miklosimuzeum.hu\/wp-content\/uploads\/2024\/10\/SKMBT_28324102610270.jpg",1653,2338,false],"portraits":["https:\/\/miklosimuzeum.hu\/wp-content\/uploads\/2024\/10\/SKMBT_28324102610270.jpg",1653,2338,false],"thumbnail":["https:\/\/miklosimuzeum.hu\/wp-content\/uploads\/2024\/10\/SKMBT_28324102610270-150x150.jpg",150,150,true],"medium":["https:\/\/miklosimuzeum.hu\/wp-content\/uploads\/2024\/10\/SKMBT_28324102610270-212x300.jpg",212,300,true],"large":["https:\/\/miklosimuzeum.hu\/wp-content\/uploads\/2024\/10\/SKMBT_28324102610270.jpg",1653,2338,false],"1536x1536":["https:\/\/miklosimuzeum.hu\/wp-content\/uploads\/2024\/10\/SKMBT_28324102610270-1086x1536.jpg",1086,1536,true],"2048x2048":["https:\/\/miklosimuzeum.hu\/wp-content\/uploads\/2024\/10\/SKMBT_28324102610270-1448x2048.jpg",1448,2048,true],"trp-custom-language-flag":["https:\/\/miklosimuzeum.hu\/wp-content\/uploads\/2024\/10\/SKMBT_28324102610270-8x12.jpg",8,12,true],"ocean-thumb-m":["https:\/\/miklosimuzeum.hu\/wp-content\/uploads\/2024\/10\/SKMBT_28324102610270-600x600.jpg",600,600,true],"ocean-thumb-ml":["https:\/\/miklosimuzeum.hu\/wp-content\/uploads\/2024\/10\/SKMBT_28324102610270-800x450.jpg",800,450,true],"ocean-thumb-l":["https:\/\/miklosimuzeum.hu\/wp-content\/uploads\/2024\/10\/SKMBT_28324102610270-1200x700.jpg",1200,700,true]},"rttpg_author":{"display_name":"Miss N\u00e1ndor","author_link":"https:\/\/miklosimuzeum.hu\/en\/author\/admin\/"},"rttpg_comment":0,"rttpg_category":"<a href=\"https:\/\/miklosimuzeum.hu\/en\/category\/news\/\" rel=\"category tag\">H\u00edrek<\/a>","rttpg_excerpt":"IR\u00f6videsen ism\u00e9t hallhat\u00f3 lesz \u00c1d\u00e1m Jen\u0151 egyik sok\u00e1ig lappang\u00f3 zenem\u0171ve! Tegnap a patin\u00e1s Pann\u00f3nia st\u00fadi\u00f3ban professzion\u00e1lis k\u00f6r\u00fclm\u00e9nyek k\u00f6z\u00f6tt ker\u00fclt felv\u00e9telre v\u00e1rosunk sz\u00fcl\u00f6tt\u00e9nek k\u00fcl\u00f6nleges alkot\u00e1sa. \u00c1d\u00e1m Jen\u0151 az 1920-as, 30-as \u00e9vekben igen sikeres zeneszerz\u0151 volt, a n\u00e9pdalok, a falusi \u00e9letm\u00f3d \u00e1ltal ihletett m\u0171vei rendszeresen sz\u00ednpadra ker\u00fcltek a Zeneakad\u00e9mi\u00e1n \u00e9s az Operah\u00e1zban is. 1928-ban mutatt\u00e1k be \u201cDu\u00f3&hellip;","_links":{"self":[{"href":"https:\/\/miklosimuzeum.hu\/en\/wp-json\/wp\/v2\/posts\/1978","targetHints":{"allow":["GET"]}}],"collection":[{"href":"https:\/\/miklosimuzeum.hu\/en\/wp-json\/wp\/v2\/posts"}],"about":[{"href":"https:\/\/miklosimuzeum.hu\/en\/wp-json\/wp\/v2\/types\/post"}],"author":[{"embeddable":true,"href":"https:\/\/miklosimuzeum.hu\/en\/wp-json\/wp\/v2\/users\/1"}],"replies":[{"embeddable":true,"href":"https:\/\/miklosimuzeum.hu\/en\/wp-json\/wp\/v2\/comments?post=1978"}],"version-history":[{"count":2,"href":"https:\/\/miklosimuzeum.hu\/en\/wp-json\/wp\/v2\/posts\/1978\/revisions"}],"predecessor-version":[{"id":2056,"href":"https:\/\/miklosimuzeum.hu\/en\/wp-json\/wp\/v2\/posts\/1978\/revisions\/2056"}],"wp:featuredmedia":[{"embeddable":true,"href":"https:\/\/miklosimuzeum.hu\/en\/wp-json\/wp\/v2\/media\/1979"}],"wp:attachment":[{"href":"https:\/\/miklosimuzeum.hu\/en\/wp-json\/wp\/v2\/media?parent=1978"}],"wp:term":[{"taxonomy":"category","embeddable":true,"href":"https:\/\/miklosimuzeum.hu\/en\/wp-json\/wp\/v2\/categories?post=1978"},{"taxonomy":"post_tag","embeddable":true,"href":"https:\/\/miklosimuzeum.hu\/en\/wp-json\/wp\/v2\/tags?post=1978"}],"curies":[{"name":"wp","href":"https:\/\/api.w.org\/{rel}","templated":true}]}}