{"id":1726,"date":"2024-05-15T15:44:14","date_gmt":"2024-05-15T15:44:14","guid":{"rendered":"https:\/\/miklosimuzeum.hu\/?p=1726"},"modified":"2024-05-15T15:44:15","modified_gmt":"2024-05-15T15:44:15","slug":"adam-jeno-emlekere","status":"publish","type":"post","link":"https:\/\/miklosimuzeum.hu\/en\/2024\/05\/15\/adam-jeno-emlekere\/","title":{"rendered":"\u00c1d\u00e1m Jen\u0151 eml\u00e9k\u00e9re"},"content":{"rendered":"<figure class=\"wp-block-image size-full\"><img fetchpriority=\"high\" decoding=\"async\" width=\"2560\" height=\"1851\" src=\"https:\/\/miklosimuzeum.hu\/wp-content\/uploads\/2024\/05\/SZHGY_AJ_F_1.0053-scaled.jpg\" alt=\"\" class=\"wp-image-1727\"\/><\/figure>\n\n\n\n<p>Ma 42 \u00e9ve hunyt el \u00c1d\u00e1m Jen\u0151, v\u00e1rosunk sz\u00fcl\u00f6tte, a szolmiz\u00e1ci\u00f3 m\u00f3dszertan\u00e1nak kidolgoz\u00f3ja. Ez alkalomb\u00f3l t\u00f6bb helyen is zajlottak megeml\u00e9kez\u00e9sek a v\u00e1rosban: h\u00e9tf\u0151n az \u00c1d\u00e1m Jen\u0151 \u00c1ltal\u00e1nos Iskola \u00e9s AMI szervez\u00e9s\u00e9ben a s\u00edrj\u00e1n\u00e1l, valamint most is zajlik n\u00e1luk a m\u0171v\u00e9szeti h\u00e9t, melynek r\u00e9szek\u00e9nt h\u00e9tf\u0151n este sz\u00ednvonalas eml\u00e9kkoncertet is hallhattak az \u00e9rdekl\u0151d\u0151k. Vas\u00e1rnap a Kossuth Lajos utcai reform\u00e1tus templomban a szigetszentmikl\u00f3si k\u00f3rusok koncertje zajlott, ahol G\u00e1l R\u00f3bertn\u00e9, a zeneiskola tan\u00e1ra tartott megeml\u00e9kez\u0151 besz\u00e9det, melyet al\u00e1bb olvashatnak:<\/p>\n\n\n\n<p>Tisztelt Jelenl\u00e9v\u0151k, kedves Zenekedvel\u0151k!<\/p>\n\n\n\n<p>\u00c1d\u00e1m Jen\u0151 hal\u00e1l\u00e1nak 42. \u00e9vfordul\u00f3ja alkalm\u00e1b\u00f3l vagyunk itt, a minden \u00e9vben hagyom\u00e1nyosan megrendezett koncerten, k\u00f3rustal\u00e1lkoz\u00f3n, itt a soksz\u00e1z \u00e9ves hagyom\u00e1nyokat \u00e1pol\u00f3 reform\u00e1tus egyh\u00e1z templom\u00e1ban. Engedj\u00e9k meg, hogy most zenetan\u00e1rk\u00e9nt eml\u00e9kezzek meg r\u00f3la.<\/p>\n\n\n\n<p>\u00c1d\u00e1m Jen\u0151 szellemi \u00f6r\u00f6ks\u00e9ge er\u0151sen kapcsol\u00f3dik Szigetszentmikl\u00f3shoz, az Eml\u00e9kh\u00e1zhoz, a reform\u00e1tus egyh\u00e1zhoz, az \u00c1d\u00e1m Jen\u0151 \u00c1ltal\u00e1nos Iskol\u00e1hoz \u00e9s a zeneiskol\u00e1hoz. De nemcsak mi\u00e9nk ez az aj\u00e1nd\u00e9k. \u00dajbud\u00e1n, a Ferencv\u00e1rosban, Szolnokon, Kazincbarcik\u00e1n \u00e9s Lentiben is megeml\u00e9keznek ezekben a napokban \u00c1d\u00e1m Jen\u0151r\u0151l a nev\u00e9t visel\u0151 iskol\u00e1k.<\/p>\n\n\n\n<p>Ami nek\u00fcnk van, \u00e9s amire b\u00fcszk\u00e9k vagyunk, az az Eml\u00e9kh\u00e1z, a fokozatosan el\u00e9rhet\u0151v\u00e9 v\u00e1l\u00f3, k\u00f6zread\u00e1sra ker\u00fcl\u0151 hagyat\u00e9k, a v\u00e1rosban fellelhet\u0151, hozz\u00e1 kapcsol\u00f3d\u00f3 hatalmas inform\u00e1ci\u00f3anyag, ami orsz\u00e1gosan ismert \u00e9s elismert. Az \u00c1d\u00e1m Jen\u0151re vonatkoz\u00f3 k\u00e9rd\u00e9seket nemcsak a wikip\u00e9di\u00e1n, de szigetszentmikl\u00f3si oldalakon, legink\u00e1bb a Helyt\u00f6rt\u00e9neti Gy\u0171jtem\u00e9ny oldal\u00e1n megtal\u00e1lhatjuk-kihaszn\u00e1lva a digitaliz\u00e1ci\u00f3 el\u0151nyeit.&nbsp;<\/p>\n\n\n\n<p>\u00c9s itt van az \u00e9l\u0151 hagyom\u00e1ny: ma, itt a templomban felcsend\u00fclnek m\u0171vei, holnap pedig a bens\u0151s\u00e9ges harm\u00f3ni\u00e1kkal feldolgozott zsolt\u00e1rait \u00e9s az \u00e1ltala gy\u0171jt\u00f6tt n\u00e9pdalokat j\u00e1tsszuk a temet\u0151ben a s\u00edrj\u00e1n\u00e1l. A holnap esti zeneiskolai hangversenyen el\u0151tte tisztelg\u00fcnk.<\/p>\n\n\n\n<p>Ezekre az alkalmakra, hetek, h\u00f3napok \u00f3ta k\u00e9sz\u00fclnek a fell\u00e9p\u0151k, az\u00e9rt, hogy k\u00f6zelebb ker\u00fcljenek \u00e9s hogy k\u00f6zelebb hozzanak benn\u00fcnket \u00c1d\u00e1m Jen\u0151h\u00f6z, az \u0151 muzsik\u00e1j\u00e1n kereszt\u00fcl.<\/p>\n\n\n\n<p>Szigetszentmikl\u00f3s helyt \u00e1ll a Szokolay S\u00e1ndor \u00e1ltal kit\u0171z\u00f6tt c\u00e9lnak. \u0150 ezt jel\u00f6lte ki nek\u00fcnk: <em>\u201eSzigetszentmikl\u00f3s szent k\u00f6teless\u00e9ge, hogy sz\u00fcl\u00f6tt\u00e9t minden igyekezet\u00e9vel \u201e\u00fczenet\u00e9ben\u201d \u00e9s tan\u00edt\u00e1s\u00e1ban k\u00f6zkinccs\u00e9 tegye. \u00c1ldja meg az Isten \u00c1d\u00e1m Jen\u0151 veszend\u0151nek t\u0171n\u0151 \u00e9letm\u0171v\u00e9t. Minden szigetszentmikl\u00f3si fiatal \u00e9s \u00f6reg mer\u00edtsen szellem\u00e9b\u0151l.\u201d<\/em><\/p>\n\n\n\n<p>Most k\u00f6vetkezzenek \u00c1d\u00e1m Jen\u0151 szavai:<\/p>\n\n\n\n<p>\u201eAminek sz\u00fclettem: n\u00e9ptan\u00edt\u00f3.\u201d<\/p>\n\n\n\n<p>\u201eA n\u00e9pm\u0171vel\u00e9s? Egyszer\u0171 emberekhez sz\u00f3lni: nincs enn\u00e9l \u00f6sszetettebb feladat.\u201d<\/p>\n\n\n\n<p>Sok\u00e1ig azt gondolta, hogy zeneszerz\u0151 \u00e9s karmester lesz. Tudta, de nem akarta \u00e9szrevenni azt, hogy val\u00f3j\u00e1ban hol a helye. Felismerte a probl\u00e9m\u00e1t, a dolgok sz\u00fcks\u00e9gess\u00e9g\u00e9t \u00e9s azonnal k\u00e9sz volt azt a legmagasabb szinten a gyakorlatban is megoldani. Tan\u00edtott, nevelt, r\u00e1di\u00f3, k\u00e9s\u0151bb telev\u00edzi\u00f3s el\u0151ad\u00e1sokat tartott a zene n\u00e9pszer\u0171s\u00edt\u00e9s\u00e9re. J\u00e1rta az orsz\u00e1got, k\u00e9s\u0151bb a vil\u00e1got a maga szervezte kis egy\u00fcttessel.<\/p>\n\n\n\n<p>K\u00f6z\u00e9rthet\u0151en, valamennyi rejtett \u00e9rz\u00e9s\u00e9t el\u0151var\u00e1zsolva mutatta be a n\u00e9pdalt, kibontotta egy-egy szerelmes sz\u00f3 jelent\u00e9s\u00e9t l\u00e1gy, simogat\u00f3 \u00e9rz\u00e9ss\u00e9 vagy d\u00fcb\u00f6rg\u0151, harsog\u00f3 szimf\u00f3ni\u00e1v\u00e1.<\/p>\n\n\n\n<p>V\u00e1llalta az akkori szakmai elit sz\u00e1nakoz\u00f3 mosoly\u00e1t, vagy k\u00e9s\u0151bb a r\u00e1di\u00f3s el\u0151ad\u00e1saira \u00e9rkezett elmarasztal\u00f3 v\u00e9lem\u00e9nyeket \u2013 a &nbsp;sokezer elismer\u0151 \u00e9s k\u00f6sz\u00f6n\u0151 levelek mellett.<\/p>\n\n\n\n<p>Az iskolai tan\u00edt\u00e1sr\u00f3l is megoszt\u00f3, a korban szokatlan meggy\u0151z\u0151d\u00e9se volt, ugyanis \u00c1d\u00e1m Jen\u0151 tud\u00e1sa szerint az \u00e9nek \u00e9s zene tant\u00e1rgy m\u00e1s, mint a t\u00f6bbi tant\u00e1rgy. Ezt minden tan\u00e1r mondhatja a saj\u00e1t tant\u00e1rgy\u00e1r\u00f3l, az \u0151 megk\u00f6zel\u00edt\u00e9se m\u00e9gis m\u00e1s. A zen\u00e9sz, a zen\u00e9vel foglalkoz\u00f3 m\u00e1sfajta ember: \u00f6sszek\u00f6t\u0151 a szellemi \u00e9s a fizikai vil\u00e1g k\u00f6z\u00f6tt. <strong>Zen\u00e9vel nevelni <\/strong>\u2013 erre v\u00e1lnak k\u00e9pess\u00e9 Kod\u00e1ly Zolt\u00e1nnal \u00e9s k\u00f6zel 30 \u00e9ven \u00e1t dolgoznak v\u00e1llvetve, ki\u00e1llva a magyar \u00e9nekoktat\u00e1s fontoss\u00e1ga mellett.<\/p>\n\n\n\n<p>\u201eMindenkinek ott kell dolgoznia, ahol nincsen helyettese\u201d. \u00cdzlelgess\u00fck ezeket a szavakat kicsit. A zen\u00e9t\u0151l f\u00fcggetlen\u00fcl is: mindenkinek ott kell dolgoznia, ahol nincsen helyettese.<\/p>\n\n\n\n<p>\u201eMinden er\u0151mmel \u00e9s k\u00e9pess\u00e9gemmel, itthon \u00e9s k\u00fclf\u00f6ld\u00f6n egyar\u00e1nt az egyszer\u0171 magyar ember m\u0171vel\u0151d\u00e9s\u00e9t szolg\u00e1ltam, \u00c9n a zenei n\u00e9pm\u0171vel\u00e9st v\u00e1lasztottam: muzsik\u00e1lni, \u00e9nekelni tan\u00edtani az embereket \u2013 szeretni, \u00e9rteni a sz\u00e9pet a zen\u00e9ben is. Ez volt a c\u00e9lom.\u201d<\/p>\n\n\n\n<p>M\u00e1r az1971-ben, a 75. sz\u00fclet\u00e9snapja alkalm\u00e1b\u00f3l vele k\u00e9sz\u00edtett interj\u00faban \u2013 bizony\u00e1ra a technol\u00f3giai fejl\u0151d\u00e9sre utalva, az akkori kort egy p\u00e9ld\u00e1tlan accelerandonak nevezi.A zene nyelv\u00e9n az accelerando fokozatos gyors\u00edt\u00e1st jelent. Mi itt tudjuk, hogy a h\u00e9tk\u00f6znapi \u00e9let ezen felgyorsul\u00e1sa nemhogy lassult volna, hanem egyre sz\u00e1guld tov\u00e1bb.<\/p>\n\n\n\n<p>Vajon mit tenne ma \u00c1d\u00e1m Jen\u0151? Hogyan \u00e9s mi mindenre haszn\u00e1ln\u00e1 ma az Internetet, a TikTokot vagy az Instagramot: bizony\u00e1ra f\u00fcrd\u0151zne benne. Biztos, hogy minden rendelkez\u00e9sre \u00e1ll\u00f3 m\u00f3don \u00e9s eszk\u00f6zzel n\u00e9pszer\u0171s\u00edten\u00e9, \u00e9rthet\u0151v\u00e9 \u00e9s szerethet\u0151v\u00e9 tenn\u00e9 a zen\u00e9t az arra k\u00edv\u00e1ncsiak sz\u00e1m\u00e1ra.<\/p>\n\n\n\n<p>T\u00f6bb gener\u00e1ci\u00f3 legfontosabb zenei t\u00e1pl\u00e1l\u00e9ka lett a M\u00f3dszeres \u00e9nektan\u00edt\u00e1s c\u00edm\u0171 m\u0171ve alapj\u00e1n k\u00e9sz\u00fclt tank\u00f6nyvsorozat \u00e9s a k\u00e9s\u0151bb, az ez alapj\u00e1n k\u00e9sz\u00fclt tank\u00f6nyvek. Olyan szellemi kincset alapozott meg, amit nem lehet Disney sl\u00e1gerekkel meg nem t\u00f6rt\u00e9ntt\u00e9 tenni-ezen tank\u00f6nyvek politikai jelleg\u0171 bez\u00faz\u00e1sa ellen\u00e9re sem. \u0150 elv\u00e9gezte a munk\u00e1j\u00e1t. Olyan \u00e9nek-zene m\u00f3dszertani aj\u00e1nl\u00e1sokat, konkr\u00e9t szam\u00e1rvezet\u0151t adott a tan\u00edt\u00f3k\u00e9pz\u0151 iskol\u00e1knak, amit a mai napig haszn\u00e1lni tudunk.<\/p>\n\n\n\n<p>Ebben az \u00f6sszevisszas\u00e1gban sz\u00e1momra \u0151 egy biztosan \u00e1ll\u00f3 oszlop. B\u00e1rmikor vissza lehet t\u00e9rni gondolataihoz, mert azok frissek \u00e9s igazak. \u00c9rdemes \u00fajra \u00e9s \u00fajra \u00e1tgondolni az \u0151 aj\u00e1nl\u00e1sait.<\/p>\n\n\n\n<p>\u201eSokfel\u00e9 pr\u00f3b\u00e1ltam szolg\u00e1lni, keresem a valamelyes eredm\u00e9ny megnyugtat\u00f3 el\u00e9gt\u00e9tel\u00e9t. Tal\u00e1n abban b\u00edzhatom, hogy amit tettem, az felsz\u00edn alatt megb\u00fav\u00f3 \u00e9rk\u00e9nt sziv\u00e1rgott el oda, ahov\u00e1 term\u00e9szetes rendeltet\u00e9se vezette.\u201d<\/p>\n\n\n\n<p>\u201eHogy mit \u00fczenek a mai kort\u00e1rsaknak? Azt, amit \u00e9vtizedeken \u00e1t a tan\u00edtv\u00e1nyok sereg\u00e9nek. A zenem\u0171v\u00e9szetben k\u00fcl\u00f6nleges nevel\u0151er\u0151 rejlik. \u00c9lni kell vele \u00e9s tudni kell, hogyan. A hangok k\u00f6z\u00f6tt l\u00e9lekre lelni, ami \u00e9rdemes. E szakm\u00e1ban az\u00e9 az els\u0151 sz\u00f3, aki megt\u00f6r\u00f6lt m\u00e1r egy nedves orrocsk\u00e1t. Olyan tan\u00edt\u00f3\u00e9, aki hivat\u00e1s\u00e1ban k\u00f6vetkezetes, \u0151rzi f\u00fcggetlens\u00e9g\u00e9t, szem\u00e9ly\u00e9ben p\u00e9ldamutat\u00f3. Olyan nevel\u0151\u00e9, akinek nemcsak t\u00f6bb megbecs\u00fcl\u00e9sre van jussa, aki joggal v\u00e1r bizalmat, hogy munk\u00e1j\u00e1ban hite er\u0151s\u00f6dj\u00e9k.\u201d<\/p>\n\n\n\n<p>\u201eA tan\u00edt\u00e1si szellem az, ami l\u00e9nyeges: k\u00f6nnyeds\u00e9g, vid\u00e1ms\u00e1g, j\u00f3kedv, a zenei alapismeretek belop\u00e1sa a j\u00e1t\u00e9koss\u00e1gba.\u201d<\/p>\n\n\n\n<p>Mit \u00fczen nek\u00fcnk, a szellemi \u00f6r\u00f6k\u00f6s\u00f6knek \u00c1d\u00e1m Jen\u0151 \u00e9let\u00fatja? \u00c1llhatatoss\u00e1got, felel\u0151ss\u00e9get, der\u0171t, c\u00e9ltudatoss\u00e1got. Hogy merj\u00fcnk nagyrat\u00f6r\u0151 terveket kital\u00e1lni-\u00e9s ezeket val\u00f3s\u00edtsuk is meg. T\u00fcrelmet \u00e9s szer\u00e9nys\u00e9get.<\/p>\n\n\n\n<p>V\u00e9g\u00fcl a t\u00f6bbi ut\u00e1n hadd b\u00facs\u00fazzak ism\u00e9t az \u0151 szavaival:n\u201ePedag\u00f3giai optimizmus? Az! Kell, hogy az legyen. A legnagyobb munk\u00e1r\u00f3l van sz\u00f3, amelynek tartalma \u00e9s c\u00e9lja: az emberibb ember.\u201d<\/p>\n\n\n\n<p>K\u00f6sz\u00f6n\u00f6m, hogy meghallgattak!<\/p>\n\n\n\n<p>Elhangzott az \u00c1d\u00e1m Jen\u0151 Eml\u00e9khangversenyen, 2024. m\u00e1jus 12-\u00e9n a Kossuth utcai Reform\u00e1tus templomban.<\/p>","protected":false},"excerpt":{"rendered":"<p>Ma 42 \u00e9ve hunyt el \u00c1d\u00e1m Jen\u0151, v\u00e1rosunk sz\u00fcl\u00f6tte, a szolmiz\u00e1ci\u00f3 m\u00f3dszertan\u00e1nak kidolgoz\u00f3ja. Ez alkalomb\u00f3l t\u00f6bb helyen is zajlottak megeml\u00e9kez\u00e9sek a v\u00e1rosban: h\u00e9tf\u0151n az \u00c1d\u00e1m Jen\u0151 \u00c1ltal\u00e1nos Iskola \u00e9s AMI szervez\u00e9s\u00e9ben a s\u00edrj\u00e1n\u00e1l, valamint most is zajlik n\u00e1luk a m\u0171v\u00e9szeti h\u00e9t, melynek r\u00e9szek\u00e9nt h\u00e9tf\u0151n este sz\u00ednvonalas eml\u00e9kkoncertet is hallhattak az \u00e9rdekl\u0151d\u0151k. Vas\u00e1rnap a Kossuth Lajos [&hellip;]<\/p>","protected":false},"author":1,"featured_media":1727,"comment_status":"closed","ping_status":"closed","sticky":false,"template":"","format":"standard","meta":{"ub_ctt_via":"","ocean_post_layout":"","ocean_both_sidebars_style":"","ocean_both_sidebars_content_width":0,"ocean_both_sidebars_sidebars_width":0,"ocean_sidebar":"","ocean_second_sidebar":"","ocean_disable_margins":"enable","ocean_add_body_class":"","ocean_shortcode_before_top_bar":"","ocean_shortcode_after_top_bar":"","ocean_shortcode_before_header":"","ocean_shortcode_after_header":"","ocean_has_shortcode":"","ocean_shortcode_after_title":"","ocean_shortcode_before_footer_widgets":"","ocean_shortcode_after_footer_widgets":"","ocean_shortcode_before_footer_bottom":"","ocean_shortcode_after_footer_bottom":"","ocean_display_top_bar":"default","ocean_display_header":"default","ocean_header_style":"","ocean_center_header_left_menu":"","ocean_custom_header_template":"","ocean_custom_logo":0,"ocean_custom_retina_logo":0,"ocean_custom_logo_max_width":0,"ocean_custom_logo_tablet_max_width":0,"ocean_custom_logo_mobile_max_width":0,"ocean_custom_logo_max_height":0,"ocean_custom_logo_tablet_max_height":0,"ocean_custom_logo_mobile_max_height":0,"ocean_header_custom_menu":"","ocean_menu_typo_font_family":"","ocean_menu_typo_font_subset":"","ocean_menu_typo_font_size":0,"ocean_menu_typo_font_size_tablet":0,"ocean_menu_typo_font_size_mobile":0,"ocean_menu_typo_font_size_unit":"px","ocean_menu_typo_font_weight":"","ocean_menu_typo_font_weight_tablet":"","ocean_menu_typo_font_weight_mobile":"","ocean_menu_typo_transform":"","ocean_menu_typo_transform_tablet":"","ocean_menu_typo_transform_mobile":"","ocean_menu_typo_line_height":0,"ocean_menu_typo_line_height_tablet":0,"ocean_menu_typo_line_height_mobile":0,"ocean_menu_typo_line_height_unit":"","ocean_menu_typo_spacing":0,"ocean_menu_typo_spacing_tablet":0,"ocean_menu_typo_spacing_mobile":0,"ocean_menu_typo_spacing_unit":"","ocean_menu_link_color":"","ocean_menu_link_color_hover":"","ocean_menu_link_color_active":"","ocean_menu_link_background":"","ocean_menu_link_hover_background":"","ocean_menu_link_active_background":"","ocean_menu_social_links_bg":"","ocean_menu_social_hover_links_bg":"","ocean_menu_social_links_color":"","ocean_menu_social_hover_links_color":"","ocean_disable_title":"default","ocean_disable_heading":"default","ocean_post_title":"","ocean_post_subheading":"","ocean_post_title_style":"","ocean_post_title_background_color":"","ocean_post_title_background":0,"ocean_post_title_bg_image_position":"","ocean_post_title_bg_image_attachment":"","ocean_post_title_bg_image_repeat":"","ocean_post_title_bg_image_size":"","ocean_post_title_height":0,"ocean_post_title_bg_overlay":0.5,"ocean_post_title_bg_overlay_color":"","ocean_disable_breadcrumbs":"default","ocean_breadcrumbs_color":"","ocean_breadcrumbs_separator_color":"","ocean_breadcrumbs_links_color":"","ocean_breadcrumbs_links_hover_color":"","ocean_display_footer_widgets":"default","ocean_display_footer_bottom":"default","ocean_custom_footer_template":"","ocean_post_oembed":"","ocean_post_self_hosted_media":"","ocean_post_video_embed":"","ocean_link_format":"","ocean_link_format_target":"self","ocean_quote_format":"","ocean_quote_format_link":"post","ocean_gallery_link_images":"on","ocean_gallery_id":[],"footnotes":""},"categories":[93],"tags":[46,124,22,123],"class_list":["post-1726","post","type-post","status-publish","format-standard","has-post-thumbnail","hentry","category-news","tag-adam-jeno","tag-beszed","tag-evfordulo","tag-reformatus-templom","entry","has-media"],"featured_image_src":"https:\/\/miklosimuzeum.hu\/wp-content\/uploads\/2024\/05\/SZHGY_AJ_F_1.0053-scaled.jpg","author_info":{"display_name":"Miss N\u00e1ndor","author_link":"https:\/\/miklosimuzeum.hu\/en\/author\/admin\/"},"rttpg_featured_image_url":{"full":["https:\/\/miklosimuzeum.hu\/wp-content\/uploads\/2024\/05\/SZHGY_AJ_F_1.0053-scaled.jpg",2560,1851,false],"landscape":["https:\/\/miklosimuzeum.hu\/wp-content\/uploads\/2024\/05\/SZHGY_AJ_F_1.0053-scaled.jpg",2560,1851,false],"portraits":["https:\/\/miklosimuzeum.hu\/wp-content\/uploads\/2024\/05\/SZHGY_AJ_F_1.0053-scaled.jpg",2560,1851,false],"thumbnail":["https:\/\/miklosimuzeum.hu\/wp-content\/uploads\/2024\/05\/SZHGY_AJ_F_1.0053-150x150.jpg",150,150,true],"medium":["https:\/\/miklosimuzeum.hu\/wp-content\/uploads\/2024\/05\/SZHGY_AJ_F_1.0053-300x217.jpg",300,217,true],"large":["https:\/\/miklosimuzeum.hu\/wp-content\/uploads\/2024\/05\/SZHGY_AJ_F_1.0053-scaled.jpg",2560,1851,false],"1536x1536":["https:\/\/miklosimuzeum.hu\/wp-content\/uploads\/2024\/05\/SZHGY_AJ_F_1.0053-1536x1111.jpg",1536,1111,true],"2048x2048":["https:\/\/miklosimuzeum.hu\/wp-content\/uploads\/2024\/05\/SZHGY_AJ_F_1.0053-2048x1481.jpg",2048,1481,true],"trp-custom-language-flag":["https:\/\/miklosimuzeum.hu\/wp-content\/uploads\/2024\/05\/SZHGY_AJ_F_1.0053-18x12.jpg",18,12,true],"ocean-thumb-m":["https:\/\/miklosimuzeum.hu\/wp-content\/uploads\/2024\/05\/SZHGY_AJ_F_1.0053-600x600.jpg",600,600,true],"ocean-thumb-ml":["https:\/\/miklosimuzeum.hu\/wp-content\/uploads\/2024\/05\/SZHGY_AJ_F_1.0053-800x450.jpg",800,450,true],"ocean-thumb-l":["https:\/\/miklosimuzeum.hu\/wp-content\/uploads\/2024\/05\/SZHGY_AJ_F_1.0053-1200x700.jpg",1200,700,true]},"rttpg_author":{"display_name":"Miss N\u00e1ndor","author_link":"https:\/\/miklosimuzeum.hu\/en\/author\/admin\/"},"rttpg_comment":0,"rttpg_category":"<a href=\"https:\/\/miklosimuzeum.hu\/en\/category\/news\/\" rel=\"category tag\">H\u00edrek<\/a>","rttpg_excerpt":"Ma 42 \u00e9ve hunyt el \u00c1d\u00e1m Jen\u0151, v\u00e1rosunk sz\u00fcl\u00f6tte, a szolmiz\u00e1ci\u00f3 m\u00f3dszertan\u00e1nak kidolgoz\u00f3ja. Ez alkalomb\u00f3l t\u00f6bb helyen is zajlottak megeml\u00e9kez\u00e9sek a v\u00e1rosban: h\u00e9tf\u0151n az \u00c1d\u00e1m Jen\u0151 \u00c1ltal\u00e1nos Iskola \u00e9s AMI szervez\u00e9s\u00e9ben a s\u00edrj\u00e1n\u00e1l, valamint most is zajlik n\u00e1luk a m\u0171v\u00e9szeti h\u00e9t, melynek r\u00e9szek\u00e9nt h\u00e9tf\u0151n este sz\u00ednvonalas eml\u00e9kkoncertet is hallhattak az \u00e9rdekl\u0151d\u0151k. Vas\u00e1rnap a Kossuth Lajos&hellip;","_links":{"self":[{"href":"https:\/\/miklosimuzeum.hu\/en\/wp-json\/wp\/v2\/posts\/1726","targetHints":{"allow":["GET"]}}],"collection":[{"href":"https:\/\/miklosimuzeum.hu\/en\/wp-json\/wp\/v2\/posts"}],"about":[{"href":"https:\/\/miklosimuzeum.hu\/en\/wp-json\/wp\/v2\/types\/post"}],"author":[{"embeddable":true,"href":"https:\/\/miklosimuzeum.hu\/en\/wp-json\/wp\/v2\/users\/1"}],"replies":[{"embeddable":true,"href":"https:\/\/miklosimuzeum.hu\/en\/wp-json\/wp\/v2\/comments?post=1726"}],"version-history":[{"count":1,"href":"https:\/\/miklosimuzeum.hu\/en\/wp-json\/wp\/v2\/posts\/1726\/revisions"}],"predecessor-version":[{"id":1728,"href":"https:\/\/miklosimuzeum.hu\/en\/wp-json\/wp\/v2\/posts\/1726\/revisions\/1728"}],"wp:featuredmedia":[{"embeddable":true,"href":"https:\/\/miklosimuzeum.hu\/en\/wp-json\/wp\/v2\/media\/1727"}],"wp:attachment":[{"href":"https:\/\/miklosimuzeum.hu\/en\/wp-json\/wp\/v2\/media?parent=1726"}],"wp:term":[{"taxonomy":"category","embeddable":true,"href":"https:\/\/miklosimuzeum.hu\/en\/wp-json\/wp\/v2\/categories?post=1726"},{"taxonomy":"post_tag","embeddable":true,"href":"https:\/\/miklosimuzeum.hu\/en\/wp-json\/wp\/v2\/tags?post=1726"}],"curies":[{"name":"wp","href":"https:\/\/api.w.org\/{rel}","templated":true}]}}