{"id":1682,"date":"2023-11-29T14:09:18","date_gmt":"2023-11-29T14:09:18","guid":{"rendered":"https:\/\/miklosimuzeum.hu\/?p=1682"},"modified":"2023-11-29T14:09:19","modified_gmt":"2023-11-29T14:09:19","slug":"eloadas-a-lakihegyi-adotoronyrol","status":"publish","type":"post","link":"https:\/\/miklosimuzeum.hu\/en\/2023\/11\/29\/eloadas-a-lakihegyi-adotoronyrol\/","title":{"rendered":"El\u0151ad\u00e1s a lakihegyi ad\u00f3toronyr\u00f3l"},"content":{"rendered":"<p>Rendk\u00edv\u00fcl sz\u00ednvonalas el\u0151ad\u00e1sokat hallhattak az \u00e9rdekl\u0151d\u0151k tegnap a V\u00e1rosi K\u00f6nyvt\u00e1r \u00e9s K\u00f6z\u00f6ss\u00e9gi H\u00e1z sz\u00ednh\u00e1zterm\u00e9ben. Balla \u00c9va el\u0151ad\u00e1s\u00e1b\u00f3l megismerhett\u00e9k az ad\u00f3torony m\u0171szaki h\u00e1tter\u00e9t, az antenna m\u0171k\u00f6d\u00e9s\u00e9t \u00e9s a hozz\u00e1 tartoz\u00f3 m\u0171szaki berendez\u00e9seket. Tak\u00e1cs Istv\u00e1n a r\u00e1di\u00f3amat\u0151r hobbir\u00f3l besz\u00e9lt \u2013 ami igaz\u00e1b\u00f3l egy \u00f6n\u00e1ll\u00f3 szakma elk\u00e9peszt\u0151en m\u00e9ly m\u0171szaki ismeretekkel! Becz Vikt\u00f3ria igazi lok\u00e1lpatri\u00f3tak\u00e9nt mutatta be az ad\u00f3toronyhoz kapcsol\u00f3d\u00f3 20-as, 30-as \u00e9vekbeli turizmust, S\u00e1voly Tam\u00e1s pedig az ad\u00f3\u00e1llom\u00e1s \u00e9s a r\u00e1di\u00f3z\u00e1s t\u00f6rt\u00e9neti h\u00e1tter\u00e9be engedett bepillant\u00e1st.<\/p>\n\n\n\n<p>K\u00f6sz\u00f6nj\u00fck el\u0151ad\u00f3inknak a kiv\u00e1l\u00f3 el\u0151ad\u00e1sokat! Az estr\u0151l vide\u00f3felv\u00e9tel k\u00e9sz\u00fclt, amit hamarosan \u00d6n\u00f6kkel is megosztunk!<br>A sz\u00fclet\u00e9snapos ad\u00f3tornyot Szigetszentmikl\u00f3s V\u00e1ros \u00d6nkorm\u00e1nyzata is nagy becsben tartja. Lupa J\u00e1nos k\u00e9pvisel\u0151 \u00e9s az \u00c1d\u00e1m Jen\u0151 \u00c1lt. Isk. musical tanszak\u00e1nak \u00e9nekesei sz\u00f3 szerint meghackelt\u00e9k az el\u0151ad\u00e1st, \u00e9s egy remek produkci\u00f3t hallhattunk t\u0151l\u00fck! Mik\u00f6zben az LGT Sz\u00f3l a r\u00e1di\u00f3 c\u00edm\u0171 dal\u00e1t \u00e9nekelt\u00e9k a fiatalok, leleplezt\u00e9k Kertai Zal\u00e1n fest\u0151m\u0171v\u00e9sz alkot\u00e1s\u00e1t az ad\u00f3toronyr\u00f3l. A festm\u00e9ny a Polg\u00e1rmesteri Hivatal \u00e9p\u00fclet\u00e9ben lesz majd l\u00e1that\u00f3. K\u00f6sz\u00f6nj\u00fck sz\u00e9pen!<\/p>\n\n\n\n<figure class=\"wp-block-gallery has-nested-images columns-default is-cropped wp-block-gallery-1 is-layout-flex wp-block-gallery-is-layout-flex\">\n<figure class=\"wp-block-image size-large\"><img fetchpriority=\"high\" decoding=\"async\" width=\"2560\" height=\"1920\" data-id=\"1686\" src=\"https:\/\/miklosimuzeum.hu\/wp-content\/uploads\/2023\/11\/IMG_0453-scaled.jpg\" alt=\"\" class=\"wp-image-1686\"\/><\/figure>\n\n\n\n<figure class=\"wp-block-image size-large\"><img decoding=\"async\" width=\"2560\" height=\"1922\" data-id=\"1685\" src=\"https:\/\/miklosimuzeum.hu\/wp-content\/uploads\/2023\/11\/IMG_20231128_181251-scaled.jpg\" alt=\"\" class=\"wp-image-1685\"\/><\/figure>\n\n\n\n<figure class=\"wp-block-image size-large\"><img decoding=\"async\" width=\"1922\" height=\"2560\" data-id=\"1683\" src=\"https:\/\/miklosimuzeum.hu\/wp-content\/uploads\/2023\/11\/IMG_20231128_185641-scaled.jpg\" alt=\"\" class=\"wp-image-1683\"\/><\/figure>\n\n\n\n<figure class=\"wp-block-image size-large\"><img loading=\"lazy\" decoding=\"async\" width=\"2560\" height=\"1922\" data-id=\"1684\" src=\"https:\/\/miklosimuzeum.hu\/wp-content\/uploads\/2023\/11\/IMG_20231128_191758-scaled.jpg\" alt=\"\" class=\"wp-image-1684\"\/><\/figure>\n<\/figure>","protected":false},"excerpt":{"rendered":"<p>Rendk\u00edv\u00fcl sz\u00ednvonalas el\u0151ad\u00e1sokat hallhattak az \u00e9rdekl\u0151d\u0151k tegnap a V\u00e1rosi K\u00f6nyvt\u00e1r \u00e9s K\u00f6z\u00f6ss\u00e9gi H\u00e1z sz\u00ednh\u00e1zterm\u00e9ben. Balla \u00c9va el\u0151ad\u00e1s\u00e1b\u00f3l megismerhett\u00e9k az ad\u00f3torony m\u0171szaki h\u00e1tter\u00e9t, az antenna m\u0171k\u00f6d\u00e9s\u00e9t \u00e9s a hozz\u00e1 tartoz\u00f3 m\u0171szaki berendez\u00e9seket. Tak\u00e1cs Istv\u00e1n a r\u00e1di\u00f3amat\u0151r hobbir\u00f3l besz\u00e9lt \u2013 ami igaz\u00e1b\u00f3l egy \u00f6n\u00e1ll\u00f3 szakma elk\u00e9peszt\u0151en m\u00e9ly m\u0171szaki ismeretekkel! Becz Vikt\u00f3ria igazi lok\u00e1lpatri\u00f3tak\u00e9nt mutatta be az ad\u00f3toronyhoz [&hellip;]<\/p>","protected":false},"author":1,"featured_media":1686,"comment_status":"closed","ping_status":"open","sticky":false,"template":"","format":"standard","meta":{"ub_ctt_via":"","ocean_post_layout":"","ocean_both_sidebars_style":"","ocean_both_sidebars_content_width":0,"ocean_both_sidebars_sidebars_width":0,"ocean_sidebar":"","ocean_second_sidebar":"","ocean_disable_margins":"enable","ocean_add_body_class":"","ocean_shortcode_before_top_bar":"","ocean_shortcode_after_top_bar":"","ocean_shortcode_before_header":"","ocean_shortcode_after_header":"","ocean_has_shortcode":"","ocean_shortcode_after_title":"","ocean_shortcode_before_footer_widgets":"","ocean_shortcode_after_footer_widgets":"","ocean_shortcode_before_footer_bottom":"","ocean_shortcode_after_footer_bottom":"","ocean_display_top_bar":"default","ocean_display_header":"default","ocean_header_style":"","ocean_center_header_left_menu":"","ocean_custom_header_template":"","ocean_custom_logo":0,"ocean_custom_retina_logo":0,"ocean_custom_logo_max_width":0,"ocean_custom_logo_tablet_max_width":0,"ocean_custom_logo_mobile_max_width":0,"ocean_custom_logo_max_height":0,"ocean_custom_logo_tablet_max_height":0,"ocean_custom_logo_mobile_max_height":0,"ocean_header_custom_menu":"","ocean_menu_typo_font_family":"","ocean_menu_typo_font_subset":"","ocean_menu_typo_font_size":0,"ocean_menu_typo_font_size_tablet":0,"ocean_menu_typo_font_size_mobile":0,"ocean_menu_typo_font_size_unit":"px","ocean_menu_typo_font_weight":"","ocean_menu_typo_font_weight_tablet":"","ocean_menu_typo_font_weight_mobile":"","ocean_menu_typo_transform":"","ocean_menu_typo_transform_tablet":"","ocean_menu_typo_transform_mobile":"","ocean_menu_typo_line_height":0,"ocean_menu_typo_line_height_tablet":0,"ocean_menu_typo_line_height_mobile":0,"ocean_menu_typo_line_height_unit":"","ocean_menu_typo_spacing":0,"ocean_menu_typo_spacing_tablet":0,"ocean_menu_typo_spacing_mobile":0,"ocean_menu_typo_spacing_unit":"","ocean_menu_link_color":"","ocean_menu_link_color_hover":"","ocean_menu_link_color_active":"","ocean_menu_link_background":"","ocean_menu_link_hover_background":"","ocean_menu_link_active_background":"","ocean_menu_social_links_bg":"","ocean_menu_social_hover_links_bg":"","ocean_menu_social_links_color":"","ocean_menu_social_hover_links_color":"","ocean_disable_title":"default","ocean_disable_heading":"default","ocean_post_title":"","ocean_post_subheading":"","ocean_post_title_style":"","ocean_post_title_background_color":"","ocean_post_title_background":0,"ocean_post_title_bg_image_position":"","ocean_post_title_bg_image_attachment":"","ocean_post_title_bg_image_repeat":"","ocean_post_title_bg_image_size":"","ocean_post_title_height":0,"ocean_post_title_bg_overlay":0.5,"ocean_post_title_bg_overlay_color":"","ocean_disable_breadcrumbs":"default","ocean_breadcrumbs_color":"","ocean_breadcrumbs_separator_color":"","ocean_breadcrumbs_links_color":"","ocean_breadcrumbs_links_hover_color":"","ocean_display_footer_widgets":"default","ocean_display_footer_bottom":"default","ocean_custom_footer_template":"","ocean_post_oembed":"","ocean_post_self_hosted_media":"","ocean_post_video_embed":"","ocean_link_format":"","ocean_link_format_target":"self","ocean_quote_format":"","ocean_quote_format_link":"post","ocean_gallery_link_images":"on","ocean_gallery_id":[],"footnotes":""},"categories":[93],"tags":[22,92,114],"class_list":["post-1682","post","type-post","status-publish","format-standard","has-post-thumbnail","hentry","category-news","tag-evfordulo","tag-idoszaki-kiallitas","tag-lakihegyi-adotorony","entry","has-media"],"featured_image_src":"https:\/\/miklosimuzeum.hu\/wp-content\/uploads\/2023\/11\/IMG_0453-scaled.jpg","author_info":{"display_name":"Miss N\u00e1ndor","author_link":"https:\/\/miklosimuzeum.hu\/en\/author\/admin\/"},"rttpg_featured_image_url":{"full":["https:\/\/miklosimuzeum.hu\/wp-content\/uploads\/2023\/11\/IMG_0453-scaled.jpg",2560,1920,false],"landscape":["https:\/\/miklosimuzeum.hu\/wp-content\/uploads\/2023\/11\/IMG_0453-scaled.jpg",2560,1920,false],"portraits":["https:\/\/miklosimuzeum.hu\/wp-content\/uploads\/2023\/11\/IMG_0453-scaled.jpg",2560,1920,false],"thumbnail":["https:\/\/miklosimuzeum.hu\/wp-content\/uploads\/2023\/11\/IMG_0453-150x150.jpg",150,150,true],"medium":["https:\/\/miklosimuzeum.hu\/wp-content\/uploads\/2023\/11\/IMG_0453-300x225.jpg",300,225,true],"large":["https:\/\/miklosimuzeum.hu\/wp-content\/uploads\/2023\/11\/IMG_0453-scaled.jpg",2560,1920,false],"1536x1536":["https:\/\/miklosimuzeum.hu\/wp-content\/uploads\/2023\/11\/IMG_0453-1536x1152.jpg",1536,1152,true],"2048x2048":["https:\/\/miklosimuzeum.hu\/wp-content\/uploads\/2023\/11\/IMG_0453-2048x1536.jpg",2048,1536,true],"trp-custom-language-flag":["https:\/\/miklosimuzeum.hu\/wp-content\/uploads\/2023\/11\/IMG_0453-16x12.jpg",16,12,true],"ocean-thumb-m":["https:\/\/miklosimuzeum.hu\/wp-content\/uploads\/2023\/11\/IMG_0453-600x600.jpg",600,600,true],"ocean-thumb-ml":["https:\/\/miklosimuzeum.hu\/wp-content\/uploads\/2023\/11\/IMG_0453-800x450.jpg",800,450,true],"ocean-thumb-l":["https:\/\/miklosimuzeum.hu\/wp-content\/uploads\/2023\/11\/IMG_0453-1200x700.jpg",1200,700,true]},"rttpg_author":{"display_name":"Miss N\u00e1ndor","author_link":"https:\/\/miklosimuzeum.hu\/en\/author\/admin\/"},"rttpg_comment":0,"rttpg_category":"<a href=\"https:\/\/miklosimuzeum.hu\/en\/category\/news\/\" rel=\"category tag\">H\u00edrek<\/a>","rttpg_excerpt":"Rendk\u00edv\u00fcl sz\u00ednvonalas el\u0151ad\u00e1sokat hallhattak az \u00e9rdekl\u0151d\u0151k tegnap a V\u00e1rosi K\u00f6nyvt\u00e1r \u00e9s K\u00f6z\u00f6ss\u00e9gi H\u00e1z sz\u00ednh\u00e1zterm\u00e9ben. Balla \u00c9va el\u0151ad\u00e1s\u00e1b\u00f3l megismerhett\u00e9k az ad\u00f3torony m\u0171szaki h\u00e1tter\u00e9t, az antenna m\u0171k\u00f6d\u00e9s\u00e9t \u00e9s a hozz\u00e1 tartoz\u00f3 m\u0171szaki berendez\u00e9seket. Tak\u00e1cs Istv\u00e1n a r\u00e1di\u00f3amat\u0151r hobbir\u00f3l besz\u00e9lt \u2013 ami igaz\u00e1b\u00f3l egy \u00f6n\u00e1ll\u00f3 szakma elk\u00e9peszt\u0151en m\u00e9ly m\u0171szaki ismeretekkel! Becz Vikt\u00f3ria igazi lok\u00e1lpatri\u00f3tak\u00e9nt mutatta be az ad\u00f3toronyhoz&hellip;","_links":{"self":[{"href":"https:\/\/miklosimuzeum.hu\/en\/wp-json\/wp\/v2\/posts\/1682","targetHints":{"allow":["GET"]}}],"collection":[{"href":"https:\/\/miklosimuzeum.hu\/en\/wp-json\/wp\/v2\/posts"}],"about":[{"href":"https:\/\/miklosimuzeum.hu\/en\/wp-json\/wp\/v2\/types\/post"}],"author":[{"embeddable":true,"href":"https:\/\/miklosimuzeum.hu\/en\/wp-json\/wp\/v2\/users\/1"}],"replies":[{"embeddable":true,"href":"https:\/\/miklosimuzeum.hu\/en\/wp-json\/wp\/v2\/comments?post=1682"}],"version-history":[{"count":1,"href":"https:\/\/miklosimuzeum.hu\/en\/wp-json\/wp\/v2\/posts\/1682\/revisions"}],"predecessor-version":[{"id":1687,"href":"https:\/\/miklosimuzeum.hu\/en\/wp-json\/wp\/v2\/posts\/1682\/revisions\/1687"}],"wp:featuredmedia":[{"embeddable":true,"href":"https:\/\/miklosimuzeum.hu\/en\/wp-json\/wp\/v2\/media\/1686"}],"wp:attachment":[{"href":"https:\/\/miklosimuzeum.hu\/en\/wp-json\/wp\/v2\/media?parent=1682"}],"wp:term":[{"taxonomy":"category","embeddable":true,"href":"https:\/\/miklosimuzeum.hu\/en\/wp-json\/wp\/v2\/categories?post=1682"},{"taxonomy":"post_tag","embeddable":true,"href":"https:\/\/miklosimuzeum.hu\/en\/wp-json\/wp\/v2\/tags?post=1682"}],"curies":[{"name":"wp","href":"https:\/\/api.w.org\/{rel}","templated":true}]}}