{"id":1652,"date":"2023-11-17T10:41:46","date_gmt":"2023-11-17T10:41:46","guid":{"rendered":"https:\/\/miklosimuzeum.hu\/?p=1652"},"modified":"2023-11-17T10:43:15","modified_gmt":"2023-11-17T10:43:15","slug":"megujultak-48-as-hoseink-siremlekei","status":"publish","type":"post","link":"https:\/\/miklosimuzeum.hu\/en\/2023\/11\/17\/megujultak-48-as-hoseink-siremlekei\/","title":{"rendered":"Meg\u00fajultak 48-as h\u0151seink s\u00edreml\u00e9kei"},"content":{"rendered":"<figure class=\"wp-block-gallery has-nested-images columns-default is-cropped wp-block-gallery-1 is-layout-flex wp-block-gallery-is-layout-flex\">\n<figure class=\"wp-block-image size-large\"><img fetchpriority=\"high\" decoding=\"async\" width=\"2048\" height=\"2048\" data-id=\"1654\" src=\"https:\/\/miklosimuzeum.hu\/wp-content\/uploads\/2023\/11\/398607080_778552947618665_6542304633407566038_n.jpg\" alt=\"\" class=\"wp-image-1654\"\/><\/figure>\n\n\n\n<figure class=\"wp-block-image size-large\"><img decoding=\"async\" width=\"2048\" height=\"2048\" data-id=\"1653\" src=\"https:\/\/miklosimuzeum.hu\/wp-content\/uploads\/2023\/11\/400870862_778552924285334_5826182888468104234_n.jpg\" alt=\"\" class=\"wp-image-1653\"\/><\/figure>\n<\/figure>\n\n\n\n<p>M\u00e1rcius 15-i megeml\u00e9kez\u00e9seink fontos helysz\u00ednei tal\u00e1lhat\u00f3k a szigetszentmikl\u00f3si temet\u0151ben. Kardos Istv\u00e1n \u00e9s Kom\u00e1romy Alajos s\u00edrjai magukon viselik az elm\u00falt majdnem k\u00e9t \u00e9vsz\u00e1zad t\u00f6rt\u00e9net\u00e9nek nyomait, \u00e9s az ut\u00f3bbi \u00e9vtizedekben a rendszeres gondoz\u00e1s ellen\u00e9re is megkopott a f\u00e9ny\u00fck.<\/p>\n\n\n<div class=\"wp-block-image\">\n<figure class=\"alignleft size-full is-resized\"><img decoding=\"async\" width=\"2048\" height=\"1365\" src=\"https:\/\/miklosimuzeum.hu\/wp-content\/uploads\/2023\/11\/400953326_778553054285321_8606746152728239604_n.jpg\" alt=\"\" class=\"wp-image-1656\" style=\"width:335px;height:auto\"\/><\/figure>\n<\/div>\n\n\n<p>A Nemzeti Kultur\u00e1lis Alap Pet\u0151fi S\u00e1ndor sz\u00fclet\u00e9s\u00e9nek 200. \u00e9vfordul\u00f3j\u00e1ra p\u00e1ly\u00e1zatot hirdetett, melyben a telep\u00fcl\u00e9sek 48-as eml\u00e9khelyeik fel\u00faj\u00edt\u00e1s\u00e1ra ig\u00e9nyelhettek t\u00e1mogat\u00e1st. V\u00e1rosunk \u00f6nkorm\u00e1nyzata a Helyt\u00f6rt\u00e9neti Gy\u0171jtem\u00e9ny szakmai seg\u00edts\u00e9g\u00e9vel 800 ezer forintot nyert a p\u00e1ly\u00e1zaton, melyet a k\u00e9pvisel\u0151test\u00fclet tov\u00e1bbi 764 ezer forinttal eg\u00e9sz\u00edtett ki.<\/p>\n\n\n\n<p>Az \u00f6sszegb\u0151l mindk\u00e9t s\u00edr meg\u00fajult, a v\u00e1ltoz\u00e1s pedig rendk\u00edv\u00fcl l\u00e1tv\u00e1nyos! A s\u00edrok \u00faj vir\u00e1g- \u00e9s m\u00e9csestart\u00f3kat, valamint k\u00f6vezett j\u00e1rd\u00e1t is kaptak, Kardos Istv\u00e1n s\u00edreml\u00e9k\u00e9nek alapja pedig kiigaz\u00edt\u00e1sra \u00e9s meger\u0151s\u00edt\u00e9sre ker\u00fclt, ezzel ism\u00e9t r\u00e9gi f\u00e9ny\u00fckben pomp\u00e1znak!<\/p>\n\n\n<div class=\"wp-block-image\">\n<figure class=\"alignright size-full is-resized\"><img loading=\"lazy\" decoding=\"async\" width=\"1366\" height=\"2048\" src=\"https:\/\/miklosimuzeum.hu\/wp-content\/uploads\/2023\/11\/398621134_778553127618647_7132162578530359597_n.jpg\" alt=\"\" class=\"wp-image-1657\" style=\"width:247px;height:auto\"\/><\/figure>\n<\/div>\n\n\n<p>A II. vil\u00e1gh\u00e1bor\u00faban a temet\u0151 ter\u00fclet\u00e9n is folytak harcok. Kom\u00e1romy Alajos s\u00edreml\u00e9ke is megs\u00e9r\u00fclt, a goly\u00f3nyomok a mai napig l\u00e1that\u00f3k. A fel\u00faj\u00edt\u00e1s sor\u00e1n a goly\u00f3nyomok a t\u00f6rt\u00e9nelmi h\u0171s\u00e9g kedv\u00e9\u00e9rt nem ker\u00fcltek jav\u00edt\u00e1sra.<\/p>\n\n\n\n<p>K\u00f6sz\u00f6nj\u00fck sz\u00e9pen a t\u00e1mogat\u00e1st Szigetszentmikl\u00f3s V\u00e1ros \u00d6nkorm\u00e1nyzat\u00e1nak, a kivitelez\u00e9si munk\u00e1k\u00e9rt pedig k\u00f6sz\u00f6net Pet\u0151 S\u00e1ndor s\u00edrk\u00f6ves mesternek!<\/p>\n\n\n<div class=\"wp-block-image\">\n<figure class=\"aligncenter size-full is-resized\"><img loading=\"lazy\" decoding=\"async\" width=\"1040\" height=\"624\" src=\"https:\/\/miklosimuzeum.hu\/wp-content\/uploads\/2023\/11\/400928432_778553820951911_1562435060075168923_n.jpg\" alt=\"\" class=\"wp-image-1655\" style=\"width:251px;height:auto\"\/><\/figure>\n<\/div>","protected":false},"excerpt":{"rendered":"<p>M\u00e1rcius 15-i megeml\u00e9kez\u00e9seink fontos helysz\u00ednei tal\u00e1lhat\u00f3k a szigetszentmikl\u00f3si temet\u0151ben. Kardos Istv\u00e1n \u00e9s Kom\u00e1romy Alajos s\u00edrjai magukon viselik az elm\u00falt majdnem k\u00e9t \u00e9vsz\u00e1zad t\u00f6rt\u00e9net\u00e9nek nyomait, \u00e9s az ut\u00f3bbi \u00e9vtizedekben a rendszeres gondoz\u00e1s ellen\u00e9re is megkopott a f\u00e9ny\u00fck. A Nemzeti Kultur\u00e1lis Alap Pet\u0151fi S\u00e1ndor sz\u00fclet\u00e9s\u00e9nek 200. \u00e9vfordul\u00f3j\u00e1ra p\u00e1ly\u00e1zatot hirdetett, melyben a telep\u00fcl\u00e9sek 48-as eml\u00e9khelyeik fel\u00faj\u00edt\u00e1s\u00e1ra ig\u00e9nyelhettek t\u00e1mogat\u00e1st. [&hellip;]<\/p>","protected":false},"author":1,"featured_media":1656,"comment_status":"closed","ping_status":"open","sticky":false,"template":"","format":"standard","meta":{"ub_ctt_via":"","ocean_post_layout":"","ocean_both_sidebars_style":"","ocean_both_sidebars_content_width":0,"ocean_both_sidebars_sidebars_width":0,"ocean_sidebar":"0","ocean_second_sidebar":"0","ocean_disable_margins":"enable","ocean_add_body_class":"","ocean_shortcode_before_top_bar":"","ocean_shortcode_after_top_bar":"","ocean_shortcode_before_header":"","ocean_shortcode_after_header":"","ocean_has_shortcode":"","ocean_shortcode_after_title":"","ocean_shortcode_before_footer_widgets":"","ocean_shortcode_after_footer_widgets":"","ocean_shortcode_before_footer_bottom":"","ocean_shortcode_after_footer_bottom":"","ocean_display_top_bar":"default","ocean_display_header":"default","ocean_header_style":"","ocean_center_header_left_menu":"0","ocean_custom_header_template":"0","ocean_custom_logo":0,"ocean_custom_retina_logo":0,"ocean_custom_logo_max_width":0,"ocean_custom_logo_tablet_max_width":0,"ocean_custom_logo_mobile_max_width":0,"ocean_custom_logo_max_height":0,"ocean_custom_logo_tablet_max_height":0,"ocean_custom_logo_mobile_max_height":0,"ocean_header_custom_menu":"0","ocean_menu_typo_font_family":"0","ocean_menu_typo_font_subset":"","ocean_menu_typo_font_size":0,"ocean_menu_typo_font_size_tablet":0,"ocean_menu_typo_font_size_mobile":0,"ocean_menu_typo_font_size_unit":"px","ocean_menu_typo_font_weight":"","ocean_menu_typo_font_weight_tablet":"","ocean_menu_typo_font_weight_mobile":"","ocean_menu_typo_transform":"","ocean_menu_typo_transform_tablet":"","ocean_menu_typo_transform_mobile":"","ocean_menu_typo_line_height":0,"ocean_menu_typo_line_height_tablet":0,"ocean_menu_typo_line_height_mobile":0,"ocean_menu_typo_line_height_unit":"","ocean_menu_typo_spacing":0,"ocean_menu_typo_spacing_tablet":0,"ocean_menu_typo_spacing_mobile":0,"ocean_menu_typo_spacing_unit":"","ocean_menu_link_color":"","ocean_menu_link_color_hover":"","ocean_menu_link_color_active":"","ocean_menu_link_background":"","ocean_menu_link_hover_background":"","ocean_menu_link_active_background":"","ocean_menu_social_links_bg":"","ocean_menu_social_hover_links_bg":"","ocean_menu_social_links_color":"","ocean_menu_social_hover_links_color":"","ocean_disable_title":"default","ocean_disable_heading":"default","ocean_post_title":"","ocean_post_subheading":"","ocean_post_title_style":"","ocean_post_title_background_color":"","ocean_post_title_background":0,"ocean_post_title_bg_image_position":"","ocean_post_title_bg_image_attachment":"","ocean_post_title_bg_image_repeat":"","ocean_post_title_bg_image_size":"","ocean_post_title_height":0,"ocean_post_title_bg_overlay":0.5,"ocean_post_title_bg_overlay_color":"","ocean_disable_breadcrumbs":"default","ocean_breadcrumbs_color":"","ocean_breadcrumbs_separator_color":"","ocean_breadcrumbs_links_color":"","ocean_breadcrumbs_links_hover_color":"","ocean_display_footer_widgets":"default","ocean_display_footer_bottom":"default","ocean_custom_footer_template":"0","ocean_post_oembed":"","ocean_post_self_hosted_media":"","ocean_post_video_embed":"","ocean_link_format":"","ocean_link_format_target":"self","ocean_quote_format":"","ocean_quote_format_link":"post","ocean_gallery_link_images":"off","ocean_gallery_id":[],"footnotes":""},"categories":[93],"tags":[49,91,48,117],"class_list":["post-1652","post","type-post","status-publish","format-standard","has-post-thumbnail","hentry","category-news","tag-1848-as-forradalom","tag-kardos-istvan","tag-komaromy-alajos","tag-siremlek","entry","has-media"],"featured_image_src":"https:\/\/miklosimuzeum.hu\/wp-content\/uploads\/2023\/11\/400953326_778553054285321_8606746152728239604_n.jpg","author_info":{"display_name":"Miss N\u00e1ndor","author_link":"https:\/\/miklosimuzeum.hu\/en\/author\/admin\/"},"rttpg_featured_image_url":{"full":["https:\/\/miklosimuzeum.hu\/wp-content\/uploads\/2023\/11\/400953326_778553054285321_8606746152728239604_n.jpg",2048,1365,false],"landscape":["https:\/\/miklosimuzeum.hu\/wp-content\/uploads\/2023\/11\/400953326_778553054285321_8606746152728239604_n.jpg",2048,1365,false],"portraits":["https:\/\/miklosimuzeum.hu\/wp-content\/uploads\/2023\/11\/400953326_778553054285321_8606746152728239604_n.jpg",2048,1365,false],"thumbnail":["https:\/\/miklosimuzeum.hu\/wp-content\/uploads\/2023\/11\/400953326_778553054285321_8606746152728239604_n-150x150.jpg",150,150,true],"medium":["https:\/\/miklosimuzeum.hu\/wp-content\/uploads\/2023\/11\/400953326_778553054285321_8606746152728239604_n-300x200.jpg",300,200,true],"large":["https:\/\/miklosimuzeum.hu\/wp-content\/uploads\/2023\/11\/400953326_778553054285321_8606746152728239604_n.jpg",2048,1365,false],"1536x1536":["https:\/\/miklosimuzeum.hu\/wp-content\/uploads\/2023\/11\/400953326_778553054285321_8606746152728239604_n-1536x1024.jpg",1536,1024,true],"2048x2048":["https:\/\/miklosimuzeum.hu\/wp-content\/uploads\/2023\/11\/400953326_778553054285321_8606746152728239604_n.jpg",2048,1365,false],"trp-custom-language-flag":["https:\/\/miklosimuzeum.hu\/wp-content\/uploads\/2023\/11\/400953326_778553054285321_8606746152728239604_n-18x12.jpg",18,12,true],"ocean-thumb-m":["https:\/\/miklosimuzeum.hu\/wp-content\/uploads\/2023\/11\/400953326_778553054285321_8606746152728239604_n-600x600.jpg",600,600,true],"ocean-thumb-ml":["https:\/\/miklosimuzeum.hu\/wp-content\/uploads\/2023\/11\/400953326_778553054285321_8606746152728239604_n-800x450.jpg",800,450,true],"ocean-thumb-l":["https:\/\/miklosimuzeum.hu\/wp-content\/uploads\/2023\/11\/400953326_778553054285321_8606746152728239604_n-1200x700.jpg",1200,700,true]},"rttpg_author":{"display_name":"Miss N\u00e1ndor","author_link":"https:\/\/miklosimuzeum.hu\/en\/author\/admin\/"},"rttpg_comment":0,"rttpg_category":"<a href=\"https:\/\/miklosimuzeum.hu\/en\/category\/news\/\" rel=\"category tag\">H\u00edrek<\/a>","rttpg_excerpt":"M\u00e1rcius 15-i megeml\u00e9kez\u00e9seink fontos helysz\u00ednei tal\u00e1lhat\u00f3k a szigetszentmikl\u00f3si temet\u0151ben. Kardos Istv\u00e1n \u00e9s Kom\u00e1romy Alajos s\u00edrjai magukon viselik az elm\u00falt majdnem k\u00e9t \u00e9vsz\u00e1zad t\u00f6rt\u00e9net\u00e9nek nyomait, \u00e9s az ut\u00f3bbi \u00e9vtizedekben a rendszeres gondoz\u00e1s ellen\u00e9re is megkopott a f\u00e9ny\u00fck. A Nemzeti Kultur\u00e1lis Alap Pet\u0151fi S\u00e1ndor sz\u00fclet\u00e9s\u00e9nek 200. \u00e9vfordul\u00f3j\u00e1ra p\u00e1ly\u00e1zatot hirdetett, melyben a telep\u00fcl\u00e9sek 48-as eml\u00e9khelyeik fel\u00faj\u00edt\u00e1s\u00e1ra ig\u00e9nyelhettek t\u00e1mogat\u00e1st.&hellip;","_links":{"self":[{"href":"https:\/\/miklosimuzeum.hu\/en\/wp-json\/wp\/v2\/posts\/1652","targetHints":{"allow":["GET"]}}],"collection":[{"href":"https:\/\/miklosimuzeum.hu\/en\/wp-json\/wp\/v2\/posts"}],"about":[{"href":"https:\/\/miklosimuzeum.hu\/en\/wp-json\/wp\/v2\/types\/post"}],"author":[{"embeddable":true,"href":"https:\/\/miklosimuzeum.hu\/en\/wp-json\/wp\/v2\/users\/1"}],"replies":[{"embeddable":true,"href":"https:\/\/miklosimuzeum.hu\/en\/wp-json\/wp\/v2\/comments?post=1652"}],"version-history":[{"count":2,"href":"https:\/\/miklosimuzeum.hu\/en\/wp-json\/wp\/v2\/posts\/1652\/revisions"}],"predecessor-version":[{"id":1659,"href":"https:\/\/miklosimuzeum.hu\/en\/wp-json\/wp\/v2\/posts\/1652\/revisions\/1659"}],"wp:featuredmedia":[{"embeddable":true,"href":"https:\/\/miklosimuzeum.hu\/en\/wp-json\/wp\/v2\/media\/1656"}],"wp:attachment":[{"href":"https:\/\/miklosimuzeum.hu\/en\/wp-json\/wp\/v2\/media?parent=1652"}],"wp:term":[{"taxonomy":"category","embeddable":true,"href":"https:\/\/miklosimuzeum.hu\/en\/wp-json\/wp\/v2\/categories?post=1652"},{"taxonomy":"post_tag","embeddable":true,"href":"https:\/\/miklosimuzeum.hu\/en\/wp-json\/wp\/v2\/tags?post=1652"}],"curies":[{"name":"wp","href":"https:\/\/api.w.org\/{rel}","templated":true}]}}