{"id":1314,"date":"2023-03-20T18:36:36","date_gmt":"2023-03-20T18:36:36","guid":{"rendered":"https:\/\/miklosimuzeum.hu\/?p=1314"},"modified":"2023-03-20T18:41:07","modified_gmt":"2023-03-20T18:41:07","slug":"adomany-a-helytorteneti-gyujtemenynek","status":"publish","type":"post","link":"https:\/\/miklosimuzeum.hu\/en\/2023\/03\/20\/adomany-a-helytorteneti-gyujtemenynek\/","title":{"rendered":"Adom\u00e1ny a Helyt\u00f6rt\u00e9neti Gy\u0171jtem\u00e9nynek"},"content":{"rendered":"<p>A Helyt\u00f6rt\u00e9neti Gy\u0171jtem\u00e9ny sz\u00e1mtalan dokumentumot \u0151riz, amib\u0151l Szigetszentmikl\u00f3s lak\u00f3inak mindennapjait lehet megismerni. Mindig \u00f6r\u00f6m, amikor ezek b\u0151v\u00fclnek, \u00e9s \u00fajabb \u00e9rdekess\u00e9gek ker\u00fclnek a felsz\u00ednre! A m\u00falt h\u00e9ten remek adom\u00e1ny \u00e9rkezett Gy\u0171jtem\u00e9ny\u00fcnkbe: Hara Ferencn\u00e9 \u00c9va n\u00e9ni egy paksam\u00e9ta hivatalos iratot hozott be, melyek nagysz\u00fclei \u00e9s d\u00e9dsz\u00fclei \u00e9lett\u00f6rt\u00e9net\u00e9be engednek bepillant\u00e1st.<\/p>\n\n\n\n<p>Nagyapja, K\u0151r\u00f6si Istv\u00e1n \u0151si szigetszentmikl\u00f3si csal\u00e1db\u00f3l sz\u00e1rmazott. 1898-ban sz\u00fcletett, \u00e9s a faluban v\u00e9gezte n\u00e9piskolai tanulm\u00e1nyait is. A bizony\u00edtv\u00e1ny\u00e1n csupa jeles oszt\u00e1lyzat szerepel Csikesz Endre rektortan\u00edt\u00f3 al\u00e1\u00edr\u00e1s\u00e1val! Eg\u00e9sz \u00e9let\u00e9ben a J\u00f3zsefv\u00e1rosi Telefonk\u00f6zpontban dolgozott b\u00e9rsz\u00e1mfejt\u0151k\u00e9nt. Az iratokb\u00f3l nem der\u00fcl ki, hogy az\u00e9rt-e, mert munkahely\u00e9t nagyon szerette, vagy mert nyugd\u00edj\u00e1t szabt\u00e1k rettent\u0151 alacsonyra, de munkak\u00f6nyve szerint 1964-ben bek\u00f6vetkezett hal\u00e1la el\u0151tt h\u00e1rom h\u00f3nappal is rakt\u00e1ri munk\u00e1t v\u00e9gzett a Horv\u00e1th Mih\u00e1ly t\u00e9ren lev\u0151 patin\u00e1s \u00e9p\u00fcletben.<\/p>\n\n\n\n<p>\u00c9va n\u00e9ni nagymam\u00e1ja, K\u0151r\u00f6si Istv\u00e1nn\u00e9 Bak Eszter dokumentumai csak n\u00e9h\u00e1ny \u00e9rdekess\u00e9get villantanak fel \u00e9let\u00e9r\u0151l. 1916-t\u00f3l 1919-ig a Weiss Manfr\u00e9d m\u0171vekn\u00e9l volt tisztvisel\u0151, 1919-t\u0151l 1923-ig pedig a R\u00e1czkevei Takar\u00e9kp\u00e9nzt\u00e1rn\u00e1l seg\u00e9dk\u00f6nyvel\u0151k\u00e9nt dolgozott. Mindk\u00e9t munkahely\u00e9r\u0151l az aj\u00e1nl\u00f3levele maradt fenn: a WM-n\u00e9l 1919-ben val\u00f3sz\u00edn\u0171leg a h\u00e1bor\u00fa v\u00e9ge miatt le\u00e9p\u00edt\u00e9sek t\u00f6rt\u00e9ntek, ez\u00e9rt k\u00fcldt\u00e9k el \u0151t is, R\u00e1ckev\u00e9n pedig felmondott, de mindk\u00e9t helyen igen sz\u00e9p aj\u00e1nl\u00f3levelet kapott. &#8222;Mid\u0151n saj\u00e1t k\u00e9relm\u00e9re t\u00f6rt\u00e9nt kil\u00e9p\u00e9sekor ezen bizony\u00edtv\u00e1nyt r\u00e9sz\u00e9re kiadjuk, aj\u00e1nljuk \u00fczletbar\u00e1taink j\u00f3indulat\u00fa t\u00e1mogat\u00e1s\u00e1ba.&#8221; Kil\u00e9p\u00e9s\u00e9nek oka nem der\u00fcl ki, tal\u00e1n gyermeket v\u00e1rt&#8230;<\/p>\n\n\n\n<p>K\u00f6sz\u00f6nj\u00fck a fantasztikus dokumentumokat Hara Ferencn\u00e9nek!<\/p>\n\n\n\n<figure class=\"wp-block-gallery has-nested-images columns-default is-cropped wp-block-gallery-1 is-layout-flex wp-block-gallery-is-layout-flex\">\n<figure class=\"wp-block-image size-large\"><img fetchpriority=\"high\" decoding=\"async\" width=\"1200\" height=\"776\" data-id=\"1315\" src=\"https:\/\/miklosimuzeum.hu\/wp-content\/uploads\/2023\/03\/01.jpg\" alt=\"\" class=\"wp-image-1315\"\/><figcaption class=\"wp-element-caption\">K\u0151r\u00f6si Istv\u00e1n b\u00e9rletszelv\u00e9ny\u00e9nek egyik oldala. Pesten dolgoz\u00f3k\u00e9nt a szakszervezet finansz\u00edrozta munk\u00e1ba jut\u00e1s\u00e1t Szigetszentmikl\u00f3sr\u00f3l!<\/figcaption><\/figure>\n\n\n\n<figure class=\"wp-block-image size-large\"><img decoding=\"async\" width=\"1200\" height=\"868\" data-id=\"1317\" src=\"https:\/\/miklosimuzeum.hu\/wp-content\/uploads\/2023\/03\/02.jpg\" alt=\"\" class=\"wp-image-1317\"\/><\/figure>\n\n\n\n<figure class=\"wp-block-image size-large\"><img decoding=\"async\" width=\"1200\" height=\"1319\" data-id=\"1318\" src=\"https:\/\/miklosimuzeum.hu\/wp-content\/uploads\/2023\/03\/03.jpg\" alt=\"\" class=\"wp-image-1318\"\/><\/figure>\n\n\n\n<figure class=\"wp-block-image size-large\"><img loading=\"lazy\" decoding=\"async\" width=\"825\" height=\"550\" data-id=\"1316\" src=\"https:\/\/miklosimuzeum.hu\/wp-content\/uploads\/2023\/03\/04.jpg\" alt=\"\" class=\"wp-image-1316\"\/><figcaption class=\"wp-element-caption\">Ray Rezs\u0151 Vilmos | J\u00f3zsefv\u00e1rosi Telefonk\u00f6zpont, Budapest | Kitervezte.hu<\/figcaption><\/figure>\n<\/figure>","protected":false},"excerpt":{"rendered":"<p>A Helyt\u00f6rt\u00e9neti Gy\u0171jtem\u00e9ny sz\u00e1mtalan dokumentumot \u0151riz, amib\u0151l Szigetszentmikl\u00f3s lak\u00f3inak mindennapjait lehet megismerni. Mindig \u00f6r\u00f6m, amikor ezek b\u0151v\u00fclnek, \u00e9s \u00fajabb \u00e9rdekess\u00e9gek ker\u00fclnek a felsz\u00ednre! A m\u00falt h\u00e9ten remek adom\u00e1ny \u00e9rkezett Gy\u0171jtem\u00e9ny\u00fcnkbe: Hara Ferencn\u00e9 \u00c9va n\u00e9ni egy paksam\u00e9ta hivatalos iratot hozott be, melyek nagysz\u00fclei \u00e9s d\u00e9dsz\u00fclei \u00e9lett\u00f6rt\u00e9net\u00e9be engednek bepillant\u00e1st. Nagyapja, K\u0151r\u00f6si Istv\u00e1n \u0151si szigetszentmikl\u00f3si csal\u00e1db\u00f3l sz\u00e1rmazott. 1898-ban [&hellip;]<\/p>","protected":false},"author":1,"featured_media":1317,"comment_status":"open","ping_status":"open","sticky":false,"template":"","format":"standard","meta":{"ub_ctt_via":"","ocean_post_layout":"","ocean_both_sidebars_style":"","ocean_both_sidebars_content_width":0,"ocean_both_sidebars_sidebars_width":0,"ocean_sidebar":"0","ocean_second_sidebar":"0","ocean_disable_margins":"enable","ocean_add_body_class":"","ocean_shortcode_before_top_bar":"","ocean_shortcode_after_top_bar":"","ocean_shortcode_before_header":"","ocean_shortcode_after_header":"","ocean_has_shortcode":"","ocean_shortcode_after_title":"","ocean_shortcode_before_footer_widgets":"","ocean_shortcode_after_footer_widgets":"","ocean_shortcode_before_footer_bottom":"","ocean_shortcode_after_footer_bottom":"","ocean_display_top_bar":"default","ocean_display_header":"default","ocean_header_style":"","ocean_center_header_left_menu":"0","ocean_custom_header_template":"0","ocean_custom_logo":0,"ocean_custom_retina_logo":0,"ocean_custom_logo_max_width":0,"ocean_custom_logo_tablet_max_width":0,"ocean_custom_logo_mobile_max_width":0,"ocean_custom_logo_max_height":0,"ocean_custom_logo_tablet_max_height":0,"ocean_custom_logo_mobile_max_height":0,"ocean_header_custom_menu":"0","ocean_menu_typo_font_family":"0","ocean_menu_typo_font_subset":"","ocean_menu_typo_font_size":0,"ocean_menu_typo_font_size_tablet":0,"ocean_menu_typo_font_size_mobile":0,"ocean_menu_typo_font_size_unit":"px","ocean_menu_typo_font_weight":"","ocean_menu_typo_font_weight_tablet":"","ocean_menu_typo_font_weight_mobile":"","ocean_menu_typo_transform":"","ocean_menu_typo_transform_tablet":"","ocean_menu_typo_transform_mobile":"","ocean_menu_typo_line_height":0,"ocean_menu_typo_line_height_tablet":0,"ocean_menu_typo_line_height_mobile":0,"ocean_menu_typo_line_height_unit":"","ocean_menu_typo_spacing":0,"ocean_menu_typo_spacing_tablet":0,"ocean_menu_typo_spacing_mobile":0,"ocean_menu_typo_spacing_unit":"","ocean_menu_link_color":"","ocean_menu_link_color_hover":"","ocean_menu_link_color_active":"","ocean_menu_link_background":"","ocean_menu_link_hover_background":"","ocean_menu_link_active_background":"","ocean_menu_social_links_bg":"","ocean_menu_social_hover_links_bg":"","ocean_menu_social_links_color":"","ocean_menu_social_hover_links_color":"","ocean_disable_title":"default","ocean_disable_heading":"default","ocean_post_title":"","ocean_post_subheading":"","ocean_post_title_style":"","ocean_post_title_background_color":"","ocean_post_title_background":0,"ocean_post_title_bg_image_position":"","ocean_post_title_bg_image_attachment":"","ocean_post_title_bg_image_repeat":"","ocean_post_title_bg_image_size":"","ocean_post_title_height":0,"ocean_post_title_bg_overlay":0.5,"ocean_post_title_bg_overlay_color":"","ocean_disable_breadcrumbs":"default","ocean_breadcrumbs_color":"","ocean_breadcrumbs_separator_color":"","ocean_breadcrumbs_links_color":"","ocean_breadcrumbs_links_hover_color":"","ocean_display_footer_widgets":"default","ocean_display_footer_bottom":"default","ocean_custom_footer_template":"0","ocean_post_oembed":"","ocean_post_self_hosted_media":"","ocean_post_video_embed":"","ocean_link_format":"","ocean_link_format_target":"self","ocean_quote_format":"","ocean_quote_format_link":"post","ocean_gallery_link_images":"off","ocean_gallery_id":[],"footnotes":""},"categories":[11,93],"tags":[54],"class_list":["post-1314","post","type-post","status-publish","format-standard","has-post-thumbnail","hentry","category-blog","category-news","tag-adomany","entry","has-media"],"featured_image_src":"https:\/\/miklosimuzeum.hu\/wp-content\/uploads\/2023\/03\/02.jpg","author_info":{"display_name":"Miss N\u00e1ndor","author_link":"https:\/\/miklosimuzeum.hu\/en\/author\/admin\/"},"rttpg_featured_image_url":{"full":["https:\/\/miklosimuzeum.hu\/wp-content\/uploads\/2023\/03\/02.jpg",1200,868,false],"landscape":["https:\/\/miklosimuzeum.hu\/wp-content\/uploads\/2023\/03\/02.jpg",1200,868,false],"portraits":["https:\/\/miklosimuzeum.hu\/wp-content\/uploads\/2023\/03\/02.jpg",1200,868,false],"thumbnail":["https:\/\/miklosimuzeum.hu\/wp-content\/uploads\/2023\/03\/02-150x150.jpg",150,150,true],"medium":["https:\/\/miklosimuzeum.hu\/wp-content\/uploads\/2023\/03\/02-300x217.jpg",300,217,true],"large":["https:\/\/miklosimuzeum.hu\/wp-content\/uploads\/2023\/03\/02.jpg",1200,868,false],"1536x1536":["https:\/\/miklosimuzeum.hu\/wp-content\/uploads\/2023\/03\/02.jpg",1200,868,false],"2048x2048":["https:\/\/miklosimuzeum.hu\/wp-content\/uploads\/2023\/03\/02.jpg",1200,868,false],"trp-custom-language-flag":["https:\/\/miklosimuzeum.hu\/wp-content\/uploads\/2023\/03\/02.jpg",18,12,false],"ocean-thumb-m":["https:\/\/miklosimuzeum.hu\/wp-content\/uploads\/2023\/03\/02-600x600.jpg",600,600,true],"ocean-thumb-ml":["https:\/\/miklosimuzeum.hu\/wp-content\/uploads\/2023\/03\/02-800x450.jpg",800,450,true],"ocean-thumb-l":["https:\/\/miklosimuzeum.hu\/wp-content\/uploads\/2023\/03\/02-1200x700.jpg",1200,700,true]},"rttpg_author":{"display_name":"Miss N\u00e1ndor","author_link":"https:\/\/miklosimuzeum.hu\/en\/author\/admin\/"},"rttpg_comment":0,"rttpg_category":"<a href=\"https:\/\/miklosimuzeum.hu\/en\/category\/blog\/\" rel=\"category tag\">Blog<\/a> <a href=\"https:\/\/miklosimuzeum.hu\/en\/category\/news\/\" rel=\"category tag\">H\u00edrek<\/a>","rttpg_excerpt":"A Helyt\u00f6rt\u00e9neti Gy\u0171jtem\u00e9ny sz\u00e1mtalan dokumentumot \u0151riz, amib\u0151l Szigetszentmikl\u00f3s lak\u00f3inak mindennapjait lehet megismerni. Mindig \u00f6r\u00f6m, amikor ezek b\u0151v\u00fclnek, \u00e9s \u00fajabb \u00e9rdekess\u00e9gek ker\u00fclnek a felsz\u00ednre! A m\u00falt h\u00e9ten remek adom\u00e1ny \u00e9rkezett Gy\u0171jtem\u00e9ny\u00fcnkbe: Hara Ferencn\u00e9 \u00c9va n\u00e9ni egy paksam\u00e9ta hivatalos iratot hozott be, melyek nagysz\u00fclei \u00e9s d\u00e9dsz\u00fclei \u00e9lett\u00f6rt\u00e9net\u00e9be engednek bepillant\u00e1st. Nagyapja, K\u0151r\u00f6si Istv\u00e1n \u0151si szigetszentmikl\u00f3si csal\u00e1db\u00f3l sz\u00e1rmazott. 1898-ban&hellip;","_links":{"self":[{"href":"https:\/\/miklosimuzeum.hu\/en\/wp-json\/wp\/v2\/posts\/1314","targetHints":{"allow":["GET"]}}],"collection":[{"href":"https:\/\/miklosimuzeum.hu\/en\/wp-json\/wp\/v2\/posts"}],"about":[{"href":"https:\/\/miklosimuzeum.hu\/en\/wp-json\/wp\/v2\/types\/post"}],"author":[{"embeddable":true,"href":"https:\/\/miklosimuzeum.hu\/en\/wp-json\/wp\/v2\/users\/1"}],"replies":[{"embeddable":true,"href":"https:\/\/miklosimuzeum.hu\/en\/wp-json\/wp\/v2\/comments?post=1314"}],"version-history":[{"count":1,"href":"https:\/\/miklosimuzeum.hu\/en\/wp-json\/wp\/v2\/posts\/1314\/revisions"}],"predecessor-version":[{"id":1319,"href":"https:\/\/miklosimuzeum.hu\/en\/wp-json\/wp\/v2\/posts\/1314\/revisions\/1319"}],"wp:featuredmedia":[{"embeddable":true,"href":"https:\/\/miklosimuzeum.hu\/en\/wp-json\/wp\/v2\/media\/1317"}],"wp:attachment":[{"href":"https:\/\/miklosimuzeum.hu\/en\/wp-json\/wp\/v2\/media?parent=1314"}],"wp:term":[{"taxonomy":"category","embeddable":true,"href":"https:\/\/miklosimuzeum.hu\/en\/wp-json\/wp\/v2\/categories?post=1314"},{"taxonomy":"post_tag","embeddable":true,"href":"https:\/\/miklosimuzeum.hu\/en\/wp-json\/wp\/v2\/tags?post=1314"}],"curies":[{"name":"wp","href":"https:\/\/api.w.org\/{rel}","templated":true}]}}