{"id":1236,"date":"2023-02-12T11:07:00","date_gmt":"2023-02-12T11:07:00","guid":{"rendered":"https:\/\/miklosimuzeum.hu\/?p=1236"},"modified":"2023-02-28T11:09:19","modified_gmt":"2023-02-28T11:09:19","slug":"somogyvary-gyula-halalara","status":"publish","type":"post","link":"https:\/\/miklosimuzeum.hu\/en\/2023\/02\/12\/somogyvary-gyula-halalara\/","title":{"rendered":"Somogyv\u00e1ry Gyula hal\u00e1l\u00e1ra"},"content":{"rendered":"<figure class=\"wp-block-image size-full\"><img fetchpriority=\"high\" decoding=\"async\" width=\"1450\" height=\"2048\" src=\"https:\/\/miklosimuzeum.hu\/wp-content\/uploads\/2023\/02\/image-2.png\" alt=\"\" class=\"wp-image-1237\"\/><\/figure>\n\n\n\n<p>70 \u00e9ve, 1953. febru\u00e1r 12-\u00e9n m\u00e1ig tiszt\u00e1zatlan k\u00f6r\u00fclm\u00e9nyek k\u00f6z\u00f6tt hunyt el vit\u00e9z Somogyv\u00e1ry Gyula ir\u00f3, k\u00f6lt\u0151, nemzetgy\u0171l\u00e9si k\u00e9pvisel\u0151, a Magyar R\u00e1di\u00f3 kor\u00e1bbi igazgat\u00f3ja.<\/p>\n\n\n\n<p>A k\u00e9t vil\u00e1gh\u00e1bor\u00fa k\u00f6z\u00f6tt Somogyv\u00e1ry m\u0171vei igen n\u00e9pszer\u0171ek voltak, &#8222;Vir\u00e1gzik a mandula&#8221; c\u00edm\u0171 reg\u00e9nye a korban kiemelked\u0151 60 ezres eladott p\u00e9ld\u00e1nysz\u00e1mot is el\u00e9rte. \u0150 honos\u00edtotta meg a Magyar R\u00e1di\u00f3ban a hangj\u00e1t\u00e9k m\u0171faj\u00e1t 1927-ben bemutatott Hazat\u00e9r\u00e9s c\u00edm\u0171 m\u0171v\u00e9vel, majd k\u00e9s\u0151bb is sokat dolgozott e m\u0171faj <a><\/a>kifejleszt\u00e9s\u00e9vel, s maga a hangj\u00e1t\u00e9k elnevez\u00e9s is t\u0151le sz\u00e1rmazik. T\u00f6rt\u00e9nelmi t\u00e1rgy\u00fa reg\u00e9nyei egy k\u00f6z\u00e9pkori soproni t\u00f6rt\u00e9nett\u0151l kezdve (A v\u00e1ros meg a s\u00e1rk\u00e1ny), egy 1848 k\u00f6r\u00fcl j\u00e1tsz\u00f3d\u00f3 tril\u00f3gi\u00e1n \u00e1t (A pirossapk\u00e1s kisl\u00e1ny; A hadtest h\u0171 maradt; Katonacsillag megfordul&#8230;), a trianoni b\u00e9kek\u00f6t\u00e9s ut\u00e1ni nyugat-magyarorsz\u00e1gi k\u00fczdelmek bemutat\u00e1s\u00e1ig (\u00c9s m\u00e9gis \u00e9l\u00fcnk) fogj\u00e1k \u00e1t a magyar t\u00f6rt\u00e9nelem esem\u00e9nyeit.<\/p>\n\n\n\n<p>1938-t\u00f3l 1944-ig sz\u00e1zadosi rangban szolg\u00e1lt a magyar vez\u00e9rkari f\u0151n\u00f6ks\u00e9gen. R\u00e9szt vett az 1938-as felvid\u00e9ki majd az 1940-es erd\u00e9lyi bevonul\u00e1sban. Meggy\u0151z\u0151d\u00e9s\u00e9b\u0151l ad\u00f3d\u00f3an Teleki P\u00e1l \u00e9s Bajcsy-Zsilinszky Endre n\u00e9metellenes \u00e9s angolbar\u00e1t csoportj\u00e1hoz tartozott: el\u00edt\u00e9lte a n\u00e9met hegem\u00f3niat\u00f6rekv\u00e9seket, \u00e9s ellenezte a zsid\u00f3t\u00f6rv\u00e9nyek bevezet\u00e9s\u00e9t.<\/p>\n\n\n\n<p>A n\u00e9met megsz\u00e1ll\u00e1s ut\u00e1n a Gestapo letart\u00f3ztatta, \u00e9s 1944 m\u00e1rcius\u00e1ban a mauthauseni koncentr\u00e1ci\u00f3s t\u00e1borba hurcolt\u00e1k. 13 havi megpr\u00f3b\u00e1ltat\u00e1s ut\u00e1n hazat\u00e9rt, \u00e9s elm\u00e9ly\u00fcl\u0151 vall\u00e1soss\u00e1g\u00e1ban keresett mened\u00e9ket: bel\u00e9pett a kapucinus-rendbe. 1953-ban az \u00c1VH letart\u00f3ztatta \u00e9s Kistarcs\u00e1ra intern\u00e1lta. Az akkor m\u00e1r s\u00falyos beteg Somogyv\u00e1ry \u00e1llapota gy\u00f3gykezel\u00e9s h\u00edj\u00e1n leromlott, \u00e9s 1953. febru\u00e1r 12-\u00e9n meghalt. Jeltelen s\u00edrba, a r\u00e1koskereszt\u00fari temet\u0151 301-es parcell\u00e1j\u00e1ba temett\u00e9k.<\/p>\n\n\n\n<p>1990-ben rehabilit\u00e1lt\u00e1k \u00e9s \u00fajratemett\u00e9k. Eml\u00e9k\u00e9t Szigetszentmikl\u00f3son a Szigetben, nyaral\u00f3ja fal\u00e1n eml\u00e9kt\u00e1bla \u0151rzi, m\u0171veit pedig \u00fajra kiadt\u00e1k. V\u00e1rosunkban a kultur\u00e1lis, m\u0171v\u00e9szeti \u00e9let kiemelked\u0151 egy\u00e9nis\u00e9gei Somogyv\u00e1ry Gyula d\u00edjban r\u00e9szes\u00fclnek.<\/p>","protected":false},"excerpt":{"rendered":"<p>70 \u00e9ve, 1953. febru\u00e1r 12-\u00e9n m\u00e1ig tiszt\u00e1zatlan k\u00f6r\u00fclm\u00e9nyek k\u00f6z\u00f6tt hunyt el vit\u00e9z Somogyv\u00e1ry Gyula ir\u00f3, k\u00f6lt\u0151, nemzetgy\u0171l\u00e9si k\u00e9pvisel\u0151, a Magyar R\u00e1di\u00f3 kor\u00e1bbi igazgat\u00f3ja. A k\u00e9t vil\u00e1gh\u00e1bor\u00fa k\u00f6z\u00f6tt Somogyv\u00e1ry m\u0171vei igen n\u00e9pszer\u0171ek voltak, &#8222;Vir\u00e1gzik a mandula&#8221; c\u00edm\u0171 reg\u00e9nye a korban kiemelked\u0151 60 ezres eladott p\u00e9ld\u00e1nysz\u00e1mot is el\u00e9rte. \u0150 honos\u00edtotta meg a Magyar R\u00e1di\u00f3ban a hangj\u00e1t\u00e9k m\u0171faj\u00e1t [&hellip;]<\/p>","protected":false},"author":1,"featured_media":1237,"comment_status":"open","ping_status":"open","sticky":false,"template":"","format":"standard","meta":{"ub_ctt_via":"","ocean_post_layout":"","ocean_both_sidebars_style":"","ocean_both_sidebars_content_width":0,"ocean_both_sidebars_sidebars_width":0,"ocean_sidebar":"0","ocean_second_sidebar":"0","ocean_disable_margins":"enable","ocean_add_body_class":"","ocean_shortcode_before_top_bar":"","ocean_shortcode_after_top_bar":"","ocean_shortcode_before_header":"","ocean_shortcode_after_header":"","ocean_has_shortcode":"","ocean_shortcode_after_title":"","ocean_shortcode_before_footer_widgets":"","ocean_shortcode_after_footer_widgets":"","ocean_shortcode_before_footer_bottom":"","ocean_shortcode_after_footer_bottom":"","ocean_display_top_bar":"default","ocean_display_header":"default","ocean_header_style":"","ocean_center_header_left_menu":"0","ocean_custom_header_template":"0","ocean_custom_logo":0,"ocean_custom_retina_logo":0,"ocean_custom_logo_max_width":0,"ocean_custom_logo_tablet_max_width":0,"ocean_custom_logo_mobile_max_width":0,"ocean_custom_logo_max_height":0,"ocean_custom_logo_tablet_max_height":0,"ocean_custom_logo_mobile_max_height":0,"ocean_header_custom_menu":"0","ocean_menu_typo_font_family":"0","ocean_menu_typo_font_subset":"","ocean_menu_typo_font_size":0,"ocean_menu_typo_font_size_tablet":0,"ocean_menu_typo_font_size_mobile":0,"ocean_menu_typo_font_size_unit":"px","ocean_menu_typo_font_weight":"","ocean_menu_typo_font_weight_tablet":"","ocean_menu_typo_font_weight_mobile":"","ocean_menu_typo_transform":"","ocean_menu_typo_transform_tablet":"","ocean_menu_typo_transform_mobile":"","ocean_menu_typo_line_height":0,"ocean_menu_typo_line_height_tablet":0,"ocean_menu_typo_line_height_mobile":0,"ocean_menu_typo_line_height_unit":"","ocean_menu_typo_spacing":0,"ocean_menu_typo_spacing_tablet":0,"ocean_menu_typo_spacing_mobile":0,"ocean_menu_typo_spacing_unit":"","ocean_menu_link_color":"","ocean_menu_link_color_hover":"","ocean_menu_link_color_active":"","ocean_menu_link_background":"","ocean_menu_link_hover_background":"","ocean_menu_link_active_background":"","ocean_menu_social_links_bg":"","ocean_menu_social_hover_links_bg":"","ocean_menu_social_links_color":"","ocean_menu_social_hover_links_color":"","ocean_disable_title":"default","ocean_disable_heading":"default","ocean_post_title":"","ocean_post_subheading":"","ocean_post_title_style":"","ocean_post_title_background_color":"","ocean_post_title_background":0,"ocean_post_title_bg_image_position":"","ocean_post_title_bg_image_attachment":"","ocean_post_title_bg_image_repeat":"","ocean_post_title_bg_image_size":"","ocean_post_title_height":0,"ocean_post_title_bg_overlay":0.5,"ocean_post_title_bg_overlay_color":"","ocean_disable_breadcrumbs":"default","ocean_breadcrumbs_color":"","ocean_breadcrumbs_separator_color":"","ocean_breadcrumbs_links_color":"","ocean_breadcrumbs_links_hover_color":"","ocean_display_footer_widgets":"default","ocean_display_footer_bottom":"default","ocean_custom_footer_template":"0","ocean_post_oembed":"","ocean_post_self_hosted_media":"","ocean_post_video_embed":"","ocean_link_format":"","ocean_link_format_target":"self","ocean_quote_format":"","ocean_quote_format_link":"post","ocean_gallery_link_images":"off","ocean_gallery_id":[],"footnotes":""},"categories":[11],"tags":[22,109],"class_list":["post-1236","post","type-post","status-publish","format-standard","has-post-thumbnail","hentry","category-blog","tag-evfordulo","tag-somogyvary-gyula","entry","has-media"],"featured_image_src":"https:\/\/miklosimuzeum.hu\/wp-content\/uploads\/2023\/02\/image-2.png","author_info":{"display_name":"Miss N\u00e1ndor","author_link":"https:\/\/miklosimuzeum.hu\/en\/author\/admin\/"},"rttpg_featured_image_url":{"full":["https:\/\/miklosimuzeum.hu\/wp-content\/uploads\/2023\/02\/image-2.png",1450,2048,false],"landscape":["https:\/\/miklosimuzeum.hu\/wp-content\/uploads\/2023\/02\/image-2.png",1450,2048,false],"portraits":["https:\/\/miklosimuzeum.hu\/wp-content\/uploads\/2023\/02\/image-2.png",1450,2048,false],"thumbnail":["https:\/\/miklosimuzeum.hu\/wp-content\/uploads\/2023\/02\/image-2-150x150.png",150,150,true],"medium":["https:\/\/miklosimuzeum.hu\/wp-content\/uploads\/2023\/02\/image-2-212x300.png",212,300,true],"large":["https:\/\/miklosimuzeum.hu\/wp-content\/uploads\/2023\/02\/image-2.png",1450,2048,false],"1536x1536":["https:\/\/miklosimuzeum.hu\/wp-content\/uploads\/2023\/02\/image-2-1088x1536.png",1088,1536,true],"2048x2048":["https:\/\/miklosimuzeum.hu\/wp-content\/uploads\/2023\/02\/image-2.png",1450,2048,false],"trp-custom-language-flag":["https:\/\/miklosimuzeum.hu\/wp-content\/uploads\/2023\/02\/image-2.png",8,12,false],"ocean-thumb-m":["https:\/\/miklosimuzeum.hu\/wp-content\/uploads\/2023\/02\/image-2-600x600.png",600,600,true],"ocean-thumb-ml":["https:\/\/miklosimuzeum.hu\/wp-content\/uploads\/2023\/02\/image-2-800x450.png",800,450,true],"ocean-thumb-l":["https:\/\/miklosimuzeum.hu\/wp-content\/uploads\/2023\/02\/image-2-1200x700.png",1200,700,true]},"rttpg_author":{"display_name":"Miss N\u00e1ndor","author_link":"https:\/\/miklosimuzeum.hu\/en\/author\/admin\/"},"rttpg_comment":0,"rttpg_category":"<a href=\"https:\/\/miklosimuzeum.hu\/en\/category\/blog\/\" rel=\"category tag\">Blog<\/a>","rttpg_excerpt":"70 \u00e9ve, 1953. febru\u00e1r 12-\u00e9n m\u00e1ig tiszt\u00e1zatlan k\u00f6r\u00fclm\u00e9nyek k\u00f6z\u00f6tt hunyt el vit\u00e9z Somogyv\u00e1ry Gyula ir\u00f3, k\u00f6lt\u0151, nemzetgy\u0171l\u00e9si k\u00e9pvisel\u0151, a Magyar R\u00e1di\u00f3 kor\u00e1bbi igazgat\u00f3ja. A k\u00e9t vil\u00e1gh\u00e1bor\u00fa k\u00f6z\u00f6tt Somogyv\u00e1ry m\u0171vei igen n\u00e9pszer\u0171ek voltak, &#8222;Vir\u00e1gzik a mandula&#8221; c\u00edm\u0171 reg\u00e9nye a korban kiemelked\u0151 60 ezres eladott p\u00e9ld\u00e1nysz\u00e1mot is el\u00e9rte. \u0150 honos\u00edtotta meg a Magyar R\u00e1di\u00f3ban a hangj\u00e1t\u00e9k m\u0171faj\u00e1t&hellip;","_links":{"self":[{"href":"https:\/\/miklosimuzeum.hu\/en\/wp-json\/wp\/v2\/posts\/1236","targetHints":{"allow":["GET"]}}],"collection":[{"href":"https:\/\/miklosimuzeum.hu\/en\/wp-json\/wp\/v2\/posts"}],"about":[{"href":"https:\/\/miklosimuzeum.hu\/en\/wp-json\/wp\/v2\/types\/post"}],"author":[{"embeddable":true,"href":"https:\/\/miklosimuzeum.hu\/en\/wp-json\/wp\/v2\/users\/1"}],"replies":[{"embeddable":true,"href":"https:\/\/miklosimuzeum.hu\/en\/wp-json\/wp\/v2\/comments?post=1236"}],"version-history":[{"count":1,"href":"https:\/\/miklosimuzeum.hu\/en\/wp-json\/wp\/v2\/posts\/1236\/revisions"}],"predecessor-version":[{"id":1238,"href":"https:\/\/miklosimuzeum.hu\/en\/wp-json\/wp\/v2\/posts\/1236\/revisions\/1238"}],"wp:featuredmedia":[{"embeddable":true,"href":"https:\/\/miklosimuzeum.hu\/en\/wp-json\/wp\/v2\/media\/1237"}],"wp:attachment":[{"href":"https:\/\/miklosimuzeum.hu\/en\/wp-json\/wp\/v2\/media?parent=1236"}],"wp:term":[{"taxonomy":"category","embeddable":true,"href":"https:\/\/miklosimuzeum.hu\/en\/wp-json\/wp\/v2\/categories?post=1236"},{"taxonomy":"post_tag","embeddable":true,"href":"https:\/\/miklosimuzeum.hu\/en\/wp-json\/wp\/v2\/tags?post=1236"}],"curies":[{"name":"wp","href":"https:\/\/api.w.org\/{rel}","templated":true}]}}