{"id":1217,"date":"2022-11-22T13:39:11","date_gmt":"2022-11-22T13:39:11","guid":{"rendered":"https:\/\/miklosimuzeum.hu\/?p=1217"},"modified":"2022-11-22T13:39:12","modified_gmt":"2022-11-22T13:39:12","slug":"nadasdyak-evfordulos-kiallitas","status":"publish","type":"post","link":"https:\/\/miklosimuzeum.hu\/en\/2022\/11\/22\/nadasdyak-evfordulos-kiallitas\/","title":{"rendered":"N\u00e1dasdyak &#8211; \u00e9vfordul\u00f3s ki\u00e1ll\u00edt\u00e1s"},"content":{"rendered":"<p>2022. november 27-\u00e9n vas\u00e1rnap ny\u00edlik meg a szigetszentmikl\u00f3si N\u00e1dasdy-csal\u00e1dr\u00f3l sz\u00f3l\u00f3 ki\u00e1ll\u00edt\u00e1s a V\u00e1rosi Gal\u00e9ri\u00e1ban. A Helyt\u00f6rt\u00e9neti Gy\u0171jtem\u00e9ny \u00e9s a V\u00e1rosi Gal\u00e9ria k\u00f6z\u00f6s ki\u00e1ll\u00edt\u00e1s\u00e1n k\u00e9pz\u0151m\u0171v\u00e9szeti alkot\u00e1sok mellett a csal\u00e1dnak a v\u00e1ros t\u00f6rt\u00e9net\u00e9ben j\u00e1tszott kiemelked\u0151 szerep\u00e9t ismerhetik meg a l\u00e1togat\u00f3k.<\/p>\n\n\n\n<p>A ki\u00e1ll\u00edt\u00e1s id. N\u00e1dasdy J\u00e1nos sz\u00fclet\u00e9s\u00e9nek 115., N\u00e1dasdy J\u00e1nosn\u00e9 Kerekes Kat\u00f3 sz\u00fclet\u00e9s\u00e9nek 110. \u00e9s a N\u00e1dasdy Filmsz\u00ednh\u00e1z megnyit\u00e1s\u00e1nak 85. \u00e9vfordul\u00f3ja alkalm\u00e1b\u00f3l val\u00f3sul meg.<\/p>\n\n\n\n<figure class=\"wp-block-image size-full\"><img fetchpriority=\"high\" decoding=\"async\" width=\"1810\" height=\"2560\" src=\"https:\/\/miklosimuzeum.hu\/wp-content\/uploads\/2022\/11\/Plakat-scaled.jpg\" alt=\"\" class=\"wp-image-1218\"\/><\/figure>","protected":false},"excerpt":{"rendered":"<p>2022. november 27-\u00e9n vas\u00e1rnap ny\u00edlik meg a szigetszentmikl\u00f3si N\u00e1dasdy-csal\u00e1dr\u00f3l sz\u00f3l\u00f3 ki\u00e1ll\u00edt\u00e1s a V\u00e1rosi Gal\u00e9ri\u00e1ban. A Helyt\u00f6rt\u00e9neti Gy\u0171jtem\u00e9ny \u00e9s a V\u00e1rosi Gal\u00e9ria k\u00f6z\u00f6s ki\u00e1ll\u00edt\u00e1s\u00e1n k\u00e9pz\u0151m\u0171v\u00e9szeti alkot\u00e1sok mellett a csal\u00e1dnak a v\u00e1ros t\u00f6rt\u00e9net\u00e9ben j\u00e1tszott kiemelked\u0151 szerep\u00e9t ismerhetik meg a l\u00e1togat\u00f3k. A ki\u00e1ll\u00edt\u00e1s id. N\u00e1dasdy J\u00e1nos sz\u00fclet\u00e9s\u00e9nek 115., N\u00e1dasdy J\u00e1nosn\u00e9 Kerekes Kat\u00f3 sz\u00fclet\u00e9s\u00e9nek 110. \u00e9s a N\u00e1dasdy Filmsz\u00ednh\u00e1z [&hellip;]<\/p>","protected":false},"author":1,"featured_media":1221,"comment_status":"closed","ping_status":"open","sticky":false,"template":"","format":"standard","meta":{"ub_ctt_via":"","ocean_post_layout":"","ocean_both_sidebars_style":"","ocean_both_sidebars_content_width":0,"ocean_both_sidebars_sidebars_width":0,"ocean_sidebar":"0","ocean_second_sidebar":"0","ocean_disable_margins":"enable","ocean_add_body_class":"","ocean_shortcode_before_top_bar":"","ocean_shortcode_after_top_bar":"","ocean_shortcode_before_header":"","ocean_shortcode_after_header":"","ocean_has_shortcode":"","ocean_shortcode_after_title":"","ocean_shortcode_before_footer_widgets":"","ocean_shortcode_after_footer_widgets":"","ocean_shortcode_before_footer_bottom":"","ocean_shortcode_after_footer_bottom":"","ocean_display_top_bar":"default","ocean_display_header":"default","ocean_header_style":"","ocean_center_header_left_menu":"0","ocean_custom_header_template":"0","ocean_custom_logo":0,"ocean_custom_retina_logo":0,"ocean_custom_logo_max_width":0,"ocean_custom_logo_tablet_max_width":0,"ocean_custom_logo_mobile_max_width":0,"ocean_custom_logo_max_height":0,"ocean_custom_logo_tablet_max_height":0,"ocean_custom_logo_mobile_max_height":0,"ocean_header_custom_menu":"0","ocean_menu_typo_font_family":"0","ocean_menu_typo_font_subset":"","ocean_menu_typo_font_size":0,"ocean_menu_typo_font_size_tablet":0,"ocean_menu_typo_font_size_mobile":0,"ocean_menu_typo_font_size_unit":"px","ocean_menu_typo_font_weight":"","ocean_menu_typo_font_weight_tablet":"","ocean_menu_typo_font_weight_mobile":"","ocean_menu_typo_transform":"","ocean_menu_typo_transform_tablet":"","ocean_menu_typo_transform_mobile":"","ocean_menu_typo_line_height":0,"ocean_menu_typo_line_height_tablet":0,"ocean_menu_typo_line_height_mobile":0,"ocean_menu_typo_line_height_unit":"","ocean_menu_typo_spacing":0,"ocean_menu_typo_spacing_tablet":0,"ocean_menu_typo_spacing_mobile":0,"ocean_menu_typo_spacing_unit":"","ocean_menu_link_color":"","ocean_menu_link_color_hover":"","ocean_menu_link_color_active":"","ocean_menu_link_background":"","ocean_menu_link_hover_background":"","ocean_menu_link_active_background":"","ocean_menu_social_links_bg":"","ocean_menu_social_hover_links_bg":"","ocean_menu_social_links_color":"","ocean_menu_social_hover_links_color":"","ocean_disable_title":"default","ocean_disable_heading":"default","ocean_post_title":"","ocean_post_subheading":"","ocean_post_title_style":"","ocean_post_title_background_color":"","ocean_post_title_background":0,"ocean_post_title_bg_image_position":"","ocean_post_title_bg_image_attachment":"","ocean_post_title_bg_image_repeat":"","ocean_post_title_bg_image_size":"","ocean_post_title_height":0,"ocean_post_title_bg_overlay":0.5,"ocean_post_title_bg_overlay_color":"","ocean_disable_breadcrumbs":"default","ocean_breadcrumbs_color":"","ocean_breadcrumbs_separator_color":"","ocean_breadcrumbs_links_color":"","ocean_breadcrumbs_links_hover_color":"","ocean_display_footer_widgets":"default","ocean_display_footer_bottom":"default","ocean_custom_footer_template":"0","ocean_post_oembed":"","ocean_post_self_hosted_media":"","ocean_post_video_embed":"","ocean_link_format":"","ocean_link_format_target":"self","ocean_quote_format":"","ocean_quote_format_link":"post","ocean_gallery_link_images":"off","ocean_gallery_id":[],"footnotes":""},"categories":[93],"tags":[25,92,103,101],"class_list":["post-1217","post","type-post","status-publish","format-standard","has-post-thumbnail","hentry","category-news","tag-helytorteneti-gyujtemeny","tag-idoszaki-kiallitas","tag-kepzomuveszet","tag-varosi-galeria","entry","has-media"],"featured_image_src":"https:\/\/miklosimuzeum.hu\/wp-content\/uploads\/2022\/11\/FB-cover-e1669124330626.jpg","author_info":{"display_name":"Miss N\u00e1ndor","author_link":"https:\/\/miklosimuzeum.hu\/en\/author\/admin\/"},"rttpg_featured_image_url":{"full":["https:\/\/miklosimuzeum.hu\/wp-content\/uploads\/2022\/11\/FB-cover-e1669124330626.jpg",1921,1080,false],"landscape":["https:\/\/miklosimuzeum.hu\/wp-content\/uploads\/2022\/11\/FB-cover-e1669124330626.jpg",1921,1080,false],"portraits":["https:\/\/miklosimuzeum.hu\/wp-content\/uploads\/2022\/11\/FB-cover-e1669124330626.jpg",1921,1080,false],"thumbnail":["https:\/\/miklosimuzeum.hu\/wp-content\/uploads\/2022\/11\/FB-cover-e1669124330626-150x150.jpg",150,150,true],"medium":["https:\/\/miklosimuzeum.hu\/wp-content\/uploads\/2022\/11\/FB-cover-e1669124330626-300x169.jpg",300,169,true],"large":["https:\/\/miklosimuzeum.hu\/wp-content\/uploads\/2022\/11\/FB-cover-e1669124330626.jpg",1921,1080,false],"1536x1536":["https:\/\/miklosimuzeum.hu\/wp-content\/uploads\/2022\/11\/FB-cover-e1669124330626-1536x864.jpg",1536,864,true],"2048x2048":["https:\/\/miklosimuzeum.hu\/wp-content\/uploads\/2022\/11\/FB-cover-e1669124330626.jpg",1921,1080,false],"trp-custom-language-flag":["https:\/\/miklosimuzeum.hu\/wp-content\/uploads\/2022\/11\/FB-cover-e1669124330626.jpg",18,10,false],"ocean-thumb-m":["https:\/\/miklosimuzeum.hu\/wp-content\/uploads\/2022\/11\/FB-cover-e1669124330626-600x600.jpg",600,600,true],"ocean-thumb-ml":["https:\/\/miklosimuzeum.hu\/wp-content\/uploads\/2022\/11\/FB-cover-e1669124330626-800x450.jpg",800,450,true],"ocean-thumb-l":["https:\/\/miklosimuzeum.hu\/wp-content\/uploads\/2022\/11\/FB-cover-e1669124330626-1200x700.jpg",1200,700,true]},"rttpg_author":{"display_name":"Miss N\u00e1ndor","author_link":"https:\/\/miklosimuzeum.hu\/en\/author\/admin\/"},"rttpg_comment":0,"rttpg_category":"<a href=\"https:\/\/miklosimuzeum.hu\/en\/category\/news\/\" rel=\"category tag\">H\u00edrek<\/a>","rttpg_excerpt":"2022. november 27-\u00e9n vas\u00e1rnap ny\u00edlik meg a szigetszentmikl\u00f3si N\u00e1dasdy-csal\u00e1dr\u00f3l sz\u00f3l\u00f3 ki\u00e1ll\u00edt\u00e1s a V\u00e1rosi Gal\u00e9ri\u00e1ban. A Helyt\u00f6rt\u00e9neti Gy\u0171jtem\u00e9ny \u00e9s a V\u00e1rosi Gal\u00e9ria k\u00f6z\u00f6s ki\u00e1ll\u00edt\u00e1s\u00e1n k\u00e9pz\u0151m\u0171v\u00e9szeti alkot\u00e1sok mellett a csal\u00e1dnak a v\u00e1ros t\u00f6rt\u00e9net\u00e9ben j\u00e1tszott kiemelked\u0151 szerep\u00e9t ismerhetik meg a l\u00e1togat\u00f3k. A ki\u00e1ll\u00edt\u00e1s id. N\u00e1dasdy J\u00e1nos sz\u00fclet\u00e9s\u00e9nek 115., N\u00e1dasdy J\u00e1nosn\u00e9 Kerekes Kat\u00f3 sz\u00fclet\u00e9s\u00e9nek 110. \u00e9s a N\u00e1dasdy Filmsz\u00ednh\u00e1z&hellip;","_links":{"self":[{"href":"https:\/\/miklosimuzeum.hu\/en\/wp-json\/wp\/v2\/posts\/1217","targetHints":{"allow":["GET"]}}],"collection":[{"href":"https:\/\/miklosimuzeum.hu\/en\/wp-json\/wp\/v2\/posts"}],"about":[{"href":"https:\/\/miklosimuzeum.hu\/en\/wp-json\/wp\/v2\/types\/post"}],"author":[{"embeddable":true,"href":"https:\/\/miklosimuzeum.hu\/en\/wp-json\/wp\/v2\/users\/1"}],"replies":[{"embeddable":true,"href":"https:\/\/miklosimuzeum.hu\/en\/wp-json\/wp\/v2\/comments?post=1217"}],"version-history":[{"count":1,"href":"https:\/\/miklosimuzeum.hu\/en\/wp-json\/wp\/v2\/posts\/1217\/revisions"}],"predecessor-version":[{"id":1222,"href":"https:\/\/miklosimuzeum.hu\/en\/wp-json\/wp\/v2\/posts\/1217\/revisions\/1222"}],"wp:featuredmedia":[{"embeddable":true,"href":"https:\/\/miklosimuzeum.hu\/en\/wp-json\/wp\/v2\/media\/1221"}],"wp:attachment":[{"href":"https:\/\/miklosimuzeum.hu\/en\/wp-json\/wp\/v2\/media?parent=1217"}],"wp:term":[{"taxonomy":"category","embeddable":true,"href":"https:\/\/miklosimuzeum.hu\/en\/wp-json\/wp\/v2\/categories?post=1217"},{"taxonomy":"post_tag","embeddable":true,"href":"https:\/\/miklosimuzeum.hu\/en\/wp-json\/wp\/v2\/tags?post=1217"}],"curies":[{"name":"wp","href":"https:\/\/api.w.org\/{rel}","templated":true}]}}