{"id":1102,"date":"2022-08-31T11:45:24","date_gmt":"2022-08-31T11:45:24","guid":{"rendered":"https:\/\/miklosimuzeum.hu\/?p=1102"},"modified":"2022-10-11T14:13:15","modified_gmt":"2022-10-11T14:13:15","slug":"kardos200","status":"publish","type":"post","link":"https:\/\/miklosimuzeum.hu\/en\/2022\/08\/31\/kardos200\/","title":{"rendered":"Kardos Istv\u00e1n \u00e9lete \u00e9s kora &#8211; ki\u00e1ll\u00edt\u00e1s"},"content":{"rendered":"<div class=\"wp-block-image\">\n<figure class=\"aligncenter size-full\"><img fetchpriority=\"high\" decoding=\"async\" width=\"1201\" height=\"630\" src=\"https:\/\/miklosimuzeum.hu\/wp-content\/uploads\/2022\/08\/FB-image.jpg\" alt=\"\" class=\"wp-image-1103\"\/><\/figure>\n<\/div>\n\n\n<p>Id\u00e9n 200 \u00e9ve sz\u00fcletett Szigetszentmikl\u00f3s els\u0151 kr\u00f3nik\u00e1sa, a k\u00e1ntortan\u00edt\u00f3 Kardos Istv\u00e1n. Fordulatos \u00e9lete sor\u00e1n bar\u00e1ts\u00e1got k\u00f6t\u00f6tt nemzeti k\u00f6lt\u0151nkkel, Pet\u0151fi S\u00e1ndorral, volt nemzet\u0151rparancsnok az 1848-49-es szabads\u00e1gharc alatt, falunkban pedig gener\u00e1ci\u00f3kat tan\u00edtott az elemi ismeretek mellett a gazd\u00e1lkod\u00e1s fort\u00e9lyaira is. Napl\u00f3ja pedig az egyik legfontosabb forr\u00e1sunk Szigetszentmikl\u00f3s 19. sz\u00e1zadi t\u00f6rt\u00e9net\u00e9r\u0151l. Fedezze fel \u00d6n is Kardos Istv\u00e1n \u00e9let\u00e9t \u00e9s kor\u00e1t a Helyt\u00f6rt\u00e9neti Gy\u0171jtem\u00e9ny id\u0151szaki ki\u00e1ll\u00edt\u00e1s\u00e1n!<\/p>\n\n\n\n<p>A ki\u00e1ll\u00edt\u00e1st el\u0151sz\u00f6r a Mikl\u00f3si Mustra nev\u0171 rendezv\u00e9nyen lehet megtekinteni!<\/p>\n\n\n\n<p>Helysz\u00edn: a V\u00e1rosi K\u00f6nyvt\u00e1r \u00e9s K\u00f6z\u00f6ss\u00e9gi H\u00e1z el\u0151tti parkol\u00f3<\/p>\n\n\n\n<p>Id\u0151pont: 2022. szeptember 17. 10:00-17:00<\/p>\n\n\n\n<p>A t\u00e1rlat id\u0151szaki ki\u00e1ll\u00edt\u00e1sk\u00e9nt szeptember 19-t\u0151l okt\u00f3ber 1-ig megtekinthet\u0151 a Helyt\u00f6rt\u00e9neti Gy\u0171jtem\u00e9nyben<\/p>\n\n\n\n<p>Friss inform\u00e1ci\u00f3k a ki\u00e1ll\u00edt\u00e1s <a href=\"https:\/\/www.facebook.com\/events\/1058424654860223\" target=\"_blank\" rel=\"noopener\">Facebook-esem\u00e9ny\u00e9n\u00e9l<\/a>!<\/p>","protected":false},"excerpt":{"rendered":"<p>Id\u00e9n 200 \u00e9ve sz\u00fcletett Szigetszentmikl\u00f3s els\u0151 kr\u00f3nik\u00e1sa, a k\u00e1ntortan\u00edt\u00f3 Kardos Istv\u00e1n. Fordulatos \u00e9lete sor\u00e1n bar\u00e1ts\u00e1got k\u00f6t\u00f6tt nemzeti k\u00f6lt\u0151nkkel, Pet\u0151fi S\u00e1ndorral, volt nemzet\u0151rparancsnok az 1848-49-es szabads\u00e1gharc alatt, falunkban pedig gener\u00e1ci\u00f3kat tan\u00edtott az elemi ismeretek mellett a gazd\u00e1lkod\u00e1s fort\u00e9lyaira is. Napl\u00f3ja pedig az egyik legfontosabb forr\u00e1sunk Szigetszentmikl\u00f3s 19. sz\u00e1zadi t\u00f6rt\u00e9net\u00e9r\u0151l. Fedezze fel \u00d6n is Kardos Istv\u00e1n \u00e9let\u00e9t [&hellip;]<\/p>","protected":false},"author":1,"featured_media":1103,"comment_status":"open","ping_status":"open","sticky":false,"template":"","format":"standard","meta":{"ub_ctt_via":"","ocean_post_layout":"","ocean_both_sidebars_style":"","ocean_both_sidebars_content_width":0,"ocean_both_sidebars_sidebars_width":0,"ocean_sidebar":"0","ocean_second_sidebar":"0","ocean_disable_margins":"enable","ocean_add_body_class":"","ocean_shortcode_before_top_bar":"","ocean_shortcode_after_top_bar":"","ocean_shortcode_before_header":"","ocean_shortcode_after_header":"","ocean_has_shortcode":"","ocean_shortcode_after_title":"","ocean_shortcode_before_footer_widgets":"","ocean_shortcode_after_footer_widgets":"","ocean_shortcode_before_footer_bottom":"","ocean_shortcode_after_footer_bottom":"","ocean_display_top_bar":"default","ocean_display_header":"default","ocean_header_style":"","ocean_center_header_left_menu":"0","ocean_custom_header_template":"0","ocean_custom_logo":0,"ocean_custom_retina_logo":0,"ocean_custom_logo_max_width":0,"ocean_custom_logo_tablet_max_width":0,"ocean_custom_logo_mobile_max_width":0,"ocean_custom_logo_max_height":0,"ocean_custom_logo_tablet_max_height":0,"ocean_custom_logo_mobile_max_height":0,"ocean_header_custom_menu":"0","ocean_menu_typo_font_family":"0","ocean_menu_typo_font_subset":"","ocean_menu_typo_font_size":0,"ocean_menu_typo_font_size_tablet":0,"ocean_menu_typo_font_size_mobile":0,"ocean_menu_typo_font_size_unit":"px","ocean_menu_typo_font_weight":"","ocean_menu_typo_font_weight_tablet":"","ocean_menu_typo_font_weight_mobile":"","ocean_menu_typo_transform":"","ocean_menu_typo_transform_tablet":"","ocean_menu_typo_transform_mobile":"","ocean_menu_typo_line_height":0,"ocean_menu_typo_line_height_tablet":0,"ocean_menu_typo_line_height_mobile":0,"ocean_menu_typo_line_height_unit":"","ocean_menu_typo_spacing":0,"ocean_menu_typo_spacing_tablet":0,"ocean_menu_typo_spacing_mobile":0,"ocean_menu_typo_spacing_unit":"","ocean_menu_link_color":"","ocean_menu_link_color_hover":"","ocean_menu_link_color_active":"","ocean_menu_link_background":"","ocean_menu_link_hover_background":"","ocean_menu_link_active_background":"","ocean_menu_social_links_bg":"","ocean_menu_social_hover_links_bg":"","ocean_menu_social_links_color":"","ocean_menu_social_hover_links_color":"","ocean_disable_title":"default","ocean_disable_heading":"default","ocean_post_title":"","ocean_post_subheading":"","ocean_post_title_style":"","ocean_post_title_background_color":"","ocean_post_title_background":0,"ocean_post_title_bg_image_position":"","ocean_post_title_bg_image_attachment":"","ocean_post_title_bg_image_repeat":"","ocean_post_title_bg_image_size":"","ocean_post_title_height":0,"ocean_post_title_bg_overlay":0.5,"ocean_post_title_bg_overlay_color":"","ocean_disable_breadcrumbs":"default","ocean_breadcrumbs_color":"","ocean_breadcrumbs_separator_color":"","ocean_breadcrumbs_links_color":"","ocean_breadcrumbs_links_hover_color":"","ocean_display_footer_widgets":"default","ocean_display_footer_bottom":"default","ocean_custom_footer_template":"0","ocean_post_oembed":"","ocean_post_self_hosted_media":"","ocean_post_video_embed":"","ocean_link_format":"","ocean_link_format_target":"self","ocean_quote_format":"","ocean_quote_format_link":"post","ocean_gallery_link_images":"off","ocean_gallery_id":[],"footnotes":""},"categories":[93],"tags":[92,91,90],"class_list":["post-1102","post","type-post","status-publish","format-standard","has-post-thumbnail","hentry","category-news","tag-idoszaki-kiallitas","tag-kardos-istvan","tag-kiallitas","entry","has-media"],"featured_image_src":"https:\/\/miklosimuzeum.hu\/wp-content\/uploads\/2022\/08\/FB-image.jpg","author_info":{"display_name":"Miss N\u00e1ndor","author_link":"https:\/\/miklosimuzeum.hu\/en\/author\/admin\/"},"rttpg_featured_image_url":{"full":["https:\/\/miklosimuzeum.hu\/wp-content\/uploads\/2022\/08\/FB-image.jpg",1201,630,false],"landscape":["https:\/\/miklosimuzeum.hu\/wp-content\/uploads\/2022\/08\/FB-image.jpg",1201,630,false],"portraits":["https:\/\/miklosimuzeum.hu\/wp-content\/uploads\/2022\/08\/FB-image.jpg",1201,630,false],"thumbnail":["https:\/\/miklosimuzeum.hu\/wp-content\/uploads\/2022\/08\/FB-image-150x150.jpg",150,150,true],"medium":["https:\/\/miklosimuzeum.hu\/wp-content\/uploads\/2022\/08\/FB-image-300x157.jpg",300,157,true],"large":["https:\/\/miklosimuzeum.hu\/wp-content\/uploads\/2022\/08\/FB-image.jpg",1201,630,false],"1536x1536":["https:\/\/miklosimuzeum.hu\/wp-content\/uploads\/2022\/08\/FB-image.jpg",1201,630,false],"2048x2048":["https:\/\/miklosimuzeum.hu\/wp-content\/uploads\/2022\/08\/FB-image.jpg",1201,630,false],"trp-custom-language-flag":["https:\/\/miklosimuzeum.hu\/wp-content\/uploads\/2022\/08\/FB-image.jpg",18,9,false],"ocean-thumb-m":["https:\/\/miklosimuzeum.hu\/wp-content\/uploads\/2022\/08\/FB-image-600x600.jpg",600,600,true],"ocean-thumb-ml":["https:\/\/miklosimuzeum.hu\/wp-content\/uploads\/2022\/08\/FB-image-800x450.jpg",800,450,true],"ocean-thumb-l":["https:\/\/miklosimuzeum.hu\/wp-content\/uploads\/2022\/08\/FB-image.jpg",1200,629,false]},"rttpg_author":{"display_name":"Miss N\u00e1ndor","author_link":"https:\/\/miklosimuzeum.hu\/en\/author\/admin\/"},"rttpg_comment":0,"rttpg_category":"<a href=\"https:\/\/miklosimuzeum.hu\/en\/category\/news\/\" rel=\"category tag\">H\u00edrek<\/a>","rttpg_excerpt":"Id\u00e9n 200 \u00e9ve sz\u00fcletett Szigetszentmikl\u00f3s els\u0151 kr\u00f3nik\u00e1sa, a k\u00e1ntortan\u00edt\u00f3 Kardos Istv\u00e1n. Fordulatos \u00e9lete sor\u00e1n bar\u00e1ts\u00e1got k\u00f6t\u00f6tt nemzeti k\u00f6lt\u0151nkkel, Pet\u0151fi S\u00e1ndorral, volt nemzet\u0151rparancsnok az 1848-49-es szabads\u00e1gharc alatt, falunkban pedig gener\u00e1ci\u00f3kat tan\u00edtott az elemi ismeretek mellett a gazd\u00e1lkod\u00e1s fort\u00e9lyaira is. Napl\u00f3ja pedig az egyik legfontosabb forr\u00e1sunk Szigetszentmikl\u00f3s 19. sz\u00e1zadi t\u00f6rt\u00e9net\u00e9r\u0151l. Fedezze fel \u00d6n is Kardos Istv\u00e1n \u00e9let\u00e9t&hellip;","_links":{"self":[{"href":"https:\/\/miklosimuzeum.hu\/en\/wp-json\/wp\/v2\/posts\/1102","targetHints":{"allow":["GET"]}}],"collection":[{"href":"https:\/\/miklosimuzeum.hu\/en\/wp-json\/wp\/v2\/posts"}],"about":[{"href":"https:\/\/miklosimuzeum.hu\/en\/wp-json\/wp\/v2\/types\/post"}],"author":[{"embeddable":true,"href":"https:\/\/miklosimuzeum.hu\/en\/wp-json\/wp\/v2\/users\/1"}],"replies":[{"embeddable":true,"href":"https:\/\/miklosimuzeum.hu\/en\/wp-json\/wp\/v2\/comments?post=1102"}],"version-history":[{"count":4,"href":"https:\/\/miklosimuzeum.hu\/en\/wp-json\/wp\/v2\/posts\/1102\/revisions"}],"predecessor-version":[{"id":1123,"href":"https:\/\/miklosimuzeum.hu\/en\/wp-json\/wp\/v2\/posts\/1102\/revisions\/1123"}],"wp:featuredmedia":[{"embeddable":true,"href":"https:\/\/miklosimuzeum.hu\/en\/wp-json\/wp\/v2\/media\/1103"}],"wp:attachment":[{"href":"https:\/\/miklosimuzeum.hu\/en\/wp-json\/wp\/v2\/media?parent=1102"}],"wp:term":[{"taxonomy":"category","embeddable":true,"href":"https:\/\/miklosimuzeum.hu\/en\/wp-json\/wp\/v2\/categories?post=1102"},{"taxonomy":"post_tag","embeddable":true,"href":"https:\/\/miklosimuzeum.hu\/en\/wp-json\/wp\/v2\/tags?post=1102"}],"curies":[{"name":"wp","href":"https:\/\/api.w.org\/{rel}","templated":true}]}}