{"id":1073,"date":"2022-05-04T19:31:34","date_gmt":"2022-05-04T19:31:34","guid":{"rendered":"https:\/\/miklosimuzeum.hu\/?p=1073"},"modified":"2022-08-23T19:40:45","modified_gmt":"2022-08-23T19:40:45","slug":"a-kekto-tortenete","status":"publish","type":"post","link":"https:\/\/miklosimuzeum.hu\/en\/2022\/05\/04\/a-kekto-tortenete\/","title":{"rendered":"A K\u00e9kt\u00f3 t\u00f6rt\u00e9nete"},"content":{"rendered":"<p><strong>Imm\u00e1r 35 \u00e9ve v\u00e1rja l\u00e1togat\u00f3it a K\u00e9kt\u00f3 Szabadid\u0151park, ahol az els\u0151 nyilv\u00e1nos rendezv\u00e9ny az 1987-es maj\u00e1lis volt. Az \u00e9vfordul\u00f3 kapcs\u00e1n id\u00e9zz\u00fck fel, honnan kapta a helysz\u00edn a nev\u00e9t, \u00e9s milyen hangulata volt az els\u0151 esem\u00e9nyeknek!<\/strong><\/p>\n\n\n<div class=\"wp-block-image\">\n<figure class=\"alignleft size-full is-resized\"><a href=\"https:\/\/miklosimuzeum.hu\/wp-content\/uploads\/2022\/08\/04a.jpg\"><img fetchpriority=\"high\" decoding=\"async\" src=\"https:\/\/miklosimuzeum.hu\/wp-content\/uploads\/2022\/08\/04a.jpg\" alt=\"\" class=\"wp-image-1074\" width=\"279\" height=\"198\"\/><\/a><figcaption>Kavicsb\u00e1ny\u00e1szat ladikr\u00f3l 1927-ben<\/figcaption><\/figure>\n<\/div>\n\n\n<p>A 20. sz\u00e1zad els\u0151 negyed\u00e9ben v\u00e1s\u00e1rolta meg a mai szabaid\u0151parkn\u00e1l kicsit nagyobb ter\u00fcletet egy Pfandler Mih\u00e1ly nev\u0171 mag\u00e1nv\u00e1llalkoz\u00f3, hogy s\u00f3derb\u00e1ny\u00e1t l\u00e9tes\u00edtsen. Az akkor m\u00e9g a H\u00c9V-s\u00ednekig tart\u00f3 ter\u00fcletr\u0151l vas\u00faton sz\u00e1ll\u00edtott\u00e1k el a k\u00e9zzel, f\u00e1rads\u00e1gos munk\u00e1val kitermelt s\u00f3dert.<\/p>\n\n\n\n<p>K\u00f6r\u00fclbel\u00fcl tizen\u00f6t \u00e9vnyi b\u00e1ny\u00e1szkod\u00e1s ut\u00e1n a talajv\u00edzzel megtelt t\u00f3ban T\u00e1rnok Ferenc tulajdonos f\u00fcrd\u0151t l\u00e9tes\u00edtett, ekkor kapta nev\u00e9t is a mederben meggy\u0171lt sz\u00e9p k\u00e9k v\u00edzr\u0151l. A munka nyom\u00e1n eredetileg h\u00e1rom k\u00fcl\u00f6n\u00e1ll\u00f3 \u00e1ll\u00f3v\u00edz keletkezett, ezek k\u00f6z\u00fcl kett\u0151t betemettek, a ter\u00fclet k\u00f6r\u00e9 pedig f\u00e1kat \u00fcltettek. A mesters\u00e9ges t\u00f3 mell\u00e9 f\u00fcrd\u0151kabinokat l\u00e9tes\u00edtettek, \u00e9s betonl\u00e9pcs\u0151vel biztos\u00edtott\u00e1k a v\u00edzbe val\u00f3 k\u00f6nny\u0171 bejut\u00e1st. A t\u00f3parton egy tiroli-h\u00e1zat h\u00faztak fel, ahol vend\u00e9gl\u0151 m\u0171k\u00f6d\u00f6tt, a t\u00f3ba pedig a horg\u00e1szok legnagyobb \u00f6r\u00f6m\u00e9re halakat telep\u00edtettek.<\/p>\n\n\n<div class=\"wp-block-image\">\n<figure class=\"alignright size-full is-resized\"><a href=\"https:\/\/miklosimuzeum.hu\/wp-content\/uploads\/2022\/08\/04b.jpg\"><img decoding=\"async\" src=\"https:\/\/miklosimuzeum.hu\/wp-content\/uploads\/2022\/08\/04b.jpg\" alt=\"\" class=\"wp-image-1075\" width=\"284\" height=\"169\"\/><\/a><figcaption>A K\u00e9kt\u00f3 f\u00fcrd\u0151z\u0151kkel az 1940-es \u00e9vekben<\/figcaption><\/figure>\n<\/div>\n\n\n<p>Amikor az 1950-es \u00e9vekben elkezdt\u00e9k \u00e9p\u00edteni a lak\u00f3telepet, ben\u00e9pes\u00fclt a k\u00f6rny\u00e9k, az egyre n\u00e9pszer\u0171s\u00f6d\u0151 t\u00f3ra pedig a Csepel Aut\u00f3gy\u00e1r vezet\u0151s\u00e9ge m\u00e9g v\u00edzisz\u00ednpadot is \u00e9p\u00edtett. 1964-ben a falu 700. \u00e9vfordul\u00f3s \u00fcnneps\u00e9geit is itt tartott\u00e1k m\u00e1jus 1-j\u00e9n. A Jegenye utc\u00e1ban az \u00e9p\u00fcl\u0151 lak\u00f3telep gyermekei sz\u00e1m\u00e1ra sz\u00fcks\u00e9giskol\u00e1t \u00e9p\u00edtettek, melyb\u0151l a v\u00e9gleges iskola elk\u00e9sz\u00fclt\u00e9vel h\u00e1rom termet az \u00fajonnan indul\u00f3 Helyt\u00f6rt\u00e9neti Gy\u0171jtem\u00e9ny kapott meg 1966. m\u00e1jus 1-j\u00e9n.<\/p>\n\n\n\n<p>A K\u00f6zs\u00e9gi Tan\u00e1cs d\u00f6nt\u00e9s\u00e9re a Csepel Aut\u00f3gy\u00e1rban b\u0151v\u00fcl\u0151 kikapcsol\u00f3d\u00e1si lehet\u0151s\u00e9gek miatt 1967-ben egy h\u00e9t alatt betemett\u00e9k a tavat. A t\u00f3 elt\u0171n\u00e9s\u00e9vel megsz\u0171nt a kikapcsol\u00f3d\u00e1s lehet\u0151s\u00e9ge, \u00e9s k\u00e9t \u00e9vtizedre a hat holdas ter\u00fclet parlagon maradt\u2026<\/p>\n\n\n<div class=\"wp-block-image\">\n<figure class=\"alignleft size-full is-resized\"><a href=\"https:\/\/miklosimuzeum.hu\/wp-content\/uploads\/2022\/08\/04c.jpg\"><img decoding=\"async\" src=\"https:\/\/miklosimuzeum.hu\/wp-content\/uploads\/2022\/08\/04c.jpg\" alt=\"\" class=\"wp-image-1076\" width=\"254\" height=\"166\"\/><\/a><figcaption>Temetik a tavat 1967-ben<\/figcaption><\/figure>\n<\/div>\n\n\n<p>Szigetszentmikl\u00f3s 1986-ban kapott v\u00e1rosi rangot \u2013 ezzel egy\u00fctt fokozatosan l\u00e9tre kellett hozni azokat az l\u00e9tes\u00edtm\u00e9nyeket, amelyekre egy v\u00e1rosnak sz\u00fcks\u00e9ge van. Szigetszentmikl\u00f3son ekkor m\u00e9g nem volt olyan m\u0171vel\u0151d\u00e9si int\u00e9zm\u00e9ny, ahol sz\u00ednpadhoz k\u00f6t\u00f6tt kultur\u00e1lis programokat lehetett volna tartani \u2013 sz\u00fcks\u00e9g volt teh\u00e1t egy helyre, ahol legal\u00e1bbis szabadt\u00e9ri rendezv\u00e9nyeket lehet szervezni. Kap\u00f3ra j\u00f6tt az \u00e9vtizedek \u00f3ta betemetett, szem\u00e9ttel elhalmozott K\u00e9kt\u00f3 ter\u00fclete.<\/p>\n\n\n\n<p>Az akkori KISZ-titk\u00e1r ir\u00e1ny\u00edt\u00e1s\u00e1val helyi fiatalok t\u00e1rsadalmi munk\u00e1ban takar\u00edtott\u00e1k ki a K\u00e9kt\u00f3t. T\u00f6bb mint sz\u00e1z teheraut\u00f3nyi szemetet, sittet sz\u00e1ll\u00edtottak el. Felszabadult a r\u00e9gen volt t\u00f3 medre, \u00e9s kialakult a ma is j\u00f3l ismert tekn\u0151 \u2013 akkor m\u00e9g a sz\u00ednpad \u00e9s az ikonikus sziluett n\u00e9lk\u00fcl.<\/p>\n\n\n<div class=\"wp-block-image\">\n<figure class=\"alignright size-full is-resized\"><a href=\"https:\/\/miklosimuzeum.hu\/wp-content\/uploads\/2022\/08\/04d.jpg\"><img loading=\"lazy\" decoding=\"async\" src=\"https:\/\/miklosimuzeum.hu\/wp-content\/uploads\/2022\/08\/04d.jpg\" alt=\"\" class=\"wp-image-1077\" width=\"313\" height=\"209\"\/><\/a><figcaption>Az 1988-as maj\u00e1lis programja a j\u00f3l ismert sz\u00ednpadon<\/figcaption><\/figure>\n<\/div>\n\n\n<p>A ter\u00fclet adotts\u00e1gait kihaszn\u00e1l\u00f3 els\u0151 rendezv\u00e9ny harminc \u00e9vvel ezel\u0151tt, 1987-ben a maj\u00e1lis volt. A sz\u00ednpadon neves el\u0151ad\u00f3k v\u00e1ltott\u00e1k egym\u00e1st, mint p\u00e9ld\u00e1ul a Mikroszk\u00f3p Sz\u00ednpad tagjai, vagy az akkoriban j\u00f3l ismert Kem\u00e9ny Henrik b\u00e1bj\u00e1t\u00e9ka, de a fell\u00e9p\u0151k k\u00f6z\u00f6tt ott volt p\u00e9ld\u00e1ul a Sz\u00e1z Folk Celsius. Korszer\u0171 technika hi\u00e1ny\u00e1ban a hangos\u00edt\u00e1st a P. Mobil Kultur\u00e1lis Kissz\u00f6vetkezet biztos\u00edtotta Schuster L\u00f3r\u00e1nt vez\u00e9nylet\u00e9vel egy teheraut\u00f3r\u00f3l. Ek\u00f6zben a fennmarad\u00f3 hatalmas ter\u00fcleten sportversenyek zajlottak: sakkszimult\u00e1n, karate, birk\u00f3z\u00e1s \u00e9s term\u00e9szetesen foci.<\/p>\n\n\n\n<p>A recept bev\u00e1lt, \u00e9s a k\u00f6vetkez\u0151 \u00e9vekben is \u00fajra \u00e9s \u00fajra megrendez\u00e9sre ker\u00fclt a n\u00e9pszer\u0171 maj\u00e1lis, a rendszerv\u00e1lt\u00e1s ut\u00e1n m\u00e1r politikai besz\u00e9dek n\u00e9lk\u00fcl. Az \u00e9vek alatt fokozatosan kialakult a ma is m\u0171k\u00f6d\u0151 m\u0171sorrend: a sportol\u00f3k \u00e9s a gyerekfoglalkoz\u00e1sok d\u00e9lel\u0151tt, a Zeneiskola f\u00fav\u00f3szenekara, a mozg\u00e1sos-t\u00e1ncos, gyerekeknek sz\u00f3l\u00f3 sz\u00ednpadi program d\u00e9lut\u00e1n, k\u00e9s\u0151 d\u00e9lut\u00e1nt\u00f3l kora estig pedig a szt\u00e1rfell\u00e9p\u0151k m\u0171sorai sz\u00f3rakoztatj\u00e1k a l\u00e1togat\u00f3kat. K\u00f6zben az egyre jobban szaporod\u00f3 egyes\u00fcletek, civil szervezetek is megjelentek s\u00e1traikkal, saj\u00e1t programjaikkal, valamint \u00f6n\u00e1ll\u00f3 programjaikkal a p\u00e1rtok is k\u00e9pviseltett\u00e9k magukat.<\/p>","protected":false},"excerpt":{"rendered":"<p>Imm\u00e1r 35 \u00e9ve v\u00e1rja l\u00e1togat\u00f3it a K\u00e9kt\u00f3 Szabadid\u0151park, ahol az els\u0151 nyilv\u00e1nos rendezv\u00e9ny az 1987-es maj\u00e1lis volt. Az \u00e9vfordul\u00f3 kapcs\u00e1n id\u00e9zz\u00fck fel, honnan kapta a helysz\u00edn a nev\u00e9t, \u00e9s milyen hangulata volt az els\u0151 esem\u00e9nyeknek! A 20. sz\u00e1zad els\u0151 negyed\u00e9ben v\u00e1s\u00e1rolta meg a mai szabaid\u0151parkn\u00e1l kicsit nagyobb ter\u00fcletet egy Pfandler Mih\u00e1ly nev\u0171 mag\u00e1nv\u00e1llalkoz\u00f3, hogy s\u00f3derb\u00e1ny\u00e1t [&hellip;]<\/p>","protected":false},"author":1,"featured_media":1075,"comment_status":"open","ping_status":"open","sticky":false,"template":"","format":"standard","meta":{"ub_ctt_via":"","ocean_post_layout":"","ocean_both_sidebars_style":"","ocean_both_sidebars_content_width":0,"ocean_both_sidebars_sidebars_width":0,"ocean_sidebar":"0","ocean_second_sidebar":"0","ocean_disable_margins":"enable","ocean_add_body_class":"","ocean_shortcode_before_top_bar":"","ocean_shortcode_after_top_bar":"","ocean_shortcode_before_header":"","ocean_shortcode_after_header":"","ocean_has_shortcode":"","ocean_shortcode_after_title":"","ocean_shortcode_before_footer_widgets":"","ocean_shortcode_after_footer_widgets":"","ocean_shortcode_before_footer_bottom":"","ocean_shortcode_after_footer_bottom":"","ocean_display_top_bar":"default","ocean_display_header":"default","ocean_header_style":"","ocean_center_header_left_menu":"0","ocean_custom_header_template":"0","ocean_custom_logo":0,"ocean_custom_retina_logo":0,"ocean_custom_logo_max_width":0,"ocean_custom_logo_tablet_max_width":0,"ocean_custom_logo_mobile_max_width":0,"ocean_custom_logo_max_height":0,"ocean_custom_logo_tablet_max_height":0,"ocean_custom_logo_mobile_max_height":0,"ocean_header_custom_menu":"0","ocean_menu_typo_font_family":"0","ocean_menu_typo_font_subset":"","ocean_menu_typo_font_size":0,"ocean_menu_typo_font_size_tablet":0,"ocean_menu_typo_font_size_mobile":0,"ocean_menu_typo_font_size_unit":"px","ocean_menu_typo_font_weight":"","ocean_menu_typo_font_weight_tablet":"","ocean_menu_typo_font_weight_mobile":"","ocean_menu_typo_transform":"","ocean_menu_typo_transform_tablet":"","ocean_menu_typo_transform_mobile":"","ocean_menu_typo_line_height":0,"ocean_menu_typo_line_height_tablet":0,"ocean_menu_typo_line_height_mobile":0,"ocean_menu_typo_line_height_unit":"","ocean_menu_typo_spacing":0,"ocean_menu_typo_spacing_tablet":0,"ocean_menu_typo_spacing_mobile":0,"ocean_menu_typo_spacing_unit":"","ocean_menu_link_color":"","ocean_menu_link_color_hover":"","ocean_menu_link_color_active":"","ocean_menu_link_background":"","ocean_menu_link_hover_background":"","ocean_menu_link_active_background":"","ocean_menu_social_links_bg":"","ocean_menu_social_hover_links_bg":"","ocean_menu_social_links_color":"","ocean_menu_social_hover_links_color":"","ocean_disable_title":"default","ocean_disable_heading":"default","ocean_post_title":"","ocean_post_subheading":"","ocean_post_title_style":"","ocean_post_title_background_color":"","ocean_post_title_background":0,"ocean_post_title_bg_image_position":"","ocean_post_title_bg_image_attachment":"","ocean_post_title_bg_image_repeat":"","ocean_post_title_bg_image_size":"","ocean_post_title_height":0,"ocean_post_title_bg_overlay":0.5,"ocean_post_title_bg_overlay_color":"","ocean_disable_breadcrumbs":"default","ocean_breadcrumbs_color":"","ocean_breadcrumbs_separator_color":"","ocean_breadcrumbs_links_color":"","ocean_breadcrumbs_links_hover_color":"","ocean_display_footer_widgets":"default","ocean_display_footer_bottom":"default","ocean_custom_footer_template":"0","ocean_post_oembed":"","ocean_post_self_hosted_media":"","ocean_post_video_embed":"","ocean_link_format":"","ocean_link_format_target":"self","ocean_quote_format":"","ocean_quote_format_link":"post","ocean_gallery_link_images":"off","ocean_gallery_id":[],"footnotes":""},"categories":[11],"tags":[89,70],"class_list":["post-1073","post","type-post","status-publish","format-standard","has-post-thumbnail","hentry","category-blog","tag-kekto","tag-kozmuvelodes","entry","has-media"],"featured_image_src":"https:\/\/miklosimuzeum.hu\/wp-content\/uploads\/2022\/08\/04b.jpg","author_info":{"display_name":"Miss N\u00e1ndor","author_link":"https:\/\/miklosimuzeum.hu\/en\/author\/admin\/"},"rttpg_featured_image_url":{"full":["https:\/\/miklosimuzeum.hu\/wp-content\/uploads\/2022\/08\/04b.jpg",1200,716,false],"landscape":["https:\/\/miklosimuzeum.hu\/wp-content\/uploads\/2022\/08\/04b.jpg",1200,716,false],"portraits":["https:\/\/miklosimuzeum.hu\/wp-content\/uploads\/2022\/08\/04b.jpg",1200,716,false],"thumbnail":["https:\/\/miklosimuzeum.hu\/wp-content\/uploads\/2022\/08\/04b-150x150.jpg",150,150,true],"medium":["https:\/\/miklosimuzeum.hu\/wp-content\/uploads\/2022\/08\/04b-300x179.jpg",300,179,true],"large":["https:\/\/miklosimuzeum.hu\/wp-content\/uploads\/2022\/08\/04b.jpg",1200,716,false],"1536x1536":["https:\/\/miklosimuzeum.hu\/wp-content\/uploads\/2022\/08\/04b.jpg",1200,716,false],"2048x2048":["https:\/\/miklosimuzeum.hu\/wp-content\/uploads\/2022\/08\/04b.jpg",1200,716,false],"trp-custom-language-flag":["https:\/\/miklosimuzeum.hu\/wp-content\/uploads\/2022\/08\/04b.jpg",18,12,false],"ocean-thumb-m":["https:\/\/miklosimuzeum.hu\/wp-content\/uploads\/2022\/08\/04b-600x600.jpg",600,600,true],"ocean-thumb-ml":["https:\/\/miklosimuzeum.hu\/wp-content\/uploads\/2022\/08\/04b-800x450.jpg",800,450,true],"ocean-thumb-l":["https:\/\/miklosimuzeum.hu\/wp-content\/uploads\/2022\/08\/04b-1200x700.jpg",1200,700,true]},"rttpg_author":{"display_name":"Miss N\u00e1ndor","author_link":"https:\/\/miklosimuzeum.hu\/en\/author\/admin\/"},"rttpg_comment":0,"rttpg_category":"<a href=\"https:\/\/miklosimuzeum.hu\/en\/category\/blog\/\" rel=\"category tag\">Blog<\/a>","rttpg_excerpt":"Imm\u00e1r 35 \u00e9ve v\u00e1rja l\u00e1togat\u00f3it a K\u00e9kt\u00f3 Szabadid\u0151park, ahol az els\u0151 nyilv\u00e1nos rendezv\u00e9ny az 1987-es maj\u00e1lis volt. Az \u00e9vfordul\u00f3 kapcs\u00e1n id\u00e9zz\u00fck fel, honnan kapta a helysz\u00edn a nev\u00e9t, \u00e9s milyen hangulata volt az els\u0151 esem\u00e9nyeknek! A 20. sz\u00e1zad els\u0151 negyed\u00e9ben v\u00e1s\u00e1rolta meg a mai szabaid\u0151parkn\u00e1l kicsit nagyobb ter\u00fcletet egy Pfandler Mih\u00e1ly nev\u0171 mag\u00e1nv\u00e1llalkoz\u00f3, hogy s\u00f3derb\u00e1ny\u00e1t&hellip;","_links":{"self":[{"href":"https:\/\/miklosimuzeum.hu\/en\/wp-json\/wp\/v2\/posts\/1073","targetHints":{"allow":["GET"]}}],"collection":[{"href":"https:\/\/miklosimuzeum.hu\/en\/wp-json\/wp\/v2\/posts"}],"about":[{"href":"https:\/\/miklosimuzeum.hu\/en\/wp-json\/wp\/v2\/types\/post"}],"author":[{"embeddable":true,"href":"https:\/\/miklosimuzeum.hu\/en\/wp-json\/wp\/v2\/users\/1"}],"replies":[{"embeddable":true,"href":"https:\/\/miklosimuzeum.hu\/en\/wp-json\/wp\/v2\/comments?post=1073"}],"version-history":[{"count":1,"href":"https:\/\/miklosimuzeum.hu\/en\/wp-json\/wp\/v2\/posts\/1073\/revisions"}],"predecessor-version":[{"id":1078,"href":"https:\/\/miklosimuzeum.hu\/en\/wp-json\/wp\/v2\/posts\/1073\/revisions\/1078"}],"wp:featuredmedia":[{"embeddable":true,"href":"https:\/\/miklosimuzeum.hu\/en\/wp-json\/wp\/v2\/media\/1075"}],"wp:attachment":[{"href":"https:\/\/miklosimuzeum.hu\/en\/wp-json\/wp\/v2\/media?parent=1073"}],"wp:term":[{"taxonomy":"category","embeddable":true,"href":"https:\/\/miklosimuzeum.hu\/en\/wp-json\/wp\/v2\/categories?post=1073"},{"taxonomy":"post_tag","embeddable":true,"href":"https:\/\/miklosimuzeum.hu\/en\/wp-json\/wp\/v2\/tags?post=1073"}],"curies":[{"name":"wp","href":"https:\/\/api.w.org\/{rel}","templated":true}]}}