{"id":1069,"date":"2022-05-01T19:28:26","date_gmt":"2022-05-01T19:28:26","guid":{"rendered":"https:\/\/miklosimuzeum.hu\/?p=1069"},"modified":"2022-08-23T19:40:26","modified_gmt":"2022-08-23T19:40:26","slug":"majalis-egykor-es-ma","status":"publish","type":"post","link":"https:\/\/miklosimuzeum.hu\/en\/2022\/05\/01\/majalis-egykor-es-ma\/","title":{"rendered":"Maj\u00e1lis egykor \u00e9s ma"},"content":{"rendered":"<div class=\"wp-block-image\">\n<figure class=\"alignleft size-full is-resized\"><a href=\"https:\/\/miklosimuzeum.hu\/wp-content\/uploads\/2022\/08\/29-1.jpg\"><img fetchpriority=\"high\" decoding=\"async\" src=\"https:\/\/miklosimuzeum.hu\/wp-content\/uploads\/2022\/08\/29-1.jpg\" alt=\"\" class=\"wp-image-1070\" width=\"229\" height=\"349\"\/><\/a><figcaption>M\u00e1jusfa \u00e1ll\u00edt\u00e1s 1992-ben a K\u00e9kt\u00f3n<\/figcaption><\/figure>\n<\/div>\n\n\n<p>A maj\u00e1lis k\u00e9t arca. M\u00e1jus 1. a munka \u00fcnnepek\u00e9nt szerepel a hivatalos napt\u00e1rakban, \u00e1m az \u00fcnnepnek van egy egyh\u00e1zi gy\u00f6kere is.<\/p>\n\n\n\n<p>Az \u00fcnnep eredete a N\u00e9prajzi Lexikon szerint val\u00f3sz\u00edn\u0171leg Szent F\u00fcl\u00f6p \u00e9s Szent Jakab apostol v\u00e9rtan\u00fahal\u00e1l\u00e1hoz k\u00f6thet\u0151, haz\u00e1nkban a legt\u00f6bb helyen ez\u00e9rt \u00e1ll\u00edtj\u00e1k a m\u00e1jusf\u00e1t a k\u00e9t szent napj\u00e1n, m\u00e1jus 1-j\u00e9n. Szigetszentmikl\u00f3s reform\u00e1tus falu l\u00e9v\u00e9n nem tartotta a szentek napj\u00e1t, de m\u00e1jusf\u00e1t itt is \u00e1ll\u00edtottak a leg\u00e9nyek.<\/p>\n\n\n\n<p>\u00c1ltal\u00e1ban a f\u00e1t a komoly udvarl\u00f3, vagy a v\u0151leg\u00e9nyjel\u00f6lt \u00e1ll\u00edtotta fel, bar\u00e1tai seg\u00edts\u00e9g\u00e9vel. Hat-h\u00e9t cimbora is seg\u00e9dkezett a munk\u00e1ban, amelyet az \u00e9j s\u00f6t\u00e9tj\u00e9ben, este 11 \u00f3rakor kezdtek. \u00dagy kellett dolgozni, hogy a gazda ne \u00e9bredjen fel. A m\u00e1jusf\u00e1ra sz\u00ednes szalagok ker\u00fcltek, \u00fcvegben bort tettek a d\u00edsz\u00edtett f\u00e1ra. A f\u00e1nak egy eg\u00e9sz h\u00f3napig kellett \u00e1llnia a l\u00e1nyosh\u00e1z udvar\u00e1n. Ha a gazda rajtakapta az \u00e9jjel t\u00e9nyked\u0151 leg\u00e9nyeket, rendszerint megvend\u00e9gelte \u0151ket. A m\u00e1jusfa kb. egy h\u00f3napig, p\u00fcnk\u00f6sd napj\u00e1ig \u00e1llt.<\/p>\n\n\n<div class=\"wp-block-image\">\n<figure class=\"alignright size-full is-resized\"><a href=\"https:\/\/miklosimuzeum.hu\/wp-content\/uploads\/2022\/08\/30-2.jpg\"><img decoding=\"async\" src=\"https:\/\/miklosimuzeum.hu\/wp-content\/uploads\/2022\/08\/30-2.jpg\" alt=\"\" class=\"wp-image-1071\" width=\"297\" height=\"198\"\/><\/a><figcaption>M\u00e1jus 1-jei felvonul\u00e1s a falu k\u00f6zpontj\u00e1ban 1967-ben<\/figcaption><\/figure>\n<\/div>\n\n\n<p>Az orsz\u00e1g sok ter\u00fclet\u00e9n k\u00f6t\u0151d\u00f6tt a m\u00e1jusf\u00e1hoz egy \u00fcgyess\u00e9gi verseny. A p\u00fcnk\u00f6sdikir\u00e1lyt t\u00f6bb helyen \u00fagy v\u00e1lasztott\u00e1k, hogy a m\u00e1jusfa tetej\u00e9re r\u00f6gz\u00edtett boros\u00fcveget vagy bokr\u00e9t\u00e1t kellett megszerezni a m\u00e1jusfa tetej\u00e9r\u0151l \u2013 akinek ez el\u0151bb siker\u00fclt, \u0151 lett a p\u00fcnk\u00f6sdikir\u00e1ly.<\/p>\n\n\n\n<p>1890 \u00f3ta l\u00e9tezik a munka \u00fcnnepe, mellyel tulajdonk\u00e9ppen a nyolc\u00f3r\u00e1s munkanap bevezet\u00e9s\u00e9t \u00fcnnepelj\u00fck. 1886. m\u00e1jus 1-j\u00e9n Chicag\u00f3ban komoly t\u00fcntet\u00e9sek kezd\u0151dtek a nyolc\u00f3r\u00e1s munkanap\u00e9rt, mely fegyveres zavarg\u00e1sba torkollott, a rend\u0151r\u00f6k sort\u00fczet nyitottak a t\u00fcntet\u0151kre, aminek k\u00f6vetkezt\u00e9ben nyolc munk\u00e1s \u00e9let\u00e9t vesztette. Ennek az esem\u00e9nynek az eml\u00e9k\u00e9re 1889-ben a II. Internacion\u00e1l\u00e9 meghirdette, hogy a szakszervezetek k\u00f6z\u00f6sen \u00e9s vil\u00e1gszerte szervezzenek felvonul\u00e1sokat a nyolc\u00f3r\u00e1s munkanap bevezet\u00e9s\u00e9\u00e9rt. Magyarorsz\u00e1gon az els\u0151 m\u00e1jusi felvonul\u00e1st 1890. m\u00e1jus 1-j\u00e9n rendezt\u00e9k.<\/p>\n\n\n\n<p>A szocialista orsz\u00e1gokban k\u00f6telez\u0151v\u00e9 v\u00e1lt ilyenkor a munk\u00e1sfelvonul\u00e1s, \u00e9s m\u00e1jus els\u0151 napja \u00edgy \u00f6sszefort az ingyen s\u00f6rrel \u00e9s virslivel\u2026<\/p>\n\n\n\n<p>A sz\u00f6veg forr\u00e1sa: N\u00e9prajzi Lexikon, valamint V\u00f6\u0151 Imre cikke a m\u00e1jusf\u00e1r\u00f3l a F\u00e9nysz\u00f3r\u00f3 has\u00e1bjair\u00f3l.<\/p>","protected":false},"excerpt":{"rendered":"<p>A maj\u00e1lis k\u00e9t arca. M\u00e1jus 1. a munka \u00fcnnepek\u00e9nt szerepel a hivatalos napt\u00e1rakban, \u00e1m az \u00fcnnepnek van egy egyh\u00e1zi gy\u00f6kere is. Az \u00fcnnep eredete a N\u00e9prajzi Lexikon szerint val\u00f3sz\u00edn\u0171leg Szent F\u00fcl\u00f6p \u00e9s Szent Jakab apostol v\u00e9rtan\u00fahal\u00e1l\u00e1hoz k\u00f6thet\u0151, haz\u00e1nkban a legt\u00f6bb helyen ez\u00e9rt \u00e1ll\u00edtj\u00e1k a m\u00e1jusf\u00e1t a k\u00e9t szent napj\u00e1n, m\u00e1jus 1-j\u00e9n. Szigetszentmikl\u00f3s reform\u00e1tus falu l\u00e9v\u00e9n [&hellip;]<\/p>","protected":false},"author":1,"featured_media":1071,"comment_status":"open","ping_status":"open","sticky":false,"template":"","format":"standard","meta":{"ub_ctt_via":"","ocean_post_layout":"","ocean_both_sidebars_style":"","ocean_both_sidebars_content_width":0,"ocean_both_sidebars_sidebars_width":0,"ocean_sidebar":"0","ocean_second_sidebar":"0","ocean_disable_margins":"enable","ocean_add_body_class":"","ocean_shortcode_before_top_bar":"","ocean_shortcode_after_top_bar":"","ocean_shortcode_before_header":"","ocean_shortcode_after_header":"","ocean_has_shortcode":"","ocean_shortcode_after_title":"","ocean_shortcode_before_footer_widgets":"","ocean_shortcode_after_footer_widgets":"","ocean_shortcode_before_footer_bottom":"","ocean_shortcode_after_footer_bottom":"","ocean_display_top_bar":"default","ocean_display_header":"default","ocean_header_style":"","ocean_center_header_left_menu":"0","ocean_custom_header_template":"0","ocean_custom_logo":0,"ocean_custom_retina_logo":0,"ocean_custom_logo_max_width":0,"ocean_custom_logo_tablet_max_width":0,"ocean_custom_logo_mobile_max_width":0,"ocean_custom_logo_max_height":0,"ocean_custom_logo_tablet_max_height":0,"ocean_custom_logo_mobile_max_height":0,"ocean_header_custom_menu":"0","ocean_menu_typo_font_family":"0","ocean_menu_typo_font_subset":"","ocean_menu_typo_font_size":0,"ocean_menu_typo_font_size_tablet":0,"ocean_menu_typo_font_size_mobile":0,"ocean_menu_typo_font_size_unit":"px","ocean_menu_typo_font_weight":"","ocean_menu_typo_font_weight_tablet":"","ocean_menu_typo_font_weight_mobile":"","ocean_menu_typo_transform":"","ocean_menu_typo_transform_tablet":"","ocean_menu_typo_transform_mobile":"","ocean_menu_typo_line_height":0,"ocean_menu_typo_line_height_tablet":0,"ocean_menu_typo_line_height_mobile":0,"ocean_menu_typo_line_height_unit":"","ocean_menu_typo_spacing":0,"ocean_menu_typo_spacing_tablet":0,"ocean_menu_typo_spacing_mobile":0,"ocean_menu_typo_spacing_unit":"","ocean_menu_link_color":"","ocean_menu_link_color_hover":"","ocean_menu_link_color_active":"","ocean_menu_link_background":"","ocean_menu_link_hover_background":"","ocean_menu_link_active_background":"","ocean_menu_social_links_bg":"","ocean_menu_social_hover_links_bg":"","ocean_menu_social_links_color":"","ocean_menu_social_hover_links_color":"","ocean_disable_title":"default","ocean_disable_heading":"default","ocean_post_title":"","ocean_post_subheading":"","ocean_post_title_style":"","ocean_post_title_background_color":"","ocean_post_title_background":0,"ocean_post_title_bg_image_position":"","ocean_post_title_bg_image_attachment":"","ocean_post_title_bg_image_repeat":"","ocean_post_title_bg_image_size":"","ocean_post_title_height":0,"ocean_post_title_bg_overlay":0.5,"ocean_post_title_bg_overlay_color":"","ocean_disable_breadcrumbs":"default","ocean_breadcrumbs_color":"","ocean_breadcrumbs_separator_color":"","ocean_breadcrumbs_links_color":"","ocean_breadcrumbs_links_hover_color":"","ocean_display_footer_widgets":"default","ocean_display_footer_bottom":"default","ocean_custom_footer_template":"0","ocean_post_oembed":"","ocean_post_self_hosted_media":"","ocean_post_video_embed":"","ocean_link_format":"","ocean_link_format_target":"self","ocean_quote_format":"","ocean_quote_format_link":"post","ocean_gallery_link_images":"off","ocean_gallery_id":[],"footnotes":""},"categories":[11],"tags":[22,19,12],"class_list":["post-1069","post","type-post","status-publish","format-standard","has-post-thumbnail","hentry","category-blog","tag-evfordulo","tag-neprajz","tag-voo-imre","entry","has-media"],"featured_image_src":"https:\/\/miklosimuzeum.hu\/wp-content\/uploads\/2022\/08\/30-2.jpg","author_info":{"display_name":"Miss N\u00e1ndor","author_link":"https:\/\/miklosimuzeum.hu\/en\/author\/admin\/"},"rttpg_featured_image_url":{"full":["https:\/\/miklosimuzeum.hu\/wp-content\/uploads\/2022\/08\/30-2.jpg",1200,800,false],"landscape":["https:\/\/miklosimuzeum.hu\/wp-content\/uploads\/2022\/08\/30-2.jpg",1200,800,false],"portraits":["https:\/\/miklosimuzeum.hu\/wp-content\/uploads\/2022\/08\/30-2.jpg",1200,800,false],"thumbnail":["https:\/\/miklosimuzeum.hu\/wp-content\/uploads\/2022\/08\/30-2-150x150.jpg",150,150,true],"medium":["https:\/\/miklosimuzeum.hu\/wp-content\/uploads\/2022\/08\/30-2-300x200.jpg",300,200,true],"large":["https:\/\/miklosimuzeum.hu\/wp-content\/uploads\/2022\/08\/30-2.jpg",1200,800,false],"1536x1536":["https:\/\/miklosimuzeum.hu\/wp-content\/uploads\/2022\/08\/30-2.jpg",1200,800,false],"2048x2048":["https:\/\/miklosimuzeum.hu\/wp-content\/uploads\/2022\/08\/30-2.jpg",1200,800,false],"trp-custom-language-flag":["https:\/\/miklosimuzeum.hu\/wp-content\/uploads\/2022\/08\/30-2.jpg",18,12,false],"ocean-thumb-m":["https:\/\/miklosimuzeum.hu\/wp-content\/uploads\/2022\/08\/30-2-600x600.jpg",600,600,true],"ocean-thumb-ml":["https:\/\/miklosimuzeum.hu\/wp-content\/uploads\/2022\/08\/30-2-800x450.jpg",800,450,true],"ocean-thumb-l":["https:\/\/miklosimuzeum.hu\/wp-content\/uploads\/2022\/08\/30-2-1200x700.jpg",1200,700,true]},"rttpg_author":{"display_name":"Miss N\u00e1ndor","author_link":"https:\/\/miklosimuzeum.hu\/en\/author\/admin\/"},"rttpg_comment":0,"rttpg_category":"<a href=\"https:\/\/miklosimuzeum.hu\/en\/category\/blog\/\" rel=\"category tag\">Blog<\/a>","rttpg_excerpt":"A maj\u00e1lis k\u00e9t arca. M\u00e1jus 1. a munka \u00fcnnepek\u00e9nt szerepel a hivatalos napt\u00e1rakban, \u00e1m az \u00fcnnepnek van egy egyh\u00e1zi gy\u00f6kere is. Az \u00fcnnep eredete a N\u00e9prajzi Lexikon szerint val\u00f3sz\u00edn\u0171leg Szent F\u00fcl\u00f6p \u00e9s Szent Jakab apostol v\u00e9rtan\u00fahal\u00e1l\u00e1hoz k\u00f6thet\u0151, haz\u00e1nkban a legt\u00f6bb helyen ez\u00e9rt \u00e1ll\u00edtj\u00e1k a m\u00e1jusf\u00e1t a k\u00e9t szent napj\u00e1n, m\u00e1jus 1-j\u00e9n. Szigetszentmikl\u00f3s reform\u00e1tus falu l\u00e9v\u00e9n&hellip;","_links":{"self":[{"href":"https:\/\/miklosimuzeum.hu\/en\/wp-json\/wp\/v2\/posts\/1069","targetHints":{"allow":["GET"]}}],"collection":[{"href":"https:\/\/miklosimuzeum.hu\/en\/wp-json\/wp\/v2\/posts"}],"about":[{"href":"https:\/\/miklosimuzeum.hu\/en\/wp-json\/wp\/v2\/types\/post"}],"author":[{"embeddable":true,"href":"https:\/\/miklosimuzeum.hu\/en\/wp-json\/wp\/v2\/users\/1"}],"replies":[{"embeddable":true,"href":"https:\/\/miklosimuzeum.hu\/en\/wp-json\/wp\/v2\/comments?post=1069"}],"version-history":[{"count":1,"href":"https:\/\/miklosimuzeum.hu\/en\/wp-json\/wp\/v2\/posts\/1069\/revisions"}],"predecessor-version":[{"id":1072,"href":"https:\/\/miklosimuzeum.hu\/en\/wp-json\/wp\/v2\/posts\/1069\/revisions\/1072"}],"wp:featuredmedia":[{"embeddable":true,"href":"https:\/\/miklosimuzeum.hu\/en\/wp-json\/wp\/v2\/media\/1071"}],"wp:attachment":[{"href":"https:\/\/miklosimuzeum.hu\/en\/wp-json\/wp\/v2\/media?parent=1069"}],"wp:term":[{"taxonomy":"category","embeddable":true,"href":"https:\/\/miklosimuzeum.hu\/en\/wp-json\/wp\/v2\/categories?post=1069"},{"taxonomy":"post_tag","embeddable":true,"href":"https:\/\/miklosimuzeum.hu\/en\/wp-json\/wp\/v2\/tags?post=1069"}],"curies":[{"name":"wp","href":"https:\/\/api.w.org\/{rel}","templated":true}]}}