{"id":1017,"date":"2022-02-26T19:05:34","date_gmt":"2022-02-26T19:05:34","guid":{"rendered":"https:\/\/miklosimuzeum.hu\/?p=1017"},"modified":"2022-08-23T19:37:51","modified_gmt":"2022-08-23T19:37:51","slug":"csiba-jolan-emlekere","status":"publish","type":"post","link":"https:\/\/miklosimuzeum.hu\/en\/2022\/02\/26\/csiba-jolan-emlekere\/","title":{"rendered":"Csiba Jol\u00e1n eml\u00e9k\u00e9re"},"content":{"rendered":"<div class=\"wp-block-image\">\n<figure class=\"alignleft size-full is-resized\"><a href=\"https:\/\/miklosimuzeum.hu\/wp-content\/uploads\/2022\/08\/26-1.jpg\"><img fetchpriority=\"high\" decoding=\"async\" src=\"https:\/\/miklosimuzeum.hu\/wp-content\/uploads\/2022\/08\/26-1.jpg\" alt=\"\" class=\"wp-image-1018\" width=\"198\" height=\"283\"\/><\/a><\/figure>\n<\/div>\n\n\n<p>31 \u00e9ve, 1991. febru\u00e1r 26-\u00e1n hunyt el Csiba Jol\u00e1n tan\u00e1rn\u0151, az els\u0151 falum\u00fazeum l\u00e9trehoz\u00f3ja, a Honismereti Szakk\u00f6r alap\u00edt\u00f3ja.<\/p>\n\n\n\n<p>1920-ban sz\u00fcletett a Csall\u00f3k\u00f6zben, 1947-ben n\u00e9piskolai tan\u00edt\u00f3k\u00e9nt ker\u00fclt Szigetszentmikl\u00f3sra. Magyartan\u00e1ri diplom\u00e1t szerzett, \u00e9s eg\u00e9szen 1976-ig tan\u00edtott a faluban. K\u00f6zben szenved\u00e9llyel kutatta a falu t\u00f6rt\u00e9net\u00e9t, szem\u00e9lyes t\u00f6rt\u00e9neteket, eml\u00e9keket gy\u0171jt\u00f6tt. E gy\u0171jt\u0151munka eredm\u00e9nyek\u00e9nt nyitotta meg a falu els\u0151 m\u00fazeum\u00e1t 1961-ben a ma m\u00e1r nem l\u00e9tez\u0151 P\u00e9nzes-h\u00e1zban a falu sz\u00e9l\u00e9n, illetve az \u0151 kezdem\u00e9nyez\u00e9s\u00e9re j\u00f6tt l\u00e9tre a Honismereti Szakk\u00f6r is.<\/p>\n\n\n\n<p>1993. okt\u00f3ber\u00e9ben \u0151 kapta meg els\u0151k\u00e9nt a Pro Urbe Szigetszentmikl\u00f3s kit\u00fcntet\u00e9st az \u00f6nkorm\u00e1nyzatt\u00f3l.<\/p>","protected":false},"excerpt":{"rendered":"<p>31 \u00e9ve, 1991. febru\u00e1r 26-\u00e1n hunyt el Csiba Jol\u00e1n tan\u00e1rn\u0151, az els\u0151 falum\u00fazeum l\u00e9trehoz\u00f3ja, a Honismereti Szakk\u00f6r alap\u00edt\u00f3ja. 1920-ban sz\u00fcletett a Csall\u00f3k\u00f6zben, 1947-ben n\u00e9piskolai tan\u00edt\u00f3k\u00e9nt ker\u00fclt Szigetszentmikl\u00f3sra. Magyartan\u00e1ri diplom\u00e1t szerzett, \u00e9s eg\u00e9szen 1976-ig tan\u00edtott a faluban. K\u00f6zben szenved\u00e9llyel kutatta a falu t\u00f6rt\u00e9net\u00e9t, szem\u00e9lyes t\u00f6rt\u00e9neteket, eml\u00e9keket gy\u0171jt\u00f6tt. E gy\u0171jt\u0151munka eredm\u00e9nyek\u00e9nt nyitotta meg a falu els\u0151 m\u00fazeum\u00e1t [&hellip;]<\/p>","protected":false},"author":1,"featured_media":1018,"comment_status":"open","ping_status":"open","sticky":false,"template":"","format":"standard","meta":{"ub_ctt_via":"","ocean_post_layout":"","ocean_both_sidebars_style":"","ocean_both_sidebars_content_width":0,"ocean_both_sidebars_sidebars_width":0,"ocean_sidebar":"0","ocean_second_sidebar":"0","ocean_disable_margins":"enable","ocean_add_body_class":"","ocean_shortcode_before_top_bar":"","ocean_shortcode_after_top_bar":"","ocean_shortcode_before_header":"","ocean_shortcode_after_header":"","ocean_has_shortcode":"","ocean_shortcode_after_title":"","ocean_shortcode_before_footer_widgets":"","ocean_shortcode_after_footer_widgets":"","ocean_shortcode_before_footer_bottom":"","ocean_shortcode_after_footer_bottom":"","ocean_display_top_bar":"default","ocean_display_header":"default","ocean_header_style":"","ocean_center_header_left_menu":"0","ocean_custom_header_template":"0","ocean_custom_logo":0,"ocean_custom_retina_logo":0,"ocean_custom_logo_max_width":0,"ocean_custom_logo_tablet_max_width":0,"ocean_custom_logo_mobile_max_width":0,"ocean_custom_logo_max_height":0,"ocean_custom_logo_tablet_max_height":0,"ocean_custom_logo_mobile_max_height":0,"ocean_header_custom_menu":"0","ocean_menu_typo_font_family":"0","ocean_menu_typo_font_subset":"","ocean_menu_typo_font_size":0,"ocean_menu_typo_font_size_tablet":0,"ocean_menu_typo_font_size_mobile":0,"ocean_menu_typo_font_size_unit":"px","ocean_menu_typo_font_weight":"","ocean_menu_typo_font_weight_tablet":"","ocean_menu_typo_font_weight_mobile":"","ocean_menu_typo_transform":"","ocean_menu_typo_transform_tablet":"","ocean_menu_typo_transform_mobile":"","ocean_menu_typo_line_height":0,"ocean_menu_typo_line_height_tablet":0,"ocean_menu_typo_line_height_mobile":0,"ocean_menu_typo_line_height_unit":"","ocean_menu_typo_spacing":0,"ocean_menu_typo_spacing_tablet":0,"ocean_menu_typo_spacing_mobile":0,"ocean_menu_typo_spacing_unit":"","ocean_menu_link_color":"","ocean_menu_link_color_hover":"","ocean_menu_link_color_active":"","ocean_menu_link_background":"","ocean_menu_link_hover_background":"","ocean_menu_link_active_background":"","ocean_menu_social_links_bg":"","ocean_menu_social_hover_links_bg":"","ocean_menu_social_links_color":"","ocean_menu_social_hover_links_color":"","ocean_disable_title":"default","ocean_disable_heading":"default","ocean_post_title":"","ocean_post_subheading":"","ocean_post_title_style":"","ocean_post_title_background_color":"","ocean_post_title_background":0,"ocean_post_title_bg_image_position":"","ocean_post_title_bg_image_attachment":"","ocean_post_title_bg_image_repeat":"","ocean_post_title_bg_image_size":"","ocean_post_title_height":0,"ocean_post_title_bg_overlay":0.5,"ocean_post_title_bg_overlay_color":"","ocean_disable_breadcrumbs":"default","ocean_breadcrumbs_color":"","ocean_breadcrumbs_separator_color":"","ocean_breadcrumbs_links_color":"","ocean_breadcrumbs_links_hover_color":"","ocean_display_footer_widgets":"default","ocean_display_footer_bottom":"default","ocean_custom_footer_template":"0","ocean_post_oembed":"","ocean_post_self_hosted_media":"","ocean_post_video_embed":"","ocean_link_format":"","ocean_link_format_target":"self","ocean_quote_format":"","ocean_quote_format_link":"post","ocean_gallery_link_images":"off","ocean_gallery_id":[],"footnotes":""},"categories":[11],"tags":[22,25],"class_list":["post-1017","post","type-post","status-publish","format-standard","has-post-thumbnail","hentry","category-blog","tag-evfordulo","tag-helytorteneti-gyujtemeny","entry","has-media"],"featured_image_src":"https:\/\/miklosimuzeum.hu\/wp-content\/uploads\/2022\/08\/26-1.jpg","author_info":{"display_name":"Miss N\u00e1ndor","author_link":"https:\/\/miklosimuzeum.hu\/en\/author\/admin\/"},"rttpg_featured_image_url":{"full":["https:\/\/miklosimuzeum.hu\/wp-content\/uploads\/2022\/08\/26-1.jpg",1005,1442,false],"landscape":["https:\/\/miklosimuzeum.hu\/wp-content\/uploads\/2022\/08\/26-1.jpg",1005,1442,false],"portraits":["https:\/\/miklosimuzeum.hu\/wp-content\/uploads\/2022\/08\/26-1.jpg",1005,1442,false],"thumbnail":["https:\/\/miklosimuzeum.hu\/wp-content\/uploads\/2022\/08\/26-1-150x150.jpg",150,150,true],"medium":["https:\/\/miklosimuzeum.hu\/wp-content\/uploads\/2022\/08\/26-1-209x300.jpg",209,300,true],"large":["https:\/\/miklosimuzeum.hu\/wp-content\/uploads\/2022\/08\/26-1.jpg",1005,1442,false],"1536x1536":["https:\/\/miklosimuzeum.hu\/wp-content\/uploads\/2022\/08\/26-1.jpg",1005,1442,false],"2048x2048":["https:\/\/miklosimuzeum.hu\/wp-content\/uploads\/2022\/08\/26-1.jpg",1005,1442,false],"trp-custom-language-flag":["https:\/\/miklosimuzeum.hu\/wp-content\/uploads\/2022\/08\/26-1.jpg",8,12,false],"ocean-thumb-m":["https:\/\/miklosimuzeum.hu\/wp-content\/uploads\/2022\/08\/26-1-600x600.jpg",600,600,true],"ocean-thumb-ml":["https:\/\/miklosimuzeum.hu\/wp-content\/uploads\/2022\/08\/26-1-800x450.jpg",800,450,true],"ocean-thumb-l":["https:\/\/miklosimuzeum.hu\/wp-content\/uploads\/2022\/08\/26-1-1005x700.jpg",1005,700,true]},"rttpg_author":{"display_name":"Miss N\u00e1ndor","author_link":"https:\/\/miklosimuzeum.hu\/en\/author\/admin\/"},"rttpg_comment":0,"rttpg_category":"<a href=\"https:\/\/miklosimuzeum.hu\/en\/category\/blog\/\" rel=\"category tag\">Blog<\/a>","rttpg_excerpt":"31 \u00e9ve, 1991. febru\u00e1r 26-\u00e1n hunyt el Csiba Jol\u00e1n tan\u00e1rn\u0151, az els\u0151 falum\u00fazeum l\u00e9trehoz\u00f3ja, a Honismereti Szakk\u00f6r alap\u00edt\u00f3ja. 1920-ban sz\u00fcletett a Csall\u00f3k\u00f6zben, 1947-ben n\u00e9piskolai tan\u00edt\u00f3k\u00e9nt ker\u00fclt Szigetszentmikl\u00f3sra. Magyartan\u00e1ri diplom\u00e1t szerzett, \u00e9s eg\u00e9szen 1976-ig tan\u00edtott a faluban. K\u00f6zben szenved\u00e9llyel kutatta a falu t\u00f6rt\u00e9net\u00e9t, szem\u00e9lyes t\u00f6rt\u00e9neteket, eml\u00e9keket gy\u0171jt\u00f6tt. E gy\u0171jt\u0151munka eredm\u00e9nyek\u00e9nt nyitotta meg a falu els\u0151 m\u00fazeum\u00e1t&hellip;","_links":{"self":[{"href":"https:\/\/miklosimuzeum.hu\/en\/wp-json\/wp\/v2\/posts\/1017","targetHints":{"allow":["GET"]}}],"collection":[{"href":"https:\/\/miklosimuzeum.hu\/en\/wp-json\/wp\/v2\/posts"}],"about":[{"href":"https:\/\/miklosimuzeum.hu\/en\/wp-json\/wp\/v2\/types\/post"}],"author":[{"embeddable":true,"href":"https:\/\/miklosimuzeum.hu\/en\/wp-json\/wp\/v2\/users\/1"}],"replies":[{"embeddable":true,"href":"https:\/\/miklosimuzeum.hu\/en\/wp-json\/wp\/v2\/comments?post=1017"}],"version-history":[{"count":1,"href":"https:\/\/miklosimuzeum.hu\/en\/wp-json\/wp\/v2\/posts\/1017\/revisions"}],"predecessor-version":[{"id":1019,"href":"https:\/\/miklosimuzeum.hu\/en\/wp-json\/wp\/v2\/posts\/1017\/revisions\/1019"}],"wp:featuredmedia":[{"embeddable":true,"href":"https:\/\/miklosimuzeum.hu\/en\/wp-json\/wp\/v2\/media\/1018"}],"wp:attachment":[{"href":"https:\/\/miklosimuzeum.hu\/en\/wp-json\/wp\/v2\/media?parent=1017"}],"wp:term":[{"taxonomy":"category","embeddable":true,"href":"https:\/\/miklosimuzeum.hu\/en\/wp-json\/wp\/v2\/categories?post=1017"},{"taxonomy":"post_tag","embeddable":true,"href":"https:\/\/miklosimuzeum.hu\/en\/wp-json\/wp\/v2\/tags?post=1017"}],"curies":[{"name":"wp","href":"https:\/\/api.w.org\/{rel}","templated":true}]}}